{"id":3589,"date":"2025-12-03T18:34:54","date_gmt":"2025-12-03T18:34:54","guid":{"rendered":"https:\/\/rosstylepro.com\/?p=3589"},"modified":"2025-12-03T18:35:24","modified_gmt":"2025-12-03T18:35:24","slug":"nuevas-fechas-de-pago-bienestar-2","status":"publish","type":"post","link":"https:\/\/rosstylepro.com\/cs\/3589\/nuevas-fechas-de-pago-bienestar-2\/","title":{"rendered":"Nov\u00e1 data plateb Soci\u00e1ln\u00ed p\u00e9\u010de"},"content":{"rendered":"<p>Kdy\u017e jste z\u00e1visl\u00ed na <strong>Soci\u00e1ln\u00ed d\u016fchod<\/strong> nebo soci\u00e1ln\u00ed programy na dopln\u011bn\u00ed potravin, \u00fahradu l\u00e9k\u016f nebo podporu rodiny, <strong>Nov\u00e9 term\u00edny pro vypl\u00e1cen\u00ed soci\u00e1ln\u00edch d\u00e1vek<\/strong> Nejsou to jen dal\u0161\u00ed vl\u00e1dn\u00ed ozn\u00e1men\u00ed: jsou to den, kdy v\u00e1\u0161 m\u011bs\u00edc bu\u010f za\u010d\u00edn\u00e1, nebo kon\u010d\u00ed. <\/p>\n\n\n\n<p>Mal\u00e1 zm\u011bna v kalend\u00e1\u0159i m\u016f\u017ee znamenat klidn\u00e9 dosa\u017een\u00ed konce dvoum\u011bs\u00ed\u010dn\u00edho obdob\u00ed\u2026 nebo str\u00e1ven\u00ed t\u00fddn\u016f \u017e\u00e1dost\u00ed o \u00fav\u011br, proto\u017ee z\u00e1loha nedorazila v o\u010dek\u00e1van\u00e9m term\u00ednu.<\/p>\n\n\n\n<p><\/p>\n\n\n\n<p><\/p>\n\n\n\n<p><\/p>\n\n\n\n<p><\/p>\n\n\n\n<p>V roce 2025 Ministerstvo soci\u00e1ln\u00edch v\u011bc\u00ed znovu vydalo <strong>ofici\u00e1ln\u00ed spl\u00e1tkov\u00fd kalend\u00e1\u0159<\/strong> dvoum\u011bs\u00ed\u010dn\u011b, p\u0159i\u010dem\u017e se zachov\u00e1v\u00e1 vzorec rozd\u011blov\u00e1n\u00ed pen\u011bz do \u0161irok\u00e9ho rozmez\u00ed dn\u016f a podle p\u0159\u00edjmen\u00ed. Nap\u0159\u00edklad dvoum\u011bs\u00ed\u010dn\u00ed platba listopad-prosinec se prov\u00e1d\u00ed z <strong>3.\u201327. listopadu<\/strong>, a je to posledn\u00ed vklad roku na d\u016fchody a programy, jako jsou Senio\u0159i, Osoby se zdravotn\u00edm posti\u017een\u00edm, Soci\u00e1ln\u00ed p\u00e9\u010de o \u017eeny a Pracuj\u00edc\u00ed matky.<\/p>\n\n\n\n<p>Probl\u00e9m je v tom, \u017ee mnoho lid\u00ed vid\u00ed pouze fr\u00e1zi \u201eplatby ji\u017e za\u010daly\u201c a nekontroluj\u00ed si podrobnosti o skute\u010dn\u00e9m datu platby. Tento rozd\u00edl mezi obecn\u00fdm \u010dasov\u00fdm r\u00e1mcem a konkr\u00e9tn\u00edm datem vytv\u00e1\u0159\u00ed zmatek, zbyte\u010dn\u00e9 fronty a spoustu \u00fazkosti. Proto je pochopen\u00ed toho, jak jsou tyto [platby] uspo\u0159\u00e1d\u00e1ny, z\u00e1sadn\u00ed. <strong>Nov\u00e9 term\u00edny pro vypl\u00e1cen\u00ed soci\u00e1ln\u00edch d\u00e1vek<\/strong> Je to nal\u00e9hav\u00e9, pokud chcete p\u0159estat \u017e\u00edt ka\u017ed\u00e9 dva m\u011bs\u00edce za druh\u00fdm a \u010dekat na f\u00e1my.<\/p>\n\n\n\n<p><\/p>\n\n\n\n<p><\/p>\n\n\n\n<p><\/p>\n\n\n\n<p><\/p>\n\n\n\n<h3 class=\"wp-block-heading\">Co je nov\u00e9ho v kalend\u00e1\u0159i wellness<\/h3>\n\n\n\n<p>Ministerstvo soci\u00e1ln\u00edch v\u011bc\u00ed ka\u017edoro\u010dn\u011b zve\u0159ej\u0148uje dvoum\u011bs\u00ed\u010dn\u00ed kalend\u00e1\u0159 s p\u0159ibli\u017en\u00fdmi term\u00edny v\u00fdplat d\u016fchod\u016f a dal\u0161\u00edch program\u016f. V roce 2025 byl zachov\u00e1n dvoum\u011bs\u00ed\u010dn\u00ed harmonogram vklad\u016f, po\u010d\u00ednaje lednovou platbou (odpov\u00eddaj\u00edc\u00ed prvn\u00edmu dvoum\u011bs\u00ed\u010dn\u00edmu obdob\u00ed roku) a pokra\u010duj\u00edc\u00ed relativn\u011b pravideln\u00fdm tempem v n\u00e1sleduj\u00edc\u00edch dvoum\u011bs\u00ed\u010dn\u00edch obdob\u00edch.<\/p>\n\n\n\n<p>Co se m\u011bn\u00ed a generuje titulky o \u201enov\u00fdch datech plateb\u201c, jsou hlavn\u011b t\u0159i v\u011bci:<\/p>\n\n\n\n<ul>\n<li>P\u0159esn\u00fd rozsah dn\u016f pro ka\u017ed\u00e9 dvoum\u011bs\u00ed\u010dn\u00ed obdob\u00ed.<\/li>\n\n\n\n<li>Uspo\u0159\u00e1d\u00e1n\u00ed podle p\u0159\u00edjmen\u00ed v r\u00e1mci t\u011bchto rozsah\u016f.<\/li>\n\n\n\n<li>Zvl\u00e1\u0161tn\u00ed \u00fapravy v d\u016fsledku volebn\u00edch, provozn\u00edch nebo pov\u011btrnostn\u00edch probl\u00e9m\u016f, kter\u00e9 mohou platby p\u0159esunout na p\u0159ed\u010dasn\u00fd nebo koncentrovan\u00fd term\u00edn v ur\u010dit\u00fdch m\u011bs\u00edc\u00edch.<\/li>\n<\/ul>\n\n\n\n<p>Nap\u0159\u00edklad v roce 2025 bylo obdob\u00ed z\u00e1\u0159\u00ed-\u0159\u00edjen placeno z <strong>1.\u201325. z\u00e1\u0159\u00ed<\/strong>zat\u00edmco obdob\u00ed listopadu a prosince je soust\u0159ed\u011bno na <strong>3.\u201327. listopadu<\/strong>V obou p\u0159\u00edpadech pen\u00edze p\u0159ich\u00e1zej\u00ed prost\u0159ednictv\u00edm <strong>Banco del Bienestar<\/strong>, p\u0159\u00edmo na kartu, a ne v\u0161e ve stejn\u00fd den.<\/p>\n\n\n\n<p>V\u011bdom\u00ed, \u017ee platba spad\u00e1 do ur\u010dit\u00e9ho rozmez\u00ed, pom\u00e1h\u00e1, ale nesta\u010d\u00ed: ve skute\u010dnosti pot\u0159ebujete pochopit, jak je toto rozmez\u00ed rozd\u011bleno mezi miliony p\u0159\u00edjemc\u016f.<\/p>\n\n\n\n<h3 class=\"wp-block-heading\">Jak jsou nov\u00e1 data rozd\u011blena podle p\u0159\u00edjmen\u00ed?<\/h3>\n\n\n\n<p>Nejprakti\u010dt\u011bj\u0161\u00edm zp\u016fsobem, jak m\u016f\u017ee soci\u00e1ln\u00ed p\u00e9\u010de organizovat miliony lid\u00ed, je vyu\u017e\u00edt <strong>prvn\u00ed p\u00edsmeno k\u0159estn\u00edho p\u0159\u00edjmen\u00ed<\/strong> jako filtr. Toto nen\u00ed nic nov\u00e9ho, ale upravuje se to ka\u017ed\u00e9 dva m\u011bs\u00edce: jsou p\u0159i\u0159azeny dny pro A, B, C, dal\u0161\u00ed pro D, E, F atd. a\u017e do Z. Toto uspo\u0159\u00e1d\u00e1n\u00ed se m\u00edrn\u011b li\u0161\u00ed v z\u00e1vislosti na st\u00e1t\u011b a programu, ale \u0159\u00edd\u00ed se stejnou obecnou logikou.<\/p>\n\n\n\n<p>Pro vizualizaci si p\u0159edstavte zjednodu\u0161en\u00e9 sch\u00e9ma, jako je toto (nen\u00ed to ofici\u00e1ln\u00ed kalend\u00e1\u0159, ale odr\u00e1\u017e\u00ed vzorec, kter\u00fd se opakuje v mnoha ozn\u00e1men\u00edch):<\/p>\n\n\n\n<figure class=\"wp-block-table\"><table><thead><tr><th>Inici\u00e1la prvn\u00edho p\u0159\u00edjmen\u00ed<\/th><th>Typick\u00e1 doba v r\u00e1mci platebn\u00edho obdob\u00ed<\/th><\/tr><\/thead><tbody><tr><td>A \u2013 D<\/td><td>Prvn\u00ed dny ofici\u00e1ln\u00ed hodnosti<\/td><\/tr><tr><td>V \u2013 V<\/td><td>Prvn\u00ed mezi\u010d\u00e1st<\/td><\/tr><tr><td>J\u00e1 \u2013 M<\/td><td>V polovin\u011b kalend\u00e1\u0159e<\/td><\/tr><tr><td>S \u2013 R<\/td><td>Druh\u00e1 mezi\u010d\u00e1st<\/td><\/tr><tr><td>S \u2013 Z<\/td><td>Ukon\u010den\u00ed platebn\u00edho obdob\u00ed<\/td><\/tr><\/tbody><\/table><\/figure>\n\n\n\n<p>V praxi to znamen\u00e1, \u017ee dva lid\u00e9 ve stejn\u00e9 \u010dtvrti se stejn\u00fdm d\u016fchodem mohou dostat sv\u016fj vklad s odstupem n\u011bkolika dn\u016f jen proto, \u017ee maj\u00ed r\u016fzn\u00e1 p\u0159\u00edjmen\u00ed. Pokud se spol\u00e9h\u00e1te na mentalitu \u201em\u016fj soused u\u017e to m\u00e1\u201c, t\u00e9m\u011b\u0159 jist\u011b budete trp\u011bt v\u00edce, ne\u017e byste m\u011bli.<\/p>\n\n\n\n<p>Ten\/Ta\/To <strong>Nov\u00e9 term\u00edny pro vypl\u00e1cen\u00ed soci\u00e1ln\u00edch d\u00e1vek<\/strong> Informace o ka\u017ed\u00e9m semestru jsou v\u017edy doprov\u00e1zeny podrobnou tabulkou uspo\u0159\u00e1danou podle p\u0159\u00edjmen\u00ed. Va\u0161\u00edm prvn\u00edm \u00fakolem poka\u017ed\u00e9, kdy\u017e je ozn\u00e1men nov\u00fd semestr, by m\u011blo b\u00fdt naj\u00edt danou tabulku, naj\u00edt sv\u00e9 p\u00edsmeno a zapsat si sv\u016fj den, ne den v\u0161ech ostatn\u00edch.<\/p>\n\n\n\n<h3 class=\"wp-block-heading\">Kter\u00e9 programy jsou v t\u011bchto nov\u00fdch term\u00ednech splatn\u00e9?<\/h3>\n\n\n\n<p>Kdy\u017e se oznamuj\u00ed term\u00edny v\u00fdplat, nejde jen o d\u016fchod, ale o cel\u00fd bal\u00ed\u010dek. <strong>Soci\u00e1ln\u00ed programy<\/strong> kter\u00e9 jsou vypl\u00e1ceny sou\u010dasn\u011b. V posledn\u00edch dvoum\u011bs\u00ed\u010dn\u00edch obdob\u00edch se platov\u00e9 rozsahy pohybovaly mimo jin\u00e9 takto:<\/p>\n\n\n\n<ul>\n<li>D\u016fchod pro blaho star\u0161\u00edch dosp\u011bl\u00fdch.<\/li>\n\n\n\n<li>D\u016fchod pro osoby se zdravotn\u00edm posti\u017een\u00edm.<\/li>\n\n\n\n<li>\u017densk\u00fd d\u016fchod (pro \u017eeny ve v\u011bku 60 a\u017e 64 let s podporou 3 000 pesos ka\u017ed\u00e9 dva m\u011bs\u00edce).<\/li>\n\n\n\n<li>Podpora d\u011bt\u00ed pracuj\u00edc\u00edch matek.<\/li>\n<\/ul>\n\n\n\n<p>D\u016fchody pro seniory budou v roce 2025 vypl\u00e1ceny s... <strong>6 200 pesos ka\u017ed\u00e9 dva m\u011bs\u00edce<\/strong>, osoby se zdravotn\u00edm posti\u017een\u00edm <strong>3 200 pesos<\/strong>, zat\u00edmco program Women&#039;s Wellbeing p\u0159in\u00e1\u0161\u00ed <strong>3 000 pesos<\/strong> za dvoum\u011bs\u00ed\u010dn\u00ed obdob\u00ed a podpora pro pracuj\u00edc\u00ed matky se pohybuje od <strong>1 650 pesos<\/strong> odte\u010f, jak bude.<\/p>\n\n\n\n<p>V\u0161echny tyto platby p\u0159ich\u00e1zej\u00ed ve stejn\u00fdch platebn\u00edch intervalech, ale ne nutn\u011b ve stejn\u00fd den pro ka\u017ed\u00e9ho p\u0159\u00edjemce. Proto kdy\u017e usly\u0161\u00edte \u201ed\u00e1vky soci\u00e1ln\u00edch d\u00e1vek za\u010daly\u201c, nezapome\u0148te, \u017ee se to t\u00fdk\u00e1 n\u011bkolika program\u016f a mnoha p\u0159\u00edjmen\u00ed rozlo\u017een\u00fdch do r\u016fzn\u00fdch t\u00fddn\u016f.<\/p>\n\n\n\n<h3 class=\"wp-block-heading\">Co se stane s t\u011bmi, kte\u0159\u00ed se ned\u00e1vno zaregistrovali?<\/h3>\n\n\n\n<p>Dal\u0161\u00ed \u010dast\u00e1 ot\u00e1zka, kdy\u017e vyjdou <strong>Nov\u00e9 term\u00edny pro vypl\u00e1cen\u00ed soci\u00e1ln\u00edch d\u00e1vek<\/strong> Ot\u00e1zka zn\u00ed: \u201eZaregistroval jsem se v srpnu, obdr\u017e\u00edm platbu v tomto faktura\u010dn\u00edm obdob\u00ed?\u201c Odpov\u011b\u010f t\u00e9m\u011b\u0159 v\u017edy zn\u00ed, \u017ee nov\u011b registrovan\u00ed u\u017eivatel\u00e9 mus\u00ed po\u010dkat, a\u017e bude jejich karta Banco del Bienestar p\u0159ipravena a aktivov\u00e1na, ne\u017e obdr\u017e\u00ed sv\u016fj prvn\u00ed vklad.<\/p>\n\n\n\n<p>Ve dvoum\u011bs\u00ed\u010dn\u00edch obdob\u00edch roku 2025 se opakovala stejn\u00e1 zpr\u00e1va: ti, kte\u0159\u00ed se zaregistrovali v posledn\u00edm obdob\u00ed, se v registru objevuj\u00ed, ale <strong>Nedostanou zaplaceno hned<\/strong>Nejprve obdr\u017e\u00ed kartu a pot\u00e9 zadaj\u00ed dal\u0161\u00ed platebn\u00ed pl\u00e1n.<\/p>\n\n\n\n<p>To bylo velmi patrn\u00e9 v p\u0159\u00edpad\u011b <strong>Blaho \u017een<\/strong>kde nov\u00ed p\u0159\u00edjemci ve v\u011bku 60 a\u017e 62 let, kte\u0159\u00ed se zaregistrovali v srpnu, za\u010dali dost\u00e1vat platby v konkr\u00e9tn\u00edch term\u00ednech ozn\u00e1men\u00fdch pozd\u011bji, rovn\u011b\u017e rozd\u011blen\u00fdch podle p\u0159\u00edjmen\u00ed.<\/p>\n\n\n\n<p>Pokud jste se vy nebo \u010dlen va\u0161\u00ed rodiny pr\u00e1v\u011b zaregistrovali, je nejlep\u0161\u00ed zkontrolovat:<\/p>\n\n\n\n<ul>\n<li>Pokud ji\u017e doru\u010dili kartu Banco del Bienestar.<\/li>\n\n\n\n<li>Pokud se data v modulech nebo na link\u00e1ch pomoci zobrazuj\u00ed spr\u00e1vn\u011b.<\/li>\n<\/ul>\n\n\n\n<p>Teprve pot\u00e9 m\u00e1 smysl se zab\u00fdvat p\u0159esn\u00fdm datem prvn\u00edho vkladu.<\/p>\n\n\n\n<h3 class=\"wp-block-heading\">Jak si ov\u011b\u0159it rande, ani\u017e byste se spol\u00e9hali na f\u00e1my<\/h3>\n\n\n\n<p>Ten\/Ta\/To <strong>Nov\u00e9 term\u00edny pro vypl\u00e1cen\u00ed soci\u00e1ln\u00edch d\u00e1vek<\/strong> V\u017edy jsou zve\u0159ej\u0148ov\u00e1ny jako prvn\u00ed na ofici\u00e1ln\u00edch kan\u00e1lech: v tiskov\u00fdch zpr\u00e1v\u00e1ch ministerstva soci\u00e1ln\u00edch v\u011bc\u00ed, na vl\u00e1dn\u00edch webov\u00fdch str\u00e1nk\u00e1ch a ov\u011b\u0159en\u00fdch \u00fa\u010dtech na soci\u00e1ln\u00edch s\u00edt\u00edch. N\u011bkter\u00e9 st\u00e1ty sd\u00edlej\u00ed informace tak\u00e9 na m\u00edstn\u00edch webov\u00fdch str\u00e1nk\u00e1ch, jako nap\u0159\u00edklad st\u00e1t Mexiko se specifick\u00fdm platebn\u00edm harmonogramem a \u010d\u00e1stkami pro sv\u00e9 d\u016fchodce.<\/p>\n\n\n\n<p>Nejbezpe\u010dn\u011bj\u0161\u00ed je v\u017edy dodr\u017eovat tyto kroky:<\/p>\n\n\n\n<ol>\n<li>Viz ofici\u00e1ln\u00ed prohl\u00e1\u0161en\u00ed za dvoum\u011bs\u00ed\u010dn\u00ed obdob\u00ed (gob.mx\/bienestar nebo st\u00e1tn\u00ed port\u00e1ly).<\/li>\n\n\n\n<li>Vyhledejte tabulku podle p\u00edsmene p\u0159\u00edjmen\u00ed pro v\u00e1\u0161 konkr\u00e9tn\u00ed program.<\/li>\n\n\n\n<li>V p\u0159\u00edpad\u011b pot\u0159eby si to ov\u011b\u0159te v modulu soci\u00e1ln\u00edho zabezpe\u010den\u00ed nebo na st\u00e1tn\u00ed lince pomoci.<\/li>\n<\/ol>\n\n\n\n<p>Jak\u00e1koli zpr\u00e1va na WhatsAppu, video na TikToku nebo p\u0159\u00edsp\u011bvek na soci\u00e1ln\u00edch s\u00edt\u00edch, kter\u00e9 zmi\u0148uj\u00ed zm\u011bny data, ale nejsou v souladu s ofici\u00e1ln\u00edmi kan\u00e1ly, by m\u011bly b\u00fdt br\u00e1ny se skepticismem. V posledn\u00edch m\u011bs\u00edc\u00edch kolovaly zv\u011bsti o \u00fadajn\u00fdch dodate\u010dn\u00fdch platb\u00e1ch, speci\u00e1ln\u00edch bonusech nebo dvojn\u00e1sobn\u00fdch vkladech, kter\u00e9 samotn\u00e9 ministerstvo pop\u0159elo.<\/p>\n\n\n\n<p>Va\u0161e stabilita nem\u016f\u017ee z\u00e1viset na anonymn\u00ed zvukov\u00e9 nahr\u00e1vce. Poka\u017ed\u00e9, kdy\u017e kv\u016fli drb\u016fm zm\u011bn\u00edte sv\u00e9 pl\u00e1ny, riskujete, \u017ee utrat\u00edte p\u0159\u00edli\u0161 brzy nebo zme\u0161k\u00e1te platby v domn\u011bn\u00ed, \u017ee pen\u00edze p\u0159ijdou z\u00edtra... i kdy\u017e ve skute\u010dnosti jsou splatn\u00e9 p\u0159\u00ed\u0161t\u00ed t\u00fdden.<\/p>\n\n\n\n<h3 class=\"wp-block-heading\">Co d\u011blat, kdy\u017e v\u00e1m p\u0159ijde term\u00edn a vy nevid\u00edte z\u00e1lohu<\/h3>\n\n\n\n<p>I s kalend\u00e1\u0159em v ruce se m\u016f\u017ee st\u00e1t, \u017ee nastane den platby, zkontrolujete z\u016fstatek a vklad nevid\u00edte. Ne\u017e za\u010dnete panika\u0159it, je dobr\u00e9 si p\u0159ipomenout, jak funguj\u00ed rozptyly:<\/p>\n\n\n\n<ul>\n<li>Vklady se prov\u00e1d\u011bj\u00ed b\u011bhem cel\u00e9ho dne, ne nutn\u011b brzy r\u00e1no.<\/li>\n\n\n\n<li>Pen\u00edze jdou p\u0159\u00edmo do <strong>Karta Welfare Bank<\/strong>Nen\u00ed t\u0159eba chodit k pokladn\u011b v ten sam\u00fd den; finan\u010dn\u00ed prost\u0159edky z\u016fstanou na \u00fa\u010dtu v bezpe\u010d\u00ed, dokud si je nevyberete.<\/li>\n<\/ul>\n\n\n\n<p>Pokud se va\u0161e platba do konce dne st\u00e1le neobjevila:<\/p>\n\n\n\n<ol>\n<li>Zkontrolujte si znovu, zda se va\u0161e p\u0159\u00edjmen\u00ed a v\u00e1\u0161 program shoduj\u00ed s datem, o kter\u00e9m jste si mysleli.<\/li>\n\n\n\n<li>Ov\u011b\u0159te, zda do\u0161lo k n\u011bjak\u00fdm technick\u00fdm poruch\u00e1m nebo k \u00faprav\u00e1m na posledn\u00ed chv\u00edli.<\/li>\n\n\n\n<li>P\u0159ejd\u011bte do modulu Soci\u00e1ln\u00ed p\u00e9\u010de nebo zavolejte na ofici\u00e1ln\u00ed linku a m\u011bjte u sebe sv\u016fj CURP, kartu a doklad toto\u017enosti.<\/li>\n<\/ol>\n\n\n\n<p>D\u016fle\u017eit\u00e9 je nep\u016fj\u010dovat kartu ani PIN nikomu, kdo nab\u00edz\u00ed \u201ekontrolu\u201c va\u0161eho \u00fa\u010dtu, ani platit \u00fadajn\u00fdm agent\u016fm, kte\u0159\u00ed slibuj\u00ed rychlej\u0161\u00ed uvoln\u011bn\u00ed va\u0161eho vkladu. Nikdo mimo soci\u00e1ln\u00ed odd\u011blen\u00ed a banku tuto pravomoc nem\u00e1.<\/p>\n\n\n<div class=\"wp-block-image\">\n<figure class=\"aligncenter size-full\"><img fetchpriority=\"high\" decoding=\"async\" width=\"550\" height=\"350\" src=\"https:\/\/rosstylepro.com\/wp-content\/uploads\/sites\/137\/2025\/12\/Design-sem-nome.png\" alt=\"Nuevas fechas de pago Bienestar\" class=\"wp-image-3590\" srcset=\"https:\/\/rosstylepro.com\/wp-content\/uploads\/sites\/137\/2025\/12\/Design-sem-nome.png 550w, https:\/\/rosstylepro.com\/wp-content\/uploads\/sites\/137\/2025\/12\/Design-sem-nome-300x191.png 300w, https:\/\/rosstylepro.com\/wp-content\/uploads\/sites\/137\/2025\/12\/Design-sem-nome-18x12.png 18w\" sizes=\"(max-width: 550px) 100vw, 550px\" \/><figcaption class=\"wp-element-caption\">Nov\u00e1 data plateb Soci\u00e1ln\u00ed p\u00e9\u010de<\/figcaption><\/figure><\/div>\n\n\n<h3 class=\"wp-block-heading\">Vyu\u017eijte nov\u00e1 data plateb k lep\u0161\u00edmu pl\u00e1nov\u00e1n\u00ed sv\u00e9ho m\u011bs\u00edce<\/h3>\n\n\n\n<p>V\u011bdom\u00ed toho, \u017ee dvoum\u011bs\u00ed\u010dn\u00ed platba bude provedena nap\u0159\u00edklad z <strong>3.\u201327. listopadu<\/strong> nebo z <strong>1.\u201325. z\u00e1\u0159\u00ed<\/strong> Nen\u00ed to jen z\u00e1bavn\u00fd fakt; je to n\u00e1stroj pro organizaci va\u0161ich v\u00fddaj\u016f. Pokud v\u00edte, \u017ee va\u0161e p\u0159\u00edjmen\u00ed spad\u00e1 obvykle na za\u010d\u00e1tek rozmez\u00ed, m\u016f\u017eete si v\u011bt\u0161\u00ed platby napl\u00e1novat kolem t\u011bchto dat. Pokud se va\u0161e p\u0159\u00edjmen\u00ed nach\u00e1z\u00ed na konci rozmez\u00ed, m\u011bli byste b\u00fdt v t\u00fddnech p\u0159ed n\u00edm s \u00fatratami je\u0161t\u011b opatrn\u011bj\u0161\u00ed.<\/p>\n\n\n\n<p>Jednoduch\u00fd zp\u016fsob, jak z\u00edskat kontrolu, je zaznamen\u00e1vat si ka\u017ed\u00e9 dva m\u011bs\u00edce p\u0159esn\u00e9 datum, kdy byl v\u00e1\u0161 vklad skute\u010dn\u011b p\u0159ips\u00e1n. Po n\u011bkolika cyklech budete m\u00edt sv\u016fj vlastn\u00ed osobn\u00ed z\u00e1znam <strong>Term\u00edny v\u00fdplat soci\u00e1ln\u00edch d\u00e1vek<\/strong>To v\u00e1m umo\u017en\u00ed:<\/p>\n\n\n\n<ul>\n<li>Aby se zjistilo, zda je \u201ezpo\u017ed\u011bn\u00ed\u201c v norm\u00e1ln\u00edm rozmez\u00ed, \u010di nikoli.<\/li>\n\n\n\n<li>Vyjedn\u00e1vejte s v\u011bt\u0161\u00ed jistotou s t\u011bmi, kte\u0159\u00ed vyb\u00edraj\u00ed n\u00e1jemn\u00e9, slu\u017eby nebo drobn\u00e9 dluhy.<\/li>\n\n\n\n<li>Lep\u0161\u00ed rozhodov\u00e1n\u00ed o tom, kdy prov\u00e1d\u011bt velk\u00e9 n\u00e1kupy nebo n\u00e1v\u0161t\u011bvy l\u00e9ka\u0159e.<\/li>\n<\/ul>\n\n\n\n<p>Nov\u00e9 term\u00edny plateb Bienestar se budou i nad\u00e1le ka\u017ed\u00fd rok m\u011bnit a p\u0159izp\u016fsobovat se volb\u00e1m, sv\u00e1tk\u016fm a provozn\u00edm detail\u016fm. Co by se nem\u011blo m\u011bnit, je v\u00e1\u0161 p\u0159\u00edstup k nim: s ofici\u00e1ln\u00edmi informacemi, uspo\u0159\u00e1dan\u00fdmi z\u00e1znamy a z\u00e1kladn\u00edm pl\u00e1nem, aby ka\u017ed\u00fd vklad nebyl jen chvilkov\u00fdm oddechem, ale sou\u010d\u00e1st\u00ed o n\u011bco organizovan\u011bj\u0161\u00edho \u017eivota.<\/p>","protected":false},"excerpt":{"rendered":"<p>Pokud se spol\u00e9h\u00e1te na soci\u00e1ln\u00ed d\u00e1vky nebo soci\u00e1ln\u00ed programy, abyste doplnili sp\u00ed\u017e, zaplatili l\u00e9ky nebo podpo\u0159ili rodinu, nejsou nov\u00e1 data v\u00fdplaty soci\u00e1ln\u00edch d\u00e1vek jen dal\u0161\u00edm vl\u00e1dn\u00edm ozn\u00e1men\u00edm: jsou dnem, kdy v\u00e1m za\u010d\u00edn\u00e1 nebo kon\u010d\u00ed m\u011bs\u00edc. Drobn\u00e1 zm\u011bna v kalend\u00e1\u0159i [...]<\/p>","protected":false},"author":128,"featured_media":3590,"comment_status":"closed","ping_status":"open","sticky":false,"template":"","format":"standard","meta":{"footnotes":""},"categories":[4],"tags":[55,1274,1275],"yoast_head":"<!-- This site is optimized with the Yoast SEO plugin v23.3 - https:\/\/yoast.com\/wordpress\/plugins\/seo\/ -->\n<title>Nuevas fechas de pago Bienestar<\/title>\n<meta name=\"description\" content=\"Nuevas fechas de pago Bienestar: lo que cambia y c\u00f3mo organizarte, Cuando dependes de la Pensi\u00f3n para el Bienestar o de los programas socia...\" \/>\n<meta name=\"robots\" content=\"index, follow, max-snippet:-1, max-image-preview:large, max-video-preview:-1\" \/>\n<link rel=\"canonical\" href=\"https:\/\/rosstylepro.com\/cs\/3589\/nuevas-fechas-de-pago-bienestar-2\/\" \/>\n<meta property=\"og:locale\" content=\"cs_CZ\" \/>\n<meta property=\"og:type\" content=\"article\" \/>\n<meta property=\"og:title\" content=\"Nuevas fechas de pago Bienestar\" \/>\n<meta property=\"og:description\" content=\"Nuevas fechas de pago Bienestar: lo que cambia y c\u00f3mo organizarte, Cuando dependes de la Pensi\u00f3n para el Bienestar o de los programas socia...\" \/>\n<meta property=\"og:url\" content=\"https:\/\/rosstylepro.com\/cs\/3589\/nuevas-fechas-de-pago-bienestar-2\/\" \/>\n<meta property=\"og:site_name\" content=\"RosstylePRO\" \/>\n<meta property=\"article:published_time\" content=\"2025-12-03T18:34:54+00:00\" \/>\n<meta property=\"article:modified_time\" content=\"2025-12-03T18:35:24+00:00\" \/>\n<meta property=\"og:image\" content=\"https:\/\/rosstylepro.com\/wp-content\/uploads\/sites\/137\/2025\/12\/Design-sem-nome.png\" \/>\n\t<meta property=\"og:image:width\" content=\"550\" \/>\n\t<meta property=\"og:image:height\" content=\"350\" \/>\n\t<meta property=\"og:image:type\" content=\"image\/png\" \/>\n<meta name=\"author\" content=\"wildron\" \/>\n<meta name=\"twitter:card\" content=\"summary_large_image\" \/>\n<meta name=\"twitter:label1\" content=\"Written by\" \/>\n\t<meta name=\"twitter:data1\" content=\"wildron\" \/>\n\t<meta name=\"twitter:label2\" content=\"Est. reading time\" \/>\n\t<meta name=\"twitter:data2\" content=\"10 minut\" \/>\n<script type=\"application\/ld+json\" class=\"yoast-schema-graph\">{\"@context\":\"https:\/\/schema.org\",\"@graph\":[{\"@type\":\"WebPage\",\"@id\":\"https:\/\/rosstylepro.com\/3589\/nuevas-fechas-de-pago-bienestar-2\/\",\"url\":\"https:\/\/rosstylepro.com\/3589\/nuevas-fechas-de-pago-bienestar-2\/\",\"name\":\"Nuevas fechas de pago Bienestar\",\"isPartOf\":{\"@id\":\"https:\/\/rosstylepro.com\/en\/#website\"},\"primaryImageOfPage\":{\"@id\":\"https:\/\/rosstylepro.com\/3589\/nuevas-fechas-de-pago-bienestar-2\/#primaryimage\"},\"image\":{\"@id\":\"https:\/\/rosstylepro.com\/3589\/nuevas-fechas-de-pago-bienestar-2\/#primaryimage\"},\"thumbnailUrl\":\"https:\/\/rosstylepro.com\/wp-content\/uploads\/sites\/137\/2025\/12\/Design-sem-nome.png\",\"datePublished\":\"2025-12-03T18:34:54+00:00\",\"dateModified\":\"2025-12-03T18:35:24+00:00\",\"author\":{\"@id\":\"https:\/\/rosstylepro.com\/en\/#\/schema\/person\/76055186668d83cd745fe9d37a5eec26\"},\"description\":\"Nuevas fechas de pago Bienestar: lo que cambia y c\u00f3mo organizarte, Cuando dependes de la Pensi\u00f3n para el Bienestar o de los programas socia...\",\"breadcrumb\":{\"@id\":\"https:\/\/rosstylepro.com\/3589\/nuevas-fechas-de-pago-bienestar-2\/#breadcrumb\"},\"inLanguage\":\"cs\",\"potentialAction\":[{\"@type\":\"ReadAction\",\"target\":[\"https:\/\/rosstylepro.com\/3589\/nuevas-fechas-de-pago-bienestar-2\/\"]}]},{\"@type\":\"ImageObject\",\"inLanguage\":\"cs\",\"@id\":\"https:\/\/rosstylepro.com\/3589\/nuevas-fechas-de-pago-bienestar-2\/#primaryimage\",\"url\":\"https:\/\/rosstylepro.com\/wp-content\/uploads\/sites\/137\/2025\/12\/Design-sem-nome.png\",\"contentUrl\":\"https:\/\/rosstylepro.com\/wp-content\/uploads\/sites\/137\/2025\/12\/Design-sem-nome.png\",\"width\":550,\"height\":350},{\"@type\":\"BreadcrumbList\",\"@id\":\"https:\/\/rosstylepro.com\/3589\/nuevas-fechas-de-pago-bienestar-2\/#breadcrumb\",\"itemListElement\":[{\"@type\":\"ListItem\",\"position\":1,\"name\":\"Home\",\"item\":\"https:\/\/rosstylepro.com\/\"},{\"@type\":\"ListItem\",\"position\":2,\"name\":\"Nuevas fechas de pago Bienestar\"}]},{\"@type\":\"WebSite\",\"@id\":\"https:\/\/rosstylepro.com\/en\/#website\",\"url\":\"https:\/\/rosstylepro.com\/en\/\",\"name\":\"RosstylePRO\",\"description\":\"\",\"potentialAction\":[{\"@type\":\"SearchAction\",\"target\":{\"@type\":\"EntryPoint\",\"urlTemplate\":\"https:\/\/rosstylepro.com\/en\/?s={search_term_string}\"},\"query-input\":\"required name=search_term_string\"}],\"inLanguage\":\"cs\"},{\"@type\":\"Person\",\"@id\":\"https:\/\/rosstylepro.com\/en\/#\/schema\/person\/76055186668d83cd745fe9d37a5eec26\",\"name\":\"wildron\",\"image\":{\"@type\":\"ImageObject\",\"inLanguage\":\"cs\",\"@id\":\"https:\/\/rosstylepro.com\/en\/#\/schema\/person\/image\/\",\"url\":\"https:\/\/secure.gravatar.com\/avatar\/c76514f6e618a9155e4cb169c8cb86d3?s=96&d=mm&r=g\",\"contentUrl\":\"https:\/\/secure.gravatar.com\/avatar\/c76514f6e618a9155e4cb169c8cb86d3?s=96&d=mm&r=g\",\"caption\":\"wildron\"},\"url\":\"https:\/\/rosstylepro.com\/cs\/author\/wildron\/\"}]}<\/script>\n<!-- \/ Yoast SEO plugin. -->","yoast_head_json":{"title":"Nuevas fechas de pago Bienestar","description":"Nuevas fechas de pago Bienestar: lo que cambia y c\u00f3mo organizarte, Cuando dependes de la Pensi\u00f3n para el Bienestar o de los programas socia...","robots":{"index":"index","follow":"follow","max-snippet":"max-snippet:-1","max-image-preview":"max-image-preview:large","max-video-preview":"max-video-preview:-1"},"canonical":"https:\/\/rosstylepro.com\/cs\/3589\/nuevas-fechas-de-pago-bienestar-2\/","og_locale":"cs_CZ","og_type":"article","og_title":"Nuevas fechas de pago Bienestar","og_description":"Nuevas fechas de pago Bienestar: lo que cambia y c\u00f3mo organizarte, Cuando dependes de la Pensi\u00f3n para el Bienestar o de los programas socia...","og_url":"https:\/\/rosstylepro.com\/cs\/3589\/nuevas-fechas-de-pago-bienestar-2\/","og_site_name":"RosstylePRO","article_published_time":"2025-12-03T18:34:54+00:00","article_modified_time":"2025-12-03T18:35:24+00:00","og_image":[{"width":550,"height":350,"url":"https:\/\/rosstylepro.com\/wp-content\/uploads\/sites\/137\/2025\/12\/Design-sem-nome.png","type":"image\/png"}],"author":"wildron","twitter_card":"summary_large_image","twitter_misc":{"Written by":"wildron","Est. reading time":"10 minut"},"schema":{"@context":"https:\/\/schema.org","@graph":[{"@type":"WebPage","@id":"https:\/\/rosstylepro.com\/3589\/nuevas-fechas-de-pago-bienestar-2\/","url":"https:\/\/rosstylepro.com\/3589\/nuevas-fechas-de-pago-bienestar-2\/","name":"Nuevas fechas de pago Bienestar","isPartOf":{"@id":"https:\/\/rosstylepro.com\/en\/#website"},"primaryImageOfPage":{"@id":"https:\/\/rosstylepro.com\/3589\/nuevas-fechas-de-pago-bienestar-2\/#primaryimage"},"image":{"@id":"https:\/\/rosstylepro.com\/3589\/nuevas-fechas-de-pago-bienestar-2\/#primaryimage"},"thumbnailUrl":"https:\/\/rosstylepro.com\/wp-content\/uploads\/sites\/137\/2025\/12\/Design-sem-nome.png","datePublished":"2025-12-03T18:34:54+00:00","dateModified":"2025-12-03T18:35:24+00:00","author":{"@id":"https:\/\/rosstylepro.com\/en\/#\/schema\/person\/76055186668d83cd745fe9d37a5eec26"},"description":"Nuevas fechas de pago Bienestar: lo que cambia y c\u00f3mo organizarte, Cuando dependes de la Pensi\u00f3n para el Bienestar o de los programas socia...","breadcrumb":{"@id":"https:\/\/rosstylepro.com\/3589\/nuevas-fechas-de-pago-bienestar-2\/#breadcrumb"},"inLanguage":"cs","potentialAction":[{"@type":"ReadAction","target":["https:\/\/rosstylepro.com\/3589\/nuevas-fechas-de-pago-bienestar-2\/"]}]},{"@type":"ImageObject","inLanguage":"cs","@id":"https:\/\/rosstylepro.com\/3589\/nuevas-fechas-de-pago-bienestar-2\/#primaryimage","url":"https:\/\/rosstylepro.com\/wp-content\/uploads\/sites\/137\/2025\/12\/Design-sem-nome.png","contentUrl":"https:\/\/rosstylepro.com\/wp-content\/uploads\/sites\/137\/2025\/12\/Design-sem-nome.png","width":550,"height":350},{"@type":"BreadcrumbList","@id":"https:\/\/rosstylepro.com\/3589\/nuevas-fechas-de-pago-bienestar-2\/#breadcrumb","itemListElement":[{"@type":"ListItem","position":1,"name":"Home","item":"https:\/\/rosstylepro.com\/"},{"@type":"ListItem","position":2,"name":"Nuevas fechas de pago Bienestar"}]},{"@type":"WebSite","@id":"https:\/\/rosstylepro.com\/en\/#website","url":"https:\/\/rosstylepro.com\/en\/","name":"RosstylePRO","description":"","potentialAction":[{"@type":"SearchAction","target":{"@type":"EntryPoint","urlTemplate":"https:\/\/rosstylepro.com\/en\/?s={search_term_string}"},"query-input":"required name=search_term_string"}],"inLanguage":"cs"},{"@type":"Person","@id":"https:\/\/rosstylepro.com\/en\/#\/schema\/person\/76055186668d83cd745fe9d37a5eec26","name":"wildron","image":{"@type":"ImageObject","inLanguage":"cs","@id":"https:\/\/rosstylepro.com\/en\/#\/schema\/person\/image\/","url":"https:\/\/secure.gravatar.com\/avatar\/c76514f6e618a9155e4cb169c8cb86d3?s=96&d=mm&r=g","contentUrl":"https:\/\/secure.gravatar.com\/avatar\/c76514f6e618a9155e4cb169c8cb86d3?s=96&d=mm&r=g","caption":"wildron"},"url":"https:\/\/rosstylepro.com\/cs\/author\/wildron\/"}]}},"_links":{"self":[{"href":"https:\/\/rosstylepro.com\/cs\/wp-json\/wp\/v2\/posts\/3589"}],"collection":[{"href":"https:\/\/rosstylepro.com\/cs\/wp-json\/wp\/v2\/posts"}],"about":[{"href":"https:\/\/rosstylepro.com\/cs\/wp-json\/wp\/v2\/types\/post"}],"author":[{"embeddable":true,"href":"https:\/\/rosstylepro.com\/cs\/wp-json\/wp\/v2\/users\/128"}],"replies":[{"embeddable":true,"href":"https:\/\/rosstylepro.com\/cs\/wp-json\/wp\/v2\/comments?post=3589"}],"version-history":[{"count":1,"href":"https:\/\/rosstylepro.com\/cs\/wp-json\/wp\/v2\/posts\/3589\/revisions"}],"predecessor-version":[{"id":3591,"href":"https:\/\/rosstylepro.com\/cs\/wp-json\/wp\/v2\/posts\/3589\/revisions\/3591"}],"wp:featuredmedia":[{"embeddable":true,"href":"https:\/\/rosstylepro.com\/cs\/wp-json\/wp\/v2\/media\/3590"}],"wp:attachment":[{"href":"https:\/\/rosstylepro.com\/cs\/wp-json\/wp\/v2\/media?parent=3589"}],"wp:term":[{"taxonomy":"category","embeddable":true,"href":"https:\/\/rosstylepro.com\/cs\/wp-json\/wp\/v2\/categories?post=3589"},{"taxonomy":"post_tag","embeddable":true,"href":"https:\/\/rosstylepro.com\/cs\/wp-json\/wp\/v2\/tags?post=3589"}],"curies":[{"name":"wp","href":"https:\/\/api.w.org\/{rel}","templated":true}]}}