{"id":3589,"date":"2025-12-03T18:34:54","date_gmt":"2025-12-03T18:34:54","guid":{"rendered":"https:\/\/rosstylepro.com\/?p=3589"},"modified":"2025-12-03T18:35:24","modified_gmt":"2025-12-03T18:35:24","slug":"nuevas-fechas-de-pago-bienestar-2","status":"publish","type":"post","link":"https:\/\/rosstylepro.com\/fr\/3589\/nuevas-fechas-de-pago-bienestar-2\/","title":{"rendered":"Nouvelles dates de paiement Aide sociale"},"content":{"rendered":"<p>Lorsque vous d\u00e9pendez de <strong>pension de retraite<\/strong> ou des programmes sociaux pour compl\u00e9ter les approvisionnements alimentaires, payer les m\u00e9dicaments ou soutenir la famille, <strong>Nouvelles dates de versement des allocations sociales<\/strong> Ce ne sont pas simplement des annonces gouvernementales de plus : c&#039;est le jour o\u00f9 votre mois commence ou s&#039;effondre. <\/p>\n\n\n\n<p>Un simple changement de calendrier peut signifier arriver sereinement au terme de la p\u00e9riode de deux mois\u2026 ou passer des semaines \u00e0 demander un cr\u00e9dit parce que l\u2019acompte n\u2019est pas arriv\u00e9 comme pr\u00e9vu.<\/p>\n\n\n\n<p><\/p>\n\n\n\n<p><\/p>\n\n\n\n<p><\/p>\n\n\n\n<p><\/p>\n\n\n\n<p>En 2025, le minist\u00e8re des Affaires sociales a republi\u00e9 le <strong>calendrier de paiement officiel<\/strong> bimensuel, en conservant le mod\u00e8le de distribution des fonds sur de larges p\u00e9riodes et selon un \u00e9chelonnement par nom de famille. Le paiement bimensuel de novembre-d\u00e9cembre, par exemple, est effectu\u00e9 \u00e0 partir de <strong>3-27 novembre<\/strong>et il s&#039;agit du dernier versement de l&#039;ann\u00e9e pour les pensions et les programmes tels que les personnes \u00e2g\u00e9es, les personnes handicap\u00e9es, le bien-\u00eatre des femmes et les m\u00e8res qui travaillent.<\/p>\n\n\n\n<p>Le probl\u00e8me, c&#039;est que beaucoup de gens ne voient que la mention \u00ab\u00a0les paiements ont d\u00e9j\u00e0 commenc\u00e9\u00a0\u00bb et ne v\u00e9rifient pas la date pr\u00e9cise de leur paiement. Ce d\u00e9calage entre le d\u00e9lai g\u00e9n\u00e9ral et la date exacte est source de confusion, de files d&#039;attente inutiles et d&#039;anxi\u00e9t\u00e9. Il est donc essentiel de bien comprendre le fonctionnement de ces paiements. <strong>Nouvelles dates de versement des allocations sociales<\/strong> C&#039;est urgent si vous voulez arr\u00eater de vivre au jour le jour, \u00e0 attendre des rumeurs tous les deux mois.<\/p>\n\n\n\n<p><\/p>\n\n\n\n<p><\/p>\n\n\n\n<p><\/p>\n\n\n\n<p><\/p>\n\n\n\n<h3 class=\"wp-block-heading\">Quoi de neuf dans le calendrier bien-\u00eatre<\/h3>\n\n\n\n<p>Chaque ann\u00e9e, le minist\u00e8re des Affaires sociales publie un calendrier bimestriel indiquant les dates approximatives de versement des pensions et autres prestations. En 2025, le calendrier de versement bimestriel a \u00e9t\u00e9 maintenu, avec un premier versement en janvier (correspondant au premier trimestre de l&#039;ann\u00e9e) et des versements r\u00e9guliers les deux mois suivants.<\/p>\n\n\n\n<p>Ce qui change, et qui fait les gros titres sur les \u00ab nouvelles dates de paiement \u00bb, ce sont principalement trois choses\u00a0:<\/p>\n\n\n\n<ul>\n<li>Les plages de jours exactes pour chaque p\u00e9riode de deux mois.<\/li>\n\n\n\n<li>Le classement par nom de famille au sein de ces plages.<\/li>\n\n\n\n<li>Des ajustements sp\u00e9ciaux dus \u00e0 des probl\u00e8mes \u00e9lectoraux, op\u00e9rationnels ou m\u00e9t\u00e9orologiques peuvent entra\u00eener une avance ou une concentration des paiements sur certains mois.<\/li>\n<\/ul>\n\n\n\n<p>En 2025, par exemple, la p\u00e9riode de septembre-octobre a \u00e9t\u00e9 pay\u00e9e \u00e0 partir de <strong>1er-25 septembre<\/strong>tandis que la p\u00e9riode novembre-d\u00e9cembre est concentr\u00e9e en <strong>3-27 novembre<\/strong>Dans les deux cas, l&#039;argent arrive par le biais de <strong>Banque d'aide sociale<\/strong>, directement sur la carte, et pas tous le m\u00eame jour.<\/p>\n\n\n\n<p>Savoir que le paiement se situe dans une fourchette est utile, mais insuffisant\u00a0: ce dont vous avez vraiment besoin, c\u2019est de comprendre comment cette fourchette est r\u00e9partie entre des millions de b\u00e9n\u00e9ficiaires.<\/p>\n\n\n\n<h3 class=\"wp-block-heading\">Comment les nouvelles dates sont-elles r\u00e9parties par nom de famille\u00a0?<\/h3>\n\n\n\n<p>Le moyen le plus pratique pour l&#039;aide sociale d&#039;organiser des millions de personnes est d&#039;utiliser le <strong>premi\u00e8re lettre du nom de famille<\/strong> comme filtre. Ce syst\u00e8me n&#039;est pas nouveau, mais il est ajust\u00e9 tous les deux mois\u00a0: certains jours sont attribu\u00e9s aux lettres A, B, C, d&#039;autres aux lettres D, E, F, et ainsi de suite jusqu&#039;\u00e0 Z. Cette r\u00e9partition varie l\u00e9g\u00e8rement selon l&#039;\u00c9tat et le programme, mais elle suit la m\u00eame logique g\u00e9n\u00e9rale.<\/p>\n\n\n\n<p>Pour vous le repr\u00e9senter, imaginez un sch\u00e9ma simplifi\u00e9 comme celui-ci (il ne s&#039;agit pas d&#039;un calendrier officiel, mais il refl\u00e8te le mod\u00e8le qui se r\u00e9p\u00e8te dans de nombreuses annonces)\u00a0:<\/p>\n\n\n\n<figure class=\"wp-block-table\"><table><thead><tr><th>Initiale du premier nom de famille<\/th><th>D\u00e9lai habituel pendant la p\u00e9riode de paiement<\/th><\/tr><\/thead><tbody><tr><td>ANNONCE<\/td><td>Premiers jours du grade officiel<\/td><\/tr><tr><td>E \u2013 H<\/td><td>Premi\u00e8re partie interm\u00e9diaire<\/td><\/tr><tr><td>JE SUIS<\/td><td>\u00c0 mi-chemin du calendrier<\/td><\/tr><tr><td>N \u2013 R<\/td><td>Deuxi\u00e8me partie interm\u00e9diaire<\/td><\/tr><tr><td>S \u2013 Z<\/td><td>Cl\u00f4ture de la p\u00e9riode de paiement<\/td><\/tr><\/tbody><\/table><\/figure>\n\n\n\n<p>Concr\u00e8tement, cela signifie que deux personnes habitant le m\u00eame quartier et b\u00e9n\u00e9ficiant de la m\u00eame pension peuvent recevoir leur versement \u00e0 plusieurs jours d&#039;intervalle simplement parce qu&#039;elles portent des noms de famille diff\u00e9rents. Si vous vous fiez \u00e0 l&#039;id\u00e9e que \u00ab mon voisin l&#039;a d\u00e9j\u00e0 re\u00e7u \u00bb, vous risquez fort d&#039;\u00eatre l\u00e9s\u00e9.<\/p>\n\n\n\n<p>Le <strong>Nouvelles dates de versement des allocations sociales<\/strong> Les informations relatives \u00e0 chaque trimestre sont toujours accompagn\u00e9es d&#039;un tableau d\u00e9taill\u00e9 class\u00e9 par ordre alphab\u00e9tique du nom de famille. D\u00e8s l&#039;annonce d&#039;un nouveau trimestre, votre premi\u00e8re t\u00e2che doit \u00eatre de consulter ce tableau, de rep\u00e9rer votre lettre et d&#039;y inscrire votre jour de cours, et non celui des autres.<\/p>\n\n\n\n<h3 class=\"wp-block-heading\">Quels programmes sont payables \u00e0 ces nouvelles dates ?<\/h3>\n\n\n\n<p>Lorsque les dates de paiement sont annonc\u00e9es, il ne s&#039;agit pas seulement d&#039;une pension, mais de l&#039;ensemble des prestations. <strong>Programmes d&#039;aide sociale<\/strong> qui sont vers\u00e9es simultan\u00e9ment. Au cours des derni\u00e8res p\u00e9riodes de deux mois, les \u00e9chelles de r\u00e9mun\u00e9ration ont notamment inclus\u00a0:<\/p>\n\n\n\n<ul>\n<li>Pension pour le bien-\u00eatre des personnes \u00e2g\u00e9es.<\/li>\n\n\n\n<li>Pension pour les personnes handicap\u00e9es.<\/li>\n\n\n\n<li>Pension de bien-\u00eatre des femmes (pour les femmes \u00e2g\u00e9es de 60 \u00e0 64 ans, avec un soutien de 3 000 pesos tous les deux mois).<\/li>\n\n\n\n<li>Soutien aux enfants de m\u00e8res qui travaillent.<\/li>\n<\/ul>\n\n\n\n<p>Les pensions des personnes \u00e2g\u00e9es sont vers\u00e9es en 2025 avec <strong>6 200 pesos tous les deux mois<\/strong>, les personnes handicap\u00e9es <strong>3 200 pesos<\/strong>, tandis que le bien-\u00eatre des femmes offre <strong>3 000 pesos<\/strong> par p\u00e9riode de deux mois, et le soutien aux m\u00e8res qui travaillent varie de <strong>1 650 pesos<\/strong> \u00e0 partir de maintenant, selon le cas.<\/p>\n\n\n\n<p>Tous ces paiements sont effectu\u00e9s durant les m\u00eames p\u00e9riodes de versement, mais pas n\u00e9cessairement le m\u00eame jour pour chaque b\u00e9n\u00e9ficiaire. Par cons\u00e9quent, lorsque vous entendez que \u00ab\u00a0les versements d&#039;aide sociale ont commenc\u00e9\u00a0\u00bb, n&#039;oubliez pas que cela concerne plusieurs programmes et de nombreux noms de famille, r\u00e9partis sur plusieurs semaines.<\/p>\n\n\n\n<h3 class=\"wp-block-heading\">Qu\u2019advient-il des personnes qui se sont inscrites r\u00e9cemment\u00a0?<\/h3>\n\n\n\n<p>Une autre question fr\u00e9quente lorsqu&#039;ils sortent <strong>Nouvelles dates de versement des allocations sociales<\/strong> La question est la suivante : \u00ab Je me suis inscrit en ao\u00fbt, vais-je recevoir mon paiement pour cette p\u00e9riode de facturation ? \u00bb La r\u00e9ponse est presque toujours que les nouveaux utilisateurs doivent attendre que leur carte Banco del Bienestar soit pr\u00eate et activ\u00e9e avant de recevoir leur premier d\u00e9p\u00f4t.<\/p>\n\n\n\n<p>Au cours des p\u00e9riodes de deux mois de 2025, le m\u00eame message a \u00e9t\u00e9 r\u00e9p\u00e9t\u00e9 : ceux qui se sont inscrits au cours de la p\u00e9riode la plus r\u00e9cente figurent sur le registre, mais <strong>Ils ne sont pas pay\u00e9s imm\u00e9diatement<\/strong>Ils re\u00e7oivent d&#039;abord leur carte, puis ils passent au calendrier de paiement suivant.<\/p>\n\n\n\n<p>Cela a \u00e9t\u00e9 tr\u00e8s visible dans le cas de <strong>Bien-\u00eatre des femmes<\/strong>o\u00f9 les nouveaux b\u00e9n\u00e9ficiaires \u00e2g\u00e9s de 60 \u00e0 62 ans qui se sont inscrits en ao\u00fbt ont commenc\u00e9 \u00e0 recevoir leur paiement \u00e0 des dates pr\u00e9cises annonc\u00e9es ult\u00e9rieurement, \u00e9galement distribu\u00e9es par nom de famille.<\/p>\n\n\n\n<p>Si vous ou un membre de votre famille venez de vous inscrire, il est pr\u00e9f\u00e9rable de v\u00e9rifier\u00a0:<\/p>\n\n\n\n<ul>\n<li>S&#039;ils ont d\u00e9j\u00e0 livr\u00e9 la carte Banco del Bienestar.<\/li>\n\n\n\n<li>Si les donn\u00e9es apparaissent correctement dans les modules ou sur les lignes d&#039;assistance.<\/li>\n<\/ul>\n\n\n\n<p>Ce n&#039;est qu&#039;apr\u00e8s cela qu&#039;il est judicieux de se pr\u00e9occuper de la date exacte du premier d\u00e9p\u00f4t.<\/p>\n\n\n\n<h3 class=\"wp-block-heading\">Comment confirmer votre rendez-vous sans se fier aux rumeurs<\/h3>\n\n\n\n<p>Le <strong>Nouvelles dates de versement des allocations sociales<\/strong> Ces informations sont toujours publi\u00e9es en premier lieu sur les canaux officiels\u00a0: communiqu\u00e9s de presse du minist\u00e8re des Affaires sociales, sites web gouvernementaux et comptes de r\u00e9seaux sociaux v\u00e9rifi\u00e9s. Certains \u00c9tats les diffusent \u00e9galement sur leurs sites web locaux, comme l\u2019a fait l\u2019\u00c9tat de Mexico avec un calendrier et des montants de versement sp\u00e9cifiques pour ses retrait\u00e9s.<\/p>\n\n\n\n<p>Le plus s\u00fbr est de toujours suivre ces \u00e9tapes\u00a0:<\/p>\n\n\n\n<ol>\n<li>Consultez la d\u00e9claration officielle pour la p\u00e9riode de deux mois (gob.mx\/bienestar ou portails des \u00c9tats).<\/li>\n\n\n\n<li>Recherchez dans le tableau par lettre du nom de famille pour trouver votre programme sp\u00e9cifique.<\/li>\n\n\n\n<li>V\u00e9rifiez, si n\u00e9cessaire, aupr\u00e8s du module d&#039;aide sociale ou en appelant la ligne d&#039;assistance t\u00e9l\u00e9phonique de l&#039;\u00c9tat.<\/li>\n<\/ol>\n\n\n\n<p>Tout message en cha\u00eene sur WhatsApp, vid\u00e9o TikTok ou publication sur les r\u00e9seaux sociaux mentionnant des changements de dates sans \u00eatre relay\u00e9 par les canaux officiels doit \u00eatre accueilli avec scepticisme. Ces derniers mois, des rumeurs ont circul\u00e9 concernant de pr\u00e9tendus paiements suppl\u00e9mentaires, des bonus sp\u00e9ciaux ou des doubles versements, rumeurs que le minist\u00e8re a toutes d\u00e9menties.<\/p>\n\n\n\n<p>Votre stabilit\u00e9 ne peut pas d\u00e9pendre d&#039;un enregistrement audio anonyme. Chaque fois que vous modifiez vos plans \u00e0 cause de rumeurs, vous risquez de d\u00e9penser trop t\u00f4t ou de manquer des paiements, en pensant que l&#039;argent arrivera demain\u2026 alors qu&#039;en r\u00e9alit\u00e9, il est d\u00fb la semaine prochaine.<\/p>\n\n\n\n<h3 class=\"wp-block-heading\">Que faire si le jour de votre rendez-vous arrive et que vous ne voyez pas l&#039;acompte\u00a0?<\/h3>\n\n\n\n<p>M\u00eame avec le calendrier sous les yeux, il peut arriver que le jour du paiement arrive, que vous consultiez votre solde et que le d\u00e9p\u00f4t ne apparaisse pas. Avant de paniquer, il est utile de se rappeler comment fonctionnent les pr\u00e9l\u00e8vements\u00a0:<\/p>\n\n\n\n<ul>\n<li>Les d\u00e9p\u00f4ts sont effectu\u00e9s tout au long de la journ\u00e9e, pas n\u00e9cessairement t\u00f4t le matin.<\/li>\n\n\n\n<li>L&#039;argent va directement \u00e0 <strong>Carte de la banque d'aide sociale<\/strong>Il n&#039;est pas n\u00e9cessaire de se rendre au guichet le jour m\u00eame\u00a0; les fonds restent en s\u00e9curit\u00e9 sur le compte jusqu&#039;\u00e0 ce que vous les retiriez.<\/li>\n<\/ul>\n\n\n\n<p>Si votre paiement n&#039;est toujours pas apparu en fin de journ\u00e9e\u00a0:<\/p>\n\n\n\n<ol>\n<li>V\u00e9rifiez bien que votre nom de famille et votre programme correspondent \u00e0 la date que vous pensiez.<\/li>\n\n\n\n<li>Veuillez confirmer s&#039;il y a eu des alertes de d\u00e9faillance technique ou des ajustements de derni\u00e8re minute.<\/li>\n\n\n\n<li>Rendez-vous dans le module d&#039;aide sociale ou appelez la ligne officielle muni de votre CURP, de votre carte et de votre pi\u00e8ce d&#039;identit\u00e9.<\/li>\n<\/ol>\n\n\n\n<p>L&#039;important est de ne jamais communiquer votre carte ni votre code PIN \u00e0 quiconque propose de \u00ab v\u00e9rifier \u00bb votre compte, ni de payer de pr\u00e9tendus agents qui promettent d&#039;acc\u00e9l\u00e9rer le d\u00e9blocage de votre d\u00e9p\u00f4t. Seuls le service des affaires sociales et la banque sont habilit\u00e9s \u00e0 effectuer cette v\u00e9rification.<\/p>\n\n\n<div class=\"wp-block-image\">\n<figure class=\"aligncenter size-full\"><img fetchpriority=\"high\" decoding=\"async\" width=\"550\" height=\"350\" src=\"https:\/\/rosstylepro.com\/wp-content\/uploads\/sites\/137\/2025\/12\/Design-sem-nome.png\" alt=\"Nuevas fechas de pago Bienestar\" class=\"wp-image-3590\" srcset=\"https:\/\/rosstylepro.com\/wp-content\/uploads\/sites\/137\/2025\/12\/Design-sem-nome.png 550w, https:\/\/rosstylepro.com\/wp-content\/uploads\/sites\/137\/2025\/12\/Design-sem-nome-300x191.png 300w, https:\/\/rosstylepro.com\/wp-content\/uploads\/sites\/137\/2025\/12\/Design-sem-nome-18x12.png 18w\" sizes=\"(max-width: 550px) 100vw, 550px\" \/><figcaption class=\"wp-element-caption\">Nouvelles dates de paiement Aide sociale<\/figcaption><\/figure><\/div>\n\n\n<h3 class=\"wp-block-heading\">Utilisez les nouvelles dates de paiement pour mieux planifier votre mois.<\/h3>\n\n\n\n<p>Sachant que le paiement bimensuel sera effectu\u00e9, par exemple, \u00e0 partir de <strong>3-27 novembre<\/strong> ou de la <strong>1er-25 septembre<\/strong> Ce n&#039;est pas qu&#039;une simple anecdote\u00a0; c&#039;est un outil pr\u00e9cieux pour g\u00e9rer vos d\u00e9penses. Si vous savez que votre nom de famille se situe g\u00e9n\u00e9ralement en d\u00e9but de p\u00e9riode, vous pouvez programmer vos paiements les plus importants autour de ces dates. Si, au contraire, il se situe plut\u00f4t en fin de p\u00e9riode, vous devrez \u00eatre particuli\u00e8rement vigilant avec vos d\u00e9penses dans les semaines qui pr\u00e9c\u00e8dent.<\/p>\n\n\n\n<p>Un moyen simple de reprendre le contr\u00f4le est de noter, tous les deux mois, la date exacte \u00e0 laquelle votre d\u00e9p\u00f4t a \u00e9t\u00e9 cr\u00e9dit\u00e9. Apr\u00e8s quelques cycles, vous disposerez ainsi de votre propre historique. <strong>dates de paiement Bien-\u00eatre<\/strong>Cela vous permettra de :<\/p>\n\n\n\n<ul>\n<li>Pour savoir si un \u00ab d\u00e9lai \u00bb se situe dans la plage normale ou non.<\/li>\n\n\n\n<li>N\u00e9gociez avec plus d&#039;assurance avec ceux qui per\u00e7oivent les loyers, les services ou les petites cr\u00e9ances.<\/li>\n\n\n\n<li>Mieux d\u00e9cider du moment opportun pour effectuer des achats importants ou prendre des rendez-vous m\u00e9dicaux.<\/li>\n<\/ul>\n\n\n\n<p>Les nouvelles dates de versement de la cotisation Bienestar continueront d&#039;\u00e9voluer chaque ann\u00e9e, en fonction des \u00e9lections, des jours f\u00e9ri\u00e9s et des contraintes op\u00e9rationnelles. Ce qui ne devrait pas changer, c&#039;est votre approche\u00a0: consultez les informations officielles, assurez-vous que vos donn\u00e9es sont \u00e0 jour et \u00e9tablissez un plan simple pour que chaque versement ne soit pas une simple pause, mais une \u00e9tape r\u00e9guli\u00e8re d&#039;une vie un peu plus organis\u00e9e.<\/p>","protected":false},"excerpt":{"rendered":"<p>Lorsque vous d\u00e9pendez de la pension de l'aide sociale ou des programmes sociaux pour compl\u00e9ter le garde-manger, payer les m\u00e9dicaments ou soutenir la famille, les nouvelles dates de paiement de l'aide sociale ne sont pas qu'une simple annonce gouvernementale : c'est le jour o\u00f9 votre mois commence ou s'effondre. Un petit changement dans le calendrier [...]<\/p>","protected":false},"author":128,"featured_media":3590,"comment_status":"closed","ping_status":"open","sticky":false,"template":"","format":"standard","meta":{"footnotes":""},"categories":[4],"tags":[55,1274,1275],"yoast_head":"<!-- This site is optimized with the Yoast SEO plugin v23.3 - https:\/\/yoast.com\/wordpress\/plugins\/seo\/ -->\n<title>Nuevas fechas de pago Bienestar<\/title>\n<meta name=\"description\" content=\"Nuevas fechas de pago Bienestar: lo que cambia y c\u00f3mo organizarte, Cuando dependes de la Pensi\u00f3n para el Bienestar o de los programas socia...\" \/>\n<meta name=\"robots\" content=\"index, follow, max-snippet:-1, max-image-preview:large, max-video-preview:-1\" \/>\n<link rel=\"canonical\" href=\"https:\/\/rosstylepro.com\/fr\/3589\/nuevas-fechas-de-pago-bienestar-2\/\" \/>\n<meta property=\"og:locale\" content=\"fr_FR\" \/>\n<meta property=\"og:type\" content=\"article\" \/>\n<meta property=\"og:title\" content=\"Nuevas fechas de pago Bienestar\" \/>\n<meta property=\"og:description\" content=\"Nuevas fechas de pago Bienestar: lo que cambia y c\u00f3mo organizarte, Cuando dependes de la Pensi\u00f3n para el Bienestar o de los programas socia...\" \/>\n<meta property=\"og:url\" content=\"https:\/\/rosstylepro.com\/fr\/3589\/nuevas-fechas-de-pago-bienestar-2\/\" \/>\n<meta property=\"og:site_name\" content=\"RosstylePRO\" \/>\n<meta property=\"article:published_time\" content=\"2025-12-03T18:34:54+00:00\" \/>\n<meta property=\"article:modified_time\" content=\"2025-12-03T18:35:24+00:00\" \/>\n<meta property=\"og:image\" content=\"https:\/\/rosstylepro.com\/wp-content\/uploads\/sites\/137\/2025\/12\/Design-sem-nome.png\" \/>\n\t<meta property=\"og:image:width\" content=\"550\" \/>\n\t<meta property=\"og:image:height\" content=\"350\" \/>\n\t<meta property=\"og:image:type\" content=\"image\/png\" \/>\n<meta name=\"author\" content=\"wildron\" \/>\n<meta name=\"twitter:card\" content=\"summary_large_image\" \/>\n<meta name=\"twitter:label1\" content=\"Written by\" \/>\n\t<meta name=\"twitter:data1\" content=\"wildron\" \/>\n\t<meta name=\"twitter:label2\" content=\"Est. reading time\" \/>\n\t<meta name=\"twitter:data2\" content=\"10 minutes\" \/>\n<script type=\"application\/ld+json\" class=\"yoast-schema-graph\">{\"@context\":\"https:\/\/schema.org\",\"@graph\":[{\"@type\":\"WebPage\",\"@id\":\"https:\/\/rosstylepro.com\/3589\/nuevas-fechas-de-pago-bienestar-2\/\",\"url\":\"https:\/\/rosstylepro.com\/3589\/nuevas-fechas-de-pago-bienestar-2\/\",\"name\":\"Nuevas fechas de pago Bienestar\",\"isPartOf\":{\"@id\":\"https:\/\/rosstylepro.com\/en\/#website\"},\"primaryImageOfPage\":{\"@id\":\"https:\/\/rosstylepro.com\/3589\/nuevas-fechas-de-pago-bienestar-2\/#primaryimage\"},\"image\":{\"@id\":\"https:\/\/rosstylepro.com\/3589\/nuevas-fechas-de-pago-bienestar-2\/#primaryimage\"},\"thumbnailUrl\":\"https:\/\/rosstylepro.com\/wp-content\/uploads\/sites\/137\/2025\/12\/Design-sem-nome.png\",\"datePublished\":\"2025-12-03T18:34:54+00:00\",\"dateModified\":\"2025-12-03T18:35:24+00:00\",\"author\":{\"@id\":\"https:\/\/rosstylepro.com\/en\/#\/schema\/person\/76055186668d83cd745fe9d37a5eec26\"},\"description\":\"Nuevas fechas de pago Bienestar: lo que cambia y c\u00f3mo organizarte, Cuando dependes de la Pensi\u00f3n para el Bienestar o de los programas socia...\",\"breadcrumb\":{\"@id\":\"https:\/\/rosstylepro.com\/3589\/nuevas-fechas-de-pago-bienestar-2\/#breadcrumb\"},\"inLanguage\":\"fr-FR\",\"potentialAction\":[{\"@type\":\"ReadAction\",\"target\":[\"https:\/\/rosstylepro.com\/3589\/nuevas-fechas-de-pago-bienestar-2\/\"]}]},{\"@type\":\"ImageObject\",\"inLanguage\":\"fr-FR\",\"@id\":\"https:\/\/rosstylepro.com\/3589\/nuevas-fechas-de-pago-bienestar-2\/#primaryimage\",\"url\":\"https:\/\/rosstylepro.com\/wp-content\/uploads\/sites\/137\/2025\/12\/Design-sem-nome.png\",\"contentUrl\":\"https:\/\/rosstylepro.com\/wp-content\/uploads\/sites\/137\/2025\/12\/Design-sem-nome.png\",\"width\":550,\"height\":350},{\"@type\":\"BreadcrumbList\",\"@id\":\"https:\/\/rosstylepro.com\/3589\/nuevas-fechas-de-pago-bienestar-2\/#breadcrumb\",\"itemListElement\":[{\"@type\":\"ListItem\",\"position\":1,\"name\":\"Home\",\"item\":\"https:\/\/rosstylepro.com\/\"},{\"@type\":\"ListItem\",\"position\":2,\"name\":\"Nuevas fechas de pago Bienestar\"}]},{\"@type\":\"WebSite\",\"@id\":\"https:\/\/rosstylepro.com\/en\/#website\",\"url\":\"https:\/\/rosstylepro.com\/en\/\",\"name\":\"RosstylePRO\",\"description\":\"\",\"potentialAction\":[{\"@type\":\"SearchAction\",\"target\":{\"@type\":\"EntryPoint\",\"urlTemplate\":\"https:\/\/rosstylepro.com\/en\/?s={search_term_string}\"},\"query-input\":\"required name=search_term_string\"}],\"inLanguage\":\"fr-FR\"},{\"@type\":\"Person\",\"@id\":\"https:\/\/rosstylepro.com\/en\/#\/schema\/person\/76055186668d83cd745fe9d37a5eec26\",\"name\":\"wildron\",\"image\":{\"@type\":\"ImageObject\",\"inLanguage\":\"fr-FR\",\"@id\":\"https:\/\/rosstylepro.com\/en\/#\/schema\/person\/image\/\",\"url\":\"https:\/\/secure.gravatar.com\/avatar\/c76514f6e618a9155e4cb169c8cb86d3?s=96&d=mm&r=g\",\"contentUrl\":\"https:\/\/secure.gravatar.com\/avatar\/c76514f6e618a9155e4cb169c8cb86d3?s=96&d=mm&r=g\",\"caption\":\"wildron\"},\"url\":\"https:\/\/rosstylepro.com\/fr\/author\/wildron\/\"}]}<\/script>\n<!-- \/ Yoast SEO plugin. -->","yoast_head_json":{"title":"Nuevas fechas de pago Bienestar","description":"Nuevas fechas de pago Bienestar: lo que cambia y c\u00f3mo organizarte, Cuando dependes de la Pensi\u00f3n para el Bienestar o de los programas socia...","robots":{"index":"index","follow":"follow","max-snippet":"max-snippet:-1","max-image-preview":"max-image-preview:large","max-video-preview":"max-video-preview:-1"},"canonical":"https:\/\/rosstylepro.com\/fr\/3589\/nuevas-fechas-de-pago-bienestar-2\/","og_locale":"fr_FR","og_type":"article","og_title":"Nuevas fechas de pago Bienestar","og_description":"Nuevas fechas de pago Bienestar: lo que cambia y c\u00f3mo organizarte, Cuando dependes de la Pensi\u00f3n para el Bienestar o de los programas socia...","og_url":"https:\/\/rosstylepro.com\/fr\/3589\/nuevas-fechas-de-pago-bienestar-2\/","og_site_name":"RosstylePRO","article_published_time":"2025-12-03T18:34:54+00:00","article_modified_time":"2025-12-03T18:35:24+00:00","og_image":[{"width":550,"height":350,"url":"https:\/\/rosstylepro.com\/wp-content\/uploads\/sites\/137\/2025\/12\/Design-sem-nome.png","type":"image\/png"}],"author":"wildron","twitter_card":"summary_large_image","twitter_misc":{"Written by":"wildron","Est. reading time":"10 minutes"},"schema":{"@context":"https:\/\/schema.org","@graph":[{"@type":"WebPage","@id":"https:\/\/rosstylepro.com\/3589\/nuevas-fechas-de-pago-bienestar-2\/","url":"https:\/\/rosstylepro.com\/3589\/nuevas-fechas-de-pago-bienestar-2\/","name":"Nuevas fechas de pago Bienestar","isPartOf":{"@id":"https:\/\/rosstylepro.com\/en\/#website"},"primaryImageOfPage":{"@id":"https:\/\/rosstylepro.com\/3589\/nuevas-fechas-de-pago-bienestar-2\/#primaryimage"},"image":{"@id":"https:\/\/rosstylepro.com\/3589\/nuevas-fechas-de-pago-bienestar-2\/#primaryimage"},"thumbnailUrl":"https:\/\/rosstylepro.com\/wp-content\/uploads\/sites\/137\/2025\/12\/Design-sem-nome.png","datePublished":"2025-12-03T18:34:54+00:00","dateModified":"2025-12-03T18:35:24+00:00","author":{"@id":"https:\/\/rosstylepro.com\/en\/#\/schema\/person\/76055186668d83cd745fe9d37a5eec26"},"description":"Nuevas fechas de pago Bienestar: lo que cambia y c\u00f3mo organizarte, Cuando dependes de la Pensi\u00f3n para el Bienestar o de los programas socia...","breadcrumb":{"@id":"https:\/\/rosstylepro.com\/3589\/nuevas-fechas-de-pago-bienestar-2\/#breadcrumb"},"inLanguage":"fr-FR","potentialAction":[{"@type":"ReadAction","target":["https:\/\/rosstylepro.com\/3589\/nuevas-fechas-de-pago-bienestar-2\/"]}]},{"@type":"ImageObject","inLanguage":"fr-FR","@id":"https:\/\/rosstylepro.com\/3589\/nuevas-fechas-de-pago-bienestar-2\/#primaryimage","url":"https:\/\/rosstylepro.com\/wp-content\/uploads\/sites\/137\/2025\/12\/Design-sem-nome.png","contentUrl":"https:\/\/rosstylepro.com\/wp-content\/uploads\/sites\/137\/2025\/12\/Design-sem-nome.png","width":550,"height":350},{"@type":"BreadcrumbList","@id":"https:\/\/rosstylepro.com\/3589\/nuevas-fechas-de-pago-bienestar-2\/#breadcrumb","itemListElement":[{"@type":"ListItem","position":1,"name":"Home","item":"https:\/\/rosstylepro.com\/"},{"@type":"ListItem","position":2,"name":"Nuevas fechas de pago Bienestar"}]},{"@type":"WebSite","@id":"https:\/\/rosstylepro.com\/en\/#website","url":"https:\/\/rosstylepro.com\/en\/","name":"RosstylePRO","description":"","potentialAction":[{"@type":"SearchAction","target":{"@type":"EntryPoint","urlTemplate":"https:\/\/rosstylepro.com\/en\/?s={search_term_string}"},"query-input":"required name=search_term_string"}],"inLanguage":"fr-FR"},{"@type":"Person","@id":"https:\/\/rosstylepro.com\/en\/#\/schema\/person\/76055186668d83cd745fe9d37a5eec26","name":"wildron","image":{"@type":"ImageObject","inLanguage":"fr-FR","@id":"https:\/\/rosstylepro.com\/en\/#\/schema\/person\/image\/","url":"https:\/\/secure.gravatar.com\/avatar\/c76514f6e618a9155e4cb169c8cb86d3?s=96&d=mm&r=g","contentUrl":"https:\/\/secure.gravatar.com\/avatar\/c76514f6e618a9155e4cb169c8cb86d3?s=96&d=mm&r=g","caption":"wildron"},"url":"https:\/\/rosstylepro.com\/fr\/author\/wildron\/"}]}},"_links":{"self":[{"href":"https:\/\/rosstylepro.com\/fr\/wp-json\/wp\/v2\/posts\/3589"}],"collection":[{"href":"https:\/\/rosstylepro.com\/fr\/wp-json\/wp\/v2\/posts"}],"about":[{"href":"https:\/\/rosstylepro.com\/fr\/wp-json\/wp\/v2\/types\/post"}],"author":[{"embeddable":true,"href":"https:\/\/rosstylepro.com\/fr\/wp-json\/wp\/v2\/users\/128"}],"replies":[{"embeddable":true,"href":"https:\/\/rosstylepro.com\/fr\/wp-json\/wp\/v2\/comments?post=3589"}],"version-history":[{"count":1,"href":"https:\/\/rosstylepro.com\/fr\/wp-json\/wp\/v2\/posts\/3589\/revisions"}],"predecessor-version":[{"id":3591,"href":"https:\/\/rosstylepro.com\/fr\/wp-json\/wp\/v2\/posts\/3589\/revisions\/3591"}],"wp:featuredmedia":[{"embeddable":true,"href":"https:\/\/rosstylepro.com\/fr\/wp-json\/wp\/v2\/media\/3590"}],"wp:attachment":[{"href":"https:\/\/rosstylepro.com\/fr\/wp-json\/wp\/v2\/media?parent=3589"}],"wp:term":[{"taxonomy":"category","embeddable":true,"href":"https:\/\/rosstylepro.com\/fr\/wp-json\/wp\/v2\/categories?post=3589"},{"taxonomy":"post_tag","embeddable":true,"href":"https:\/\/rosstylepro.com\/fr\/wp-json\/wp\/v2\/tags?post=3589"}],"curies":[{"name":"wp","href":"https:\/\/api.w.org\/{rel}","templated":true}]}}