{"id":1516,"date":"2024-12-11T10:18:51","date_gmt":"2024-12-11T10:18:51","guid":{"rendered":"https:\/\/rosstylepro.com\/?p=1516"},"modified":"2024-12-11T10:24:54","modified_gmt":"2024-12-11T10:24:54","slug":"los-autos-electricos-mas-baratos-de-la-actualidad","status":"publish","type":"post","link":"https:\/\/rosstylepro.com\/hu\/1516\/los-autos-electricos-mas-baratos-de-la-actualidad\/","title":{"rendered":"Napjaink legolcs\u00f3bb elektromos aut\u00f3i"},"content":{"rendered":"<p>Ha hallott\u00e1l m\u00e1r az elektromos aut\u00f3kr\u00f3l, akkor val\u00f3sz\u00edn\u0171leg tudod, hogy ezek a mobilit\u00e1s j\u00f6v\u0151j\u00e9t jelentik. De \u00edme egy meglepet\u00e9s: nem kell, hogy egy vagyonba ker\u00fcljenek! <\/p>\n\n\n\n<p>Ebben a cikkben bemutatunk n\u00e9h\u00e1nyat a ma el\u00e9rhet\u0151 legolcs\u00f3bb elektromos aut\u00f3k k\u00f6z\u00fcl, hogy megmutassuk, hogyan vezethetsz modern, hat\u00e9kony \u00e9s k\u00f6rnyezetbar\u00e1t j\u00e1rm\u0171vet an\u00e9lk\u00fcl, hogy vagyonokat k\u00f6lten\u00e9l.<\/p>\n\n\n\n<p>A legjobb az eg\u00e9szben? Egyszer\u0171en \u00e9s sz\u00f3rakoztat\u00f3an elmagyar\u00e1zom, hogy m\u00e9g egy 12 \u00e9ves (vagy b\u00e1rmely k\u00edv\u00e1ncsi feln\u0151tt) is t\u00f6k\u00e9letesen meg\u00e9rtse.<\/p>\n\n\n\n<h2 class=\"wp-block-heading\"><strong>Mi\u00e9rt v\u00e1lasszon elektromos aut\u00f3t?<\/strong><\/h2>\n\n\n\n<p>Miel\u0151tt az olcs\u00f3bb modellekr\u0151l besz\u00e9ln\u00e9nk, n\u00e9zz\u00fck meg, mi\u00e9rt olyan nagyszer\u0171ek az elektromos aut\u00f3k:<\/p>\n\n\n\n<ol>\n<li><strong>P\u00e9nzmegtakar\u00edt\u00e1s:<\/strong> Felejtsd el a benzin \u00e1r\u00e1t! Egy elektromos aut\u00f3val csak fel kell t\u00f6ltened az akkumul\u00e1tort, mint a mobiltelefonodat. Ez sokkal kevesebbe ker\u00fcl, mint a tankol\u00e1s.<\/li>\n\n\n\n<li><strong>A K\u00f6rnyezet Bar\u00e1tai:<\/strong> Nem bocs\u00e1tanak ki szennyez\u0151 g\u00e1zokat, \u00edgy tiszt\u00e1bb \u00e9s eg\u00e9szs\u00e9gesebb leveg\u0151t biztos\u00edtanak mindenki sz\u00e1m\u00e1ra.<\/li>\n\n\n\n<li><strong>Cs\u00f6kkentett karbantart\u00e1s:<\/strong> Viszl\u00e1t a dr\u00e1ga m\u0171helyl\u00e1togat\u00e1soknak! Az elektromos aut\u00f3kban kevesebb alkatr\u00e9sz, \u00edgy kevesebb probl\u00e9ma is van.<\/li>\n\n\n\n<li><strong>Korszer\u0171 technol\u00f3gia:<\/strong> Ezek a j\u00e1rm\u0171vek tele vannak fejlett funkci\u00f3kkal, mint p\u00e9ld\u00e1ul az intelligens m\u0171szerfalak \u00e9s az alkalmaz\u00e1s-kapcsolat.<\/li>\n<\/ol>\n\n\n\n<p>Most, hogy meggy\u0151z\u0151d\u00f6tt arr\u00f3l, hogy meg\u00e9ri az elektromos aut\u00f3 \u00e1ra, n\u00e9zz\u00fck meg azokat a modelleket, amelyek belef\u00e9rnek a k\u00f6lts\u00e9gvet\u00e9s\u00e9be.<\/p>\n\n\n\n<h2 class=\"wp-block-heading\"><strong>L\u00e1sd m\u00e9g:<\/strong><\/h2>\n\n\n\n<ul id=\"block-f03cc289-3787-4d3b-9e77-f93c1acc2037\">\n<li><a href=\"https:\/\/rosstylepro.com\/hu\/1513\/aprende-a-tocar-piano-con-estas-apps\/\">Tanuljon meg zongor\u00e1zni ezekkel az alkalmaz\u00e1sokkal<\/a><\/li>\n\n\n\n<li><a href=\"https:\/\/rosstylepro.com\/hu\/1510\/los-6-autos-que-menos-consumen-combustible-en-2024\/\">A 6 aut\u00f3, amely a legkevesebb \u00fczemanyagot fogyasztja 2024-ben<\/a><\/li>\n\n\n\n<li><a href=\"https:\/\/rosstylepro.com\/hu\/1453\/recupera-tus-fotos-perdidas-del-celular-con-estas-apps\/\">Helyezze vissza elveszett fot\u00f3it mobiltelefonj\u00e1r\u00f3l ezekkel az alkalmaz\u00e1sokkal<\/a><\/li>\n\n\n\n<li><a href=\"https:\/\/rosstylepro.com\/hu\/1438\/aprende-a-tocar-la-guitarra-con-estos-increibles-aplicativos\/\">Tanuljon meg git\u00e1rozni ezekkel a hihetetlen alkalmaz\u00e1sokkal<\/a><\/li>\n\n\n\n<li><a href=\"https:\/\/rosstylepro.com\/hu\/1434\/aplicaciones-para-transformar-tus-fotos-en-obras-de-arte\/\">Alkalmaz\u00e1sok, amelyek seg\u00edts\u00e9g\u00e9vel fot\u00f3it m\u0171alkot\u00e1sokk\u00e1 alak\u00edthatja<\/a><\/li>\n<\/ul>\n\n\n\n<h2 class=\"wp-block-heading\"><strong>1. Renault Kwid E-Tech: A kis \u00f3ri\u00e1s<\/strong><\/h2>\n\n\n\n<p>A Renault Kwid E-Tech a gazdas\u00e1gos \u00e9s st\u00edlusos aut\u00f3kat kedvel\u0151k kedvence. Kompakt, t\u00f6k\u00e9letes a v\u00e1rosi k\u00f6zleked\u00e9sre, \u00e9s rendk\u00edv\u00fcl kedvez\u0151 \u00e1ron k\u00edn\u00e1lja azokat, akik most ismerkednek az elektromos j\u00e1rm\u0171vek vil\u00e1g\u00e1val.<\/p>\n\n\n\n<h3 class=\"wp-block-heading\"><strong>Mi\u00e9rt v\u00e1lasszam?<\/strong><\/h3>\n\n\n\n<ul>\n<li><strong>Hat\u00e9kony auton\u00f3mia:<\/strong> Teljes felt\u00f6lt\u00e9ssel ak\u00e1r 300 km-t is megtehetsz. Olyan, mintha gondtalanul j\u00e1rn\u00e1l a tengerpartra \u00e9s onnan vissza!<\/li>\n\n\n\n<li><strong>Kompakt m\u00e9ret:<\/strong> Ide\u00e1lis b\u00e1rhol parkol\u00e1shoz, m\u00e9g a legsz\u0171kebb helyeken is.<\/li>\n\n\n\n<li><strong>Megfizethet\u0151 \u00e1r:<\/strong> Ez az egyik legmegfizethet\u0151bb modell a piacon, amely sok ember sz\u00e1m\u00e1ra val\u00f3ra v\u00e1ltja az elektromos aut\u00f3 \u00e1lm\u00e1t.<\/li>\n<\/ul>\n\n\n\n<h2 class=\"wp-block-heading\"><strong>2. JAC E-JS1: St\u00edlus \u00e9s technol\u00f3gia egyben<\/strong><\/h2>\n\n\n\n<p>A JAC E-JS1 a modernit\u00e1st egy csipetnyi kifinomults\u00e1ggal \u00f6tv\u00f6zi. B\u00e1r kedvez\u0151 \u00e1ron kaphat\u00f3, nem fukarkodik a st\u00edlus vagy a k\u00e9nyelem ter\u00e9n.<\/p>\n\n\n\n<h3 class=\"wp-block-heading\"><strong>Modell kiemelt jellemz\u0151i<\/strong><\/h3>\n\n\n\n<ul>\n<li><strong>Futurisztikus diz\u00e1jn:<\/strong> Modern vonalvezet\u00e9se miatt b\u00e1rki \u00fagy \u00e9rezheti mag\u00e1t, mintha egy sci-fi filmben lenne.<\/li>\n\n\n\n<li><strong>J\u00f3 auton\u00f3mia:<\/strong> Egyetlen felt\u00f6lt\u00e9ssel ak\u00e1r 300 km-t is megtehet, \u00edgy elker\u00fclhet\u0151 a t\u00f6lt\u0151\u00e1llom\u00e1s gyakori haszn\u00e1lata.<\/li>\n\n\n\n<li><strong>Technol\u00f3giai funkci\u00f3k:<\/strong> Digit\u00e1lis panellel \u00e9s alkalmaz\u00e1s-csatlakoztathat\u00f3s\u00e1ggal rendelkezik, \u00edgy szupermodern \u00e9lm\u00e9nyt ny\u00fajt.<\/li>\n<\/ul>\n\n\n\n<h2 class=\"wp-block-heading\"><strong>3. BYD Dolphin: Kompakt \u00e9s er\u0151teljes<\/strong><\/h2>\n\n\n\n<p>Ha valami hat\u00e9kony, kompakt \u00e9s er\u0151s eszk\u00f6zt keresel, a BYD Dolphin kiv\u00e1l\u00f3 v\u00e1laszt\u00e1s.<\/p>\n\n\n\n<h3 class=\"wp-block-heading\"><strong>Mi\u00e9rt v\u00e1lasszam?<\/strong><\/h3>\n\n\n\n<ul>\n<li><strong>Nagylelk\u0171 \u00f6n\u00e1ll\u00f3s\u00e1g:<\/strong> Egyetlen felt\u00f6lt\u00e9ssel t\u00f6bb mint 400 km-t tud megtenni, \u00edgy hosszabb utakra is t\u00f6k\u00e9letes.<\/li>\n\n\n\n<li><strong>Pr\u00e9mium k\u00e9nyelem:<\/strong> Annak ellen\u00e9re, hogy olcs\u00f3, k\u00e9nyelmes \u00fcl\u00e9seket \u00e9s olyan funkci\u00f3kat k\u00edn\u00e1l, amelyek luxusaut\u00f3 \u00e9rzet\u00e9t keltik.<\/li>\n\n\n\n<li><strong>K\u00f6nny\u0171 karbantart\u00e1s:<\/strong> Mint minden elektromos aut\u00f3, ez is kevesebb szervizl\u00e1togat\u00e1st ig\u00e9nyel.<\/li>\n<\/ul>\n\n\n\n<h2 class=\"wp-block-heading\"><strong>Sp\u00f3roljon t\u00f6bbet alkalmaz\u00e1sokkal<\/strong><\/h2>\n\n\n\n<p>Most, hogy m\u00e1r ismered a legolcs\u00f3bb elektromos aut\u00f3kat, megosztok egy b\u00f3nusz tippet: m\u00e9g t\u00f6bbet sp\u00f3rolhatsz olyan alkalmaz\u00e1sokkal, amelyek seg\u00edtenek \u00fatvonaltervez\u00e9sben, t\u00f6lt\u0151\u00e1llom\u00e1sok keres\u00e9s\u00e9ben \u00e9s energiak\u00f6lts\u00e9gek kisz\u00e1m\u00edt\u00e1s\u00e1ban.<\/p>\n\n\n\n<ol>\n<li><strong>PlugShare:<\/strong> Megmutatja a legk\u00f6zelebbi t\u00f6lt\u0151\u00e1llom\u00e1sokat. Olyan, mint egy t\u00f6lt\u0151knek sz\u00e1nt GPS!<\/li>\n\n\n\n<li><strong>ABRP (Jobb \u00fatvonaltervez\u0151):<\/strong> Elektromos j\u00e1rm\u0171vekre optimaliz\u00e1lt \u00fatvonalakat tervezhetsz, \u00edgy sosem mer\u00fcl le az akkumul\u00e1torod.<\/li>\n\n\n\n<li><strong>Aut\u00f3s szkenner:<\/strong> Figyelje aut\u00f3ja \u00e1llapot\u00e1t, \u00edgy a probl\u00e9m\u00e1kat m\u00e9g azel\u0151tt azonos\u00edthatja, miel\u0151tt azok k\u00f6lts\u00e9gess\u00e9 v\u00e1ln\u00e1nak.<\/li>\n<\/ol>\n\n\n\n<h2 class=\"wp-block-heading\"><strong>Elektromos aut\u00f3: Egy l\u00e9p\u00e9s a j\u00f6v\u0151 fel\u00e9<\/strong><\/h2>\n\n\n\n<p>Elektromos aut\u00f3 birtokl\u00e1sa nem csup\u00e1n okos p\u00e9nz\u00fcgyi d\u00f6nt\u00e9s; egyben egy m\u00f3dja annak is, hogy hozz\u00e1j\u00e1ruljunk egy jobb j\u00f6v\u0151h\u00f6z. K\u00e9pzeljen el egy vil\u00e1got, ahol kevesebb a szennyez\u00e9s, csendesebbek az utc\u00e1k, \u00e9s a fejlett technol\u00f3gia mindenki sz\u00e1m\u00e1ra el\u00e9rhet\u0151.<\/p>\n\n\n<div class=\"wp-block-image\">\n<figure class=\"aligncenter size-full\"><img fetchpriority=\"high\" decoding=\"async\" width=\"550\" height=\"350\" src=\"https:\/\/rosstylepro.com\/wp-content\/uploads\/sites\/137\/2024\/12\/Design-sem-nome-2.jpg\" alt=\"Los Autos El\u00e9ctricos M\u00e1s Baratos de la Actualidad\" class=\"wp-image-1517\" srcset=\"https:\/\/rosstylepro.com\/wp-content\/uploads\/sites\/137\/2024\/12\/Design-sem-nome-2.jpg 550w, https:\/\/rosstylepro.com\/wp-content\/uploads\/sites\/137\/2024\/12\/Design-sem-nome-2-300x191.jpg 300w, https:\/\/rosstylepro.com\/wp-content\/uploads\/sites\/137\/2024\/12\/Design-sem-nome-2-18x12.jpg 18w\" sizes=\"(max-width: 550px) 100vw, 550px\" \/><figcaption class=\"wp-element-caption\">Napjaink legolcs\u00f3bb elektromos aut\u00f3i<\/figcaption><\/figure><\/div>\n\n\n<p>A legjobb r\u00e9sz? Mindezt egy vagyon elk\u00f6lt\u00e9se n\u00e9lk\u00fcl! Az olyan modellekkel, mint a Renault Kwid E-Tech, a JAC E-JS1 \u00e9s a BYD Dolphin, egyetlen csomagban \u00f6tv\u00f6zheted a gazdas\u00e1goss\u00e1got, a st\u00edlust \u00e9s a fenntarthat\u00f3s\u00e1got.<\/p>\n\n\n\n<h2 class=\"wp-block-heading\"><strong>Konkl\u00fazi\u00f3: Itt az ideje a v\u00e1ltoz\u00e1snak<\/strong><\/h2>\n\n\n\n<p>Az elektromos aut\u00f3k egyre el\u00e9rhet\u0151bbek, \u00e9s a megfizethet\u0151 \u00e9s hat\u00e9kony opci\u00f3knak k\u00f6sz\u00f6nhet\u0151en nincs ments\u00e9g arra, hogy a m\u00faltban maradjunk. <\/p>\n\n\n\n<p>Sz\u00f3val, mit sz\u00f3ln\u00e1l ahhoz, hogy megtedd az els\u0151 l\u00e9p\u00e9st egy fenntarthat\u00f3bb j\u00f6v\u0151 fel\u00e9? V\u00e1laszd ki a sz\u00e1modra legmegfelel\u0151bb modellt, t\u00f6ltsd le az \u00e9leted megk\u00f6nny\u00edt\u0151 alkalmaz\u00e1sokat, \u00e9s kezdd el \u00e9lvezni az elektromos aut\u00f3z\u00e1s el\u0151nyeit.<\/p>\n\n\n\n<p>A j\u00f6v\u0151 itt van, \u00e9s elektromos. Most a k\u00e9rd\u00e9s az: megragadod-e ezt a lehet\u0151s\u00e9get, vagy lemaradsz? <\/p>","protected":false},"excerpt":{"rendered":"<p>Ha hallott\u00e1l m\u00e1r az elektromos aut\u00f3kr\u00f3l, akkor val\u00f3sz\u00edn\u0171leg tudod, hogy ezek a mobilit\u00e1s j\u00f6v\u0151j\u00e9t jelentik. De \u00edme egy meglepet\u00e9s: nem kell vagyonokba ker\u00fclni\u00fck! Ebben a cikkben bemutatunk n\u00e9h\u00e1nyat a jelenleg legolcs\u00f3bb elektromos aut\u00f3k k\u00f6z\u00fcl, hogy megmutassuk, hogyan vezethetsz modern, hat\u00e9kony \u00e9s k\u00f6rnyezetbar\u00e1t j\u00e1rm\u0171vet an\u00e9lk\u00fcl, hogy [\u2026]<\/p>","protected":false},"author":128,"featured_media":1517,"comment_status":"closed","ping_status":"open","sticky":false,"template":"","format":"standard","meta":{"footnotes":""},"categories":[5],"tags":[314,310,313],"yoast_head":"<!-- This site is optimized with the Yoast SEO plugin v23.3 - https:\/\/yoast.com\/wordpress\/plugins\/seo\/ -->\n<title>Los Autos El\u00e9ctricos M\u00e1s Baratos de la Actualidad<\/title>\n<meta name=\"description\" content=\"Los Autos El\u00e9ctricos M\u00e1s Baratos de la Actualidad Si ya has o\u00eddo hablar de los autos el\u00e9ctricos, probablemente sepas que son el futuro de...\" \/>\n<meta name=\"robots\" content=\"index, follow, max-snippet:-1, max-image-preview:large, max-video-preview:-1\" \/>\n<link rel=\"canonical\" href=\"https:\/\/rosstylepro.com\/hu\/1516\/los-autos-electricos-mas-baratos-de-la-actualidad\/\" \/>\n<meta property=\"og:locale\" content=\"hu_HU\" \/>\n<meta property=\"og:type\" content=\"article\" \/>\n<meta property=\"og:title\" content=\"Los Autos El\u00e9ctricos M\u00e1s Baratos de la Actualidad\" \/>\n<meta property=\"og:description\" content=\"Los Autos El\u00e9ctricos M\u00e1s Baratos de la Actualidad Si ya has o\u00eddo hablar de los autos el\u00e9ctricos, probablemente sepas que son el futuro de...\" \/>\n<meta property=\"og:url\" content=\"https:\/\/rosstylepro.com\/hu\/1516\/los-autos-electricos-mas-baratos-de-la-actualidad\/\" \/>\n<meta property=\"og:site_name\" content=\"RosstylePRO\" \/>\n<meta property=\"article:published_time\" content=\"2024-12-11T10:18:51+00:00\" \/>\n<meta property=\"article:modified_time\" content=\"2024-12-11T10:24:54+00:00\" \/>\n<meta property=\"og:image\" content=\"https:\/\/rosstylepro.com\/wp-content\/uploads\/sites\/137\/2024\/12\/Design-sem-nome-2.jpg\" \/>\n\t<meta property=\"og:image:width\" content=\"550\" \/>\n\t<meta property=\"og:image:height\" content=\"350\" \/>\n\t<meta property=\"og:image:type\" content=\"image\/jpeg\" \/>\n<meta name=\"author\" content=\"wildron\" \/>\n<meta name=\"twitter:card\" content=\"summary_large_image\" \/>\n<meta name=\"twitter:label1\" content=\"Written by\" \/>\n\t<meta name=\"twitter:data1\" content=\"wildron\" \/>\n\t<meta name=\"twitter:label2\" content=\"Est. reading time\" \/>\n\t<meta name=\"twitter:data2\" content=\"5 perc\" \/>\n<script type=\"application\/ld+json\" class=\"yoast-schema-graph\">{\"@context\":\"https:\/\/schema.org\",\"@graph\":[{\"@type\":\"WebPage\",\"@id\":\"https:\/\/rosstylepro.com\/1516\/los-autos-electricos-mas-baratos-de-la-actualidad\/\",\"url\":\"https:\/\/rosstylepro.com\/1516\/los-autos-electricos-mas-baratos-de-la-actualidad\/\",\"name\":\"Los Autos El\u00e9ctricos M\u00e1s Baratos de la Actualidad\",\"isPartOf\":{\"@id\":\"https:\/\/rosstylepro.com\/en\/#website\"},\"primaryImageOfPage\":{\"@id\":\"https:\/\/rosstylepro.com\/1516\/los-autos-electricos-mas-baratos-de-la-actualidad\/#primaryimage\"},\"image\":{\"@id\":\"https:\/\/rosstylepro.com\/1516\/los-autos-electricos-mas-baratos-de-la-actualidad\/#primaryimage\"},\"thumbnailUrl\":\"https:\/\/rosstylepro.com\/wp-content\/uploads\/sites\/137\/2024\/12\/Design-sem-nome-2.jpg\",\"datePublished\":\"2024-12-11T10:18:51+00:00\",\"dateModified\":\"2024-12-11T10:24:54+00:00\",\"author\":{\"@id\":\"https:\/\/rosstylepro.com\/en\/#\/schema\/person\/76055186668d83cd745fe9d37a5eec26\"},\"description\":\"Los Autos El\u00e9ctricos M\u00e1s Baratos de la Actualidad Si ya has o\u00eddo hablar de los autos el\u00e9ctricos, probablemente sepas que son el futuro de...\",\"breadcrumb\":{\"@id\":\"https:\/\/rosstylepro.com\/1516\/los-autos-electricos-mas-baratos-de-la-actualidad\/#breadcrumb\"},\"inLanguage\":\"hu\",\"potentialAction\":[{\"@type\":\"ReadAction\",\"target\":[\"https:\/\/rosstylepro.com\/1516\/los-autos-electricos-mas-baratos-de-la-actualidad\/\"]}]},{\"@type\":\"ImageObject\",\"inLanguage\":\"hu\",\"@id\":\"https:\/\/rosstylepro.com\/1516\/los-autos-electricos-mas-baratos-de-la-actualidad\/#primaryimage\",\"url\":\"https:\/\/rosstylepro.com\/wp-content\/uploads\/sites\/137\/2024\/12\/Design-sem-nome-2.jpg\",\"contentUrl\":\"https:\/\/rosstylepro.com\/wp-content\/uploads\/sites\/137\/2024\/12\/Design-sem-nome-2.jpg\",\"width\":550,\"height\":350},{\"@type\":\"BreadcrumbList\",\"@id\":\"https:\/\/rosstylepro.com\/1516\/los-autos-electricos-mas-baratos-de-la-actualidad\/#breadcrumb\",\"itemListElement\":[{\"@type\":\"ListItem\",\"position\":1,\"name\":\"Home\",\"item\":\"https:\/\/rosstylepro.com\/\"},{\"@type\":\"ListItem\",\"position\":2,\"name\":\"Los Autos El\u00e9ctricos M\u00e1s Baratos de la Actualidad\"}]},{\"@type\":\"WebSite\",\"@id\":\"https:\/\/rosstylepro.com\/en\/#website\",\"url\":\"https:\/\/rosstylepro.com\/en\/\",\"name\":\"RosstylePRO\",\"description\":\"\",\"potentialAction\":[{\"@type\":\"SearchAction\",\"target\":{\"@type\":\"EntryPoint\",\"urlTemplate\":\"https:\/\/rosstylepro.com\/en\/?s={search_term_string}\"},\"query-input\":\"required name=search_term_string\"}],\"inLanguage\":\"hu\"},{\"@type\":\"Person\",\"@id\":\"https:\/\/rosstylepro.com\/en\/#\/schema\/person\/76055186668d83cd745fe9d37a5eec26\",\"name\":\"wildron\",\"image\":{\"@type\":\"ImageObject\",\"inLanguage\":\"hu\",\"@id\":\"https:\/\/rosstylepro.com\/en\/#\/schema\/person\/image\/\",\"url\":\"https:\/\/secure.gravatar.com\/avatar\/c76514f6e618a9155e4cb169c8cb86d3?s=96&d=mm&r=g\",\"contentUrl\":\"https:\/\/secure.gravatar.com\/avatar\/c76514f6e618a9155e4cb169c8cb86d3?s=96&d=mm&r=g\",\"caption\":\"wildron\"},\"url\":\"https:\/\/rosstylepro.com\/hu\/author\/wildron\/\"}]}<\/script>\n<!-- \/ Yoast SEO plugin. -->","yoast_head_json":{"title":"Los Autos El\u00e9ctricos M\u00e1s Baratos de la Actualidad","description":"Los Autos El\u00e9ctricos M\u00e1s Baratos de la Actualidad Si ya has o\u00eddo hablar de los autos el\u00e9ctricos, probablemente sepas que son el futuro de...","robots":{"index":"index","follow":"follow","max-snippet":"max-snippet:-1","max-image-preview":"max-image-preview:large","max-video-preview":"max-video-preview:-1"},"canonical":"https:\/\/rosstylepro.com\/hu\/1516\/los-autos-electricos-mas-baratos-de-la-actualidad\/","og_locale":"hu_HU","og_type":"article","og_title":"Los Autos El\u00e9ctricos M\u00e1s Baratos de la Actualidad","og_description":"Los Autos El\u00e9ctricos M\u00e1s Baratos de la Actualidad Si ya has o\u00eddo hablar de los autos el\u00e9ctricos, probablemente sepas que son el futuro de...","og_url":"https:\/\/rosstylepro.com\/hu\/1516\/los-autos-electricos-mas-baratos-de-la-actualidad\/","og_site_name":"RosstylePRO","article_published_time":"2024-12-11T10:18:51+00:00","article_modified_time":"2024-12-11T10:24:54+00:00","og_image":[{"width":550,"height":350,"url":"https:\/\/rosstylepro.com\/wp-content\/uploads\/sites\/137\/2024\/12\/Design-sem-nome-2.jpg","type":"image\/jpeg"}],"author":"wildron","twitter_card":"summary_large_image","twitter_misc":{"Written by":"wildron","Est. reading time":"5 perc"},"schema":{"@context":"https:\/\/schema.org","@graph":[{"@type":"WebPage","@id":"https:\/\/rosstylepro.com\/1516\/los-autos-electricos-mas-baratos-de-la-actualidad\/","url":"https:\/\/rosstylepro.com\/1516\/los-autos-electricos-mas-baratos-de-la-actualidad\/","name":"Los Autos El\u00e9ctricos M\u00e1s Baratos de la Actualidad","isPartOf":{"@id":"https:\/\/rosstylepro.com\/en\/#website"},"primaryImageOfPage":{"@id":"https:\/\/rosstylepro.com\/1516\/los-autos-electricos-mas-baratos-de-la-actualidad\/#primaryimage"},"image":{"@id":"https:\/\/rosstylepro.com\/1516\/los-autos-electricos-mas-baratos-de-la-actualidad\/#primaryimage"},"thumbnailUrl":"https:\/\/rosstylepro.com\/wp-content\/uploads\/sites\/137\/2024\/12\/Design-sem-nome-2.jpg","datePublished":"2024-12-11T10:18:51+00:00","dateModified":"2024-12-11T10:24:54+00:00","author":{"@id":"https:\/\/rosstylepro.com\/en\/#\/schema\/person\/76055186668d83cd745fe9d37a5eec26"},"description":"Los Autos El\u00e9ctricos M\u00e1s Baratos de la Actualidad Si ya has o\u00eddo hablar de los autos el\u00e9ctricos, probablemente sepas que son el futuro de...","breadcrumb":{"@id":"https:\/\/rosstylepro.com\/1516\/los-autos-electricos-mas-baratos-de-la-actualidad\/#breadcrumb"},"inLanguage":"hu","potentialAction":[{"@type":"ReadAction","target":["https:\/\/rosstylepro.com\/1516\/los-autos-electricos-mas-baratos-de-la-actualidad\/"]}]},{"@type":"ImageObject","inLanguage":"hu","@id":"https:\/\/rosstylepro.com\/1516\/los-autos-electricos-mas-baratos-de-la-actualidad\/#primaryimage","url":"https:\/\/rosstylepro.com\/wp-content\/uploads\/sites\/137\/2024\/12\/Design-sem-nome-2.jpg","contentUrl":"https:\/\/rosstylepro.com\/wp-content\/uploads\/sites\/137\/2024\/12\/Design-sem-nome-2.jpg","width":550,"height":350},{"@type":"BreadcrumbList","@id":"https:\/\/rosstylepro.com\/1516\/los-autos-electricos-mas-baratos-de-la-actualidad\/#breadcrumb","itemListElement":[{"@type":"ListItem","position":1,"name":"Home","item":"https:\/\/rosstylepro.com\/"},{"@type":"ListItem","position":2,"name":"Los Autos El\u00e9ctricos M\u00e1s Baratos de la Actualidad"}]},{"@type":"WebSite","@id":"https:\/\/rosstylepro.com\/en\/#website","url":"https:\/\/rosstylepro.com\/en\/","name":"RosstylePRO","description":"","potentialAction":[{"@type":"SearchAction","target":{"@type":"EntryPoint","urlTemplate":"https:\/\/rosstylepro.com\/en\/?s={search_term_string}"},"query-input":"required name=search_term_string"}],"inLanguage":"hu"},{"@type":"Person","@id":"https:\/\/rosstylepro.com\/en\/#\/schema\/person\/76055186668d83cd745fe9d37a5eec26","name":"wildron","image":{"@type":"ImageObject","inLanguage":"hu","@id":"https:\/\/rosstylepro.com\/en\/#\/schema\/person\/image\/","url":"https:\/\/secure.gravatar.com\/avatar\/c76514f6e618a9155e4cb169c8cb86d3?s=96&d=mm&r=g","contentUrl":"https:\/\/secure.gravatar.com\/avatar\/c76514f6e618a9155e4cb169c8cb86d3?s=96&d=mm&r=g","caption":"wildron"},"url":"https:\/\/rosstylepro.com\/hu\/author\/wildron\/"}]}},"_links":{"self":[{"href":"https:\/\/rosstylepro.com\/hu\/wp-json\/wp\/v2\/posts\/1516"}],"collection":[{"href":"https:\/\/rosstylepro.com\/hu\/wp-json\/wp\/v2\/posts"}],"about":[{"href":"https:\/\/rosstylepro.com\/hu\/wp-json\/wp\/v2\/types\/post"}],"author":[{"embeddable":true,"href":"https:\/\/rosstylepro.com\/hu\/wp-json\/wp\/v2\/users\/128"}],"replies":[{"embeddable":true,"href":"https:\/\/rosstylepro.com\/hu\/wp-json\/wp\/v2\/comments?post=1516"}],"version-history":[{"count":2,"href":"https:\/\/rosstylepro.com\/hu\/wp-json\/wp\/v2\/posts\/1516\/revisions"}],"predecessor-version":[{"id":1520,"href":"https:\/\/rosstylepro.com\/hu\/wp-json\/wp\/v2\/posts\/1516\/revisions\/1520"}],"wp:featuredmedia":[{"embeddable":true,"href":"https:\/\/rosstylepro.com\/hu\/wp-json\/wp\/v2\/media\/1517"}],"wp:attachment":[{"href":"https:\/\/rosstylepro.com\/hu\/wp-json\/wp\/v2\/media?parent=1516"}],"wp:term":[{"taxonomy":"category","embeddable":true,"href":"https:\/\/rosstylepro.com\/hu\/wp-json\/wp\/v2\/categories?post=1516"},{"taxonomy":"post_tag","embeddable":true,"href":"https:\/\/rosstylepro.com\/hu\/wp-json\/wp\/v2\/tags?post=1516"}],"curies":[{"name":"wp","href":"https:\/\/api.w.org\/{rel}","templated":true}]}}