{"id":1528,"date":"2024-12-12T02:27:38","date_gmt":"2024-12-12T02:27:38","guid":{"rendered":"https:\/\/rosstylepro.com\/?p=1528"},"modified":"2024-12-12T02:27:40","modified_gmt":"2024-12-12T02:27:40","slug":"7-pasos-para-asumir-el-liderazgo","status":"publish","type":"post","link":"https:\/\/rosstylepro.com\/hu\/1528\/7-pasos-para-asumir-el-liderazgo\/","title":{"rendered":"7 l\u00e9p\u00e9s a vezet\u00e9s elv\u00e1llal\u00e1s\u00e1hoz"},"content":{"rendered":"<p>A vezet\u00e9s ijeszt\u0151 feladatnak t\u0171nhet, de az igazs\u00e1g az, hogy egy kis gyakorl\u00e1ssal \u00e9s elsz\u00e1nts\u00e1ggal b\u00e1rkib\u0151l nagyszer\u0171 vezet\u0151 v\u00e1lhat. 7 l\u00e9p\u00e9s a vezet\u0151i szerep \u00e1tv\u00e9tel\u00e9hez<\/p>\n\n\n\n<p>Ak\u00e1r az iskol\u00e1ban, ak\u00e1r a munk\u00e1ban, ak\u00e1r az \u00e9let b\u00e1rmely m\u00e1s ter\u00fclet\u00e9n, a vezet\u0151i szerepv\u00e1llal\u00e1s \u00e9rt\u00e9kes fejlesztend\u0151 k\u00e9szs\u00e9g. \u00cdme 7 egyszer\u0171 \u00e9s sz\u00f3rakoztat\u00f3 l\u00e9p\u00e9s, amelyek seg\u00edtenek p\u00e9lda\u00e9rt\u00e9k\u0171 vezet\u0151v\u00e9 v\u00e1lni!<\/p>\n\n\n\n<h3 class=\"wp-block-heading\">1. l\u00e9p\u00e9s: Ismerd meg \u00f6nmagad<\/h3>\n\n\n\n<p>A nagyszer\u0171 vezet\u0151v\u00e9 v\u00e1l\u00e1s els\u0151 l\u00e9p\u00e9se az \u00f6nmagad megismer\u00e9se. \u00c9rtsd meg az er\u0151ss\u00e9geidet \u00e9s gyenges\u00e9geidet, \u00e9s t\u00f6rekedj a folyamatos fejl\u0151d\u00e9sre. <\/p>\n\n\n\n<p>Ha tudod, hogy j\u00f3 vagy a nyilv\u00e1nos besz\u00e9dben, haszn\u00e1ld ki ezt az el\u0151ny\u00f6dre! Ha m\u00e9g mindig k\u00fczdesz az id\u0151beoszt\u00e1ssal, mi\u00e9rt ne k\u00e9rn\u00e9l tan\u00e1csot egy \u00e1ltalad csod\u00e1lt szem\u00e9lyt\u0151l? <\/p>\n\n\n\n<h3 class=\"wp-block-heading\"><strong>L\u00e1sd m\u00e9g:<\/strong><\/h3>\n\n\n\n<ul id=\"block-66dac9e7-3040-4417-927b-abad78f27d08\">\n<li><a href=\"https:\/\/rosstylepro.com\/hu\/1524\/las-mejores-aplicaciones-para-monitorear-a-los-hijos\/\">A legjobb alkalmaz\u00e1sok a gyermekek megfigyel\u00e9s\u00e9re<\/a><\/li>\n\n\n\n<li><a href=\"https:\/\/rosstylepro.com\/hu\/1521\/te-para-acabar-con-el-colesterol-alto\/\">Tea a magas koleszterinszint megsz\u00fcntet\u00e9s\u00e9re<\/a><\/li>\n\n\n\n<li><a href=\"https:\/\/rosstylepro.com\/hu\/1516\/los-autos-electricos-mas-baratos-de-la-actualidad\/\">Napjaink legolcs\u00f3bb elektromos aut\u00f3i<\/a><\/li>\n\n\n\n<li><a href=\"https:\/\/rosstylepro.com\/hu\/1513\/aprende-a-tocar-piano-con-estas-apps\/\">Tanuljon meg zongor\u00e1zni ezekkel az alkalmaz\u00e1sokkal<\/a><\/li>\n\n\n\n<li><a href=\"https:\/\/rosstylepro.com\/hu\/1510\/los-6-autos-que-menos-consumen-combustible-en-2024\/\">A 6 aut\u00f3, amely a legkevesebb \u00fczemanyagot fogyasztja 2024-ben<\/a><\/li>\n<\/ul>\n\n\n\n<p>Az \u00f6nismeret seg\u00edt abban, hogy magabiztosabban \u00e9s hitelesebben vezess. Tov\u00e1bb\u00e1, ha meg\u00e9rted az er\u0151ss\u00e9geidet \u00e9s gyenges\u00e9geidet, hat\u00e9konyabban deleg\u00e1lhatod a feladatokat, kihaszn\u00e1lva a t\u00f6bbi csapattag tehets\u00e9g\u00e9t.<\/p>\n\n\n\n<h3 class=\"wp-block-heading\">2. l\u00e9p\u00e9s: L\u00e9gy p\u00e9ldak\u00e9p<\/h3>\n\n\n\n<p>Egy j\u00f3 vezet\u0151 olyan valaki, akit az emberek csod\u00e1lnak \u00e9s k\u00f6vetni akarnak. Ehhez mindenben p\u00e9ldak\u00e9pnek kell lenned, amit teszel. L\u00e9gy \u0151szinte, tisztelettud\u00f3 \u00e9s szorgalmas. <\/p>\n\n\n\n<p>Ha azt v\u00e1rod, hogy az emberek id\u0151ben \u00e9rkezzenek, l\u00e9gy az els\u0151, aki ott van. Ne feledd: a tettek hangosabbak a szavakn\u00e1l! <\/p>\n\n\n\n<p>Tov\u00e1bb\u00e1 a p\u00e9ldamutat\u00e1s azt jelenti, hogy k\u00f6vetkezetesek vagyunk a viselked\u00e9s\u00fcnkben \u00e9s a d\u00f6nt\u00e9seinkben. Az emberek megb\u00edznak azokban a vezet\u0151kben, akik tartj\u00e1k a szavukat \u00e9s becs\u00fcletesen cselekszenek.<\/p>\n\n\n\n<h3 class=\"wp-block-heading\">3. l\u00e9p\u00e9s: Vil\u00e1gos \u00e9s hat\u00e9kony kommunik\u00e1ci\u00f3<\/h3>\n\n\n\n<p>A kommunik\u00e1ci\u00f3 kulcsfontoss\u00e1g\u00fa a j\u00f3 vezet\u00e9shez. Gy\u0151z\u0151dj\u00f6n meg r\u00f3la, hogy mindenki meg\u00e9rti az elv\u00e1r\u00e1sait \u00e9s c\u00e9ljait. Ez mag\u00e1ban foglalja azt is, hogy figyelmesen meghallgassa, mit mondanak m\u00e1sok. <\/p>\n\n\n\n<p>Egy hat\u00e9kony vezet\u0151 tudja, mikor kell besz\u00e9lni, \u00e9s ami a legfontosabb, mikor kell hallgatni. Gyakoroljon akt\u00edv hallgat\u00e1st, \u00e9s mindig tartsa nyitva a kommunik\u00e1ci\u00f3s csatorn\u00e1kat. <\/p>\n\n\n\n<p>Az is hasznos, ha konstrukt\u00edv visszajelz\u00e9st adunk, \u00e9s tudjuk, hogyan fogadjuk azt. A ny\u00edlt kommunik\u00e1ci\u00f3s k\u00f6rnyezet bizalmat \u00e9s egy\u00fcttm\u0171k\u00f6d\u00e9st teremt a csapaton bel\u00fcl.<\/p>\n\n\n\n<h3 class=\"wp-block-heading\">4. l\u00e9p\u00e9s: Hozz magabiztos d\u00f6nt\u00e9seket<\/h3>\n\n\n\n<p>A vezet\u0151knek d\u00f6nt\u00e9seket kell hozniuk, \u00e9s ez ijeszt\u0151 lehet. A j\u00f3 h\u00edr az, hogy a gyakorlat teszi a mestert. Kezdj\u00fck apr\u00f3 d\u00f6nt\u00e9sekkel, \u00e9s fokozatosan n\u00f6velj\u00fck azokat. <\/p>\n\n\n\n<p>Ne felejtsd el figyelembe venni az \u00f6sszes el\u00e9rhet\u0151 inform\u00e1ci\u00f3t, de ne f\u00e9lj a meg\u00e9rz\u00e9seidre hallgatni. \u00c9s ha hib\u00e1zol? Az rendben van! Haszn\u00e1ld ki a tanul\u00e1s \u00e9s a fejl\u0151d\u00e9s lehet\u0151s\u00e9g\u00e9t. <\/p>\n\n\n\n<p>A magabiztos d\u00f6nt\u00e9shozatal nem impulz\u00edvnak t\u0171nik; azt jelenti, hogy j\u00f3l inform\u00e1ltnak kell lenni, \u00e9s az \u00e9rt\u00e9keiddel, c\u00e9ljaiddal \u00f6sszhangban kell cselekedni.<\/p>\n\n\n\n<h3 class=\"wp-block-heading\">5. l\u00e9p\u00e9s: Inspir\u00e1ld \u00e9s motiv\u00e1ld a csapatodat<\/h3>\n\n\n\n<p>Egy igazi vezet\u0151 tudja, hogyan inspir\u00e1lja \u00e9s motiv\u00e1lja a csapat\u00e1t. Ismerje el mindenki er\u0151fesz\u00edt\u00e9seit, \u00e9s \u00fcnnepelje meg a gy\u0151zelmeket, b\u00e1rmilyen apr\u00f3k is legyenek. Mutassa meg, hogy t\u00f6r\u0151dik mindenki j\u00f3l\u00e9t\u00e9vel \u00e9s fejl\u0151d\u00e9s\u00e9vel. <\/p>\n\n\n\n<p>Az inspir\u00e1l\u00f3 vezet\u0151k azok, akik minden csapattagot \u00e9rt\u00e9kesnek \u00e9s fontosnak \u00e9reztetnek. Ez mag\u00e1ban foglalhatja a csapat j\u00f6v\u0151k\u00e9p\u00e9nek \u00e9s annak megoszt\u00e1s\u00e1t, hogy az egyes szem\u00e9lyek hogyan j\u00e1rulnak hozz\u00e1 ehhez a j\u00f6v\u0151k\u00e9phez, valamint a szakmai fejl\u0151d\u00e9s \u00e9s gyarapod\u00e1s lehet\u0151s\u00e9g\u00e9nek biztos\u00edt\u00e1s\u00e1t.<\/p>\n\n\n\n<h3 class=\"wp-block-heading\">6. l\u00e9p\u00e9s: Oldja meg b\u00f6lcsen a konfliktusokat<\/h3>\n\n\n\n<p>A konfliktusok elker\u00fclhetetlenek, de a megold\u00e1suk m\u00f3dja mindent megv\u00e1ltoztathat. N\u00e9zz szembe a probl\u00e9m\u00e1kkal szemt\u0151l szemben, nyugodtan \u00e9s objekt\u00edven. <\/p>\n\n\n\n<p>Hallgasd meg a t\u00f6rt\u00e9net minden oldal\u00e1t, \u00e9s keress olyan megold\u00e1st, amely mindenki sz\u00e1m\u00e1ra m\u00e9lt\u00e1nyos. Egy j\u00f3 vezet\u0151 nem riad vissza a konfliktusokt\u00f3l, hanem ink\u00e1bb lehet\u0151s\u00e9gekk\u00e9 alak\u00edtja azokat az egy\u00fctt\u00e9l\u00e9s jav\u00edt\u00e1s\u00e1ra \u00e9s a kapcsolatok meger\u0151s\u00edt\u00e9s\u00e9re. <\/p>\n\n\n\n<p>A k\u00f6zvet\u00edt\u00e9s \u00e9s a t\u00e1rgyal\u00e1s elsaj\u00e1t\u00edt\u00e1sa kulcsfontoss\u00e1g\u00fa a vit\u00e1k hat\u00e9kony rendez\u00e9s\u00e9hez, biztos\u00edtva, hogy minden f\u00e9l \u00fagy \u00e9rezze, meghallgatj\u00e1k \u00e9s tiszteletben tartj\u00e1k.<\/p>\n\n\n\n<h3 class=\"wp-block-heading\">7. l\u00e9p\u00e9s: Soha ne hagyd abba a tanul\u00e1st<\/h3>\n\n\n\n<p>A kiv\u00e1l\u00f3 vezet\u0151v\u00e9 v\u00e1l\u00e1s utols\u00f3 l\u00e9p\u00e9se, hogy soha ne hagyd abba a tanul\u00e1st. Tanfolyamokra j\u00e1rj, k\u00f6nyveket olvass, konferenci\u00e1kra j\u00e1rj, \u00e9s mindenekel\u0151tt l\u00e9gy mindig nyitott az \u00faj \u00f6tletekre \u00e9s perspekt\u00edv\u00e1kra. <\/p>\n\n\n\n<p>A vil\u00e1g folyamatosan v\u00e1ltozik, \u00e9s ahhoz, hogy hat\u00e9konyan vezess, naprak\u00e9sznek kell lenned, \u00e9s hajland\u00f3nak kell lenned alkalmazkodni. A folyamatos k\u00e9pz\u00e9s nemcsak a k\u00e9szs\u00e9geidet fejleszti, hanem azt is megmutatja a csapatodnak, hogy \u00e9rt\u00e9keled a szem\u00e9lyes n\u00f6veked\u00e9st \u00e9s fejl\u0151d\u00e9st, ez\u00e1ltal folyamatos tanul\u00e1si \u00e9s fejl\u0151d\u00e9si kult\u00far\u00e1t teremtve.<\/p>\n\n\n\n<h3 class=\"wp-block-heading\">Az etikus vezet\u00e9s fontoss\u00e1ga<\/h3>\n\n\n\n<p>A vezet\u00e9s egyik l\u00e9nyeges aspektusa, amelyet nem szabad figyelmen k\u00edv\u00fcl hagyni, az etika. Az etikus vezet\u00e9s mag\u00e1ban foglalja olyan d\u00f6nt\u00e9sek meghozatal\u00e1t, amelyek nemcsak a csapat vagy a szervezet jav\u00e1t szolg\u00e1lj\u00e1k, hanem igazs\u00e1gosak \u00e9s erk\u00f6lcsileg helyesek is.<\/p>\n\n\n<div class=\"wp-block-image\">\n<figure class=\"aligncenter size-full\"><img fetchpriority=\"high\" decoding=\"async\" width=\"550\" height=\"350\" src=\"https:\/\/rosstylepro.com\/wp-content\/uploads\/sites\/137\/2024\/12\/Design-sem-nome-5.jpg\" alt=\"7 pasos para Asumir el Liderazgo\" class=\"wp-image-1529\" srcset=\"https:\/\/rosstylepro.com\/wp-content\/uploads\/sites\/137\/2024\/12\/Design-sem-nome-5.jpg 550w, https:\/\/rosstylepro.com\/wp-content\/uploads\/sites\/137\/2024\/12\/Design-sem-nome-5-300x191.jpg 300w, https:\/\/rosstylepro.com\/wp-content\/uploads\/sites\/137\/2024\/12\/Design-sem-nome-5-18x12.jpg 18w\" sizes=\"(max-width: 550px) 100vw, 550px\" \/><figcaption class=\"wp-element-caption\">7 l\u00e9p\u00e9s a vezet\u00e9s elv\u00e1llal\u00e1s\u00e1hoz<\/figcaption><\/figure><\/div>\n\n\n<p>Egy etikus vezet\u0151 magas m\u00e9rc\u00e9t \u00e1ll\u00edt fel a szervezet minden tagja sz\u00e1m\u00e1ra, \u00e9s biztos\u00edtja, hogy a tettek \u00e9s d\u00f6nt\u00e9sek \u00f6sszhangban legyenek a pozit\u00edv \u00e9s felel\u0151ss\u00e9gteljes \u00e9rt\u00e9kekkel.<\/p>\n\n\n\n<h3 class=\"wp-block-heading\">K\u00f6vetkeztet\u00e9s<\/h3>\n\n\n\n<p>A vezet\u0151i szerepk\u00f6r bet\u00f6lt\u00e9se kih\u00edv\u00e1st jelenthet, de ha k\u00f6veted ezt a 7 l\u00e9p\u00e9st, j\u00f3 \u00faton haladsz afel\u00e9, hogy nagyszer\u0171 vezet\u0151v\u00e9 v\u00e1lj. <\/p>\n\n\n\n<p>Ne feledd, hogy ismerd \u00f6nmagad, l\u00e9gy p\u00e9ldak\u00e9p, kommunik\u00e1lj vil\u00e1gosan, hozz magabiztos d\u00f6nt\u00e9seket, inspir\u00e1ld \u00e9s motiv\u00e1ld a csapatodat, b\u00f6lcsen oldd meg a konfliktusokat, \u00e9s soha ne hagyd abba a tanul\u00e1st. <\/p>\n\n\n\n<p>Elk\u00f6telezetts\u00e9ggel \u00e9s gyakorl\u00e1ssal k\u00e9szen \u00e1llsz arra, hogy b\u00e1rmilyen vezet\u0151i poz\u00edci\u00f3t bet\u00f6lts az \u00e9letedben.<\/p>\n\n\n\n<p>K\u00e9szen \u00e1llsz arra, hogy ezeket a l\u00e9p\u00e9seket a gyakorlatba is \u00e1t\u00fcltesd, \u00e9s kiemelked\u0151 vezet\u0151v\u00e9 v\u00e1lj? Kezdd el m\u00e9g ma, \u00e9s n\u00e9zd meg, milyen v\u00e1ltoz\u00e1st hozhatsz a k\u00f6r\u00fcl\u00f6tted l\u00e9v\u0151 vil\u00e1gban!<\/p>\n\n\n\n<p><\/p>","protected":false},"excerpt":{"rendered":"<p>A vezet\u00e9s ijeszt\u0151 feladatnak t\u0171nhet, de az igazs\u00e1g az, hogy b\u00e1rkib\u0151l nagyszer\u0171 vezet\u0151 v\u00e1lhat egy kis gyakorl\u00e1ssal \u00e9s elsz\u00e1nts\u00e1ggal. 7 l\u00e9p\u00e9s a vezet\u0151i szerep \u00e1tv\u00e9tel\u00e9hez Ak\u00e1r iskol\u00e1ban, ak\u00e1r a munk\u00e1ban, ak\u00e1r az \u00e9let b\u00e1rmely m\u00e1s ter\u00fclet\u00e9n, a vezet\u0151i szerep \u00e1tv\u00e9tele \u00e9rt\u00e9kes k\u00e9szs\u00e9g [\u2026]<\/p>","protected":false},"author":128,"featured_media":1529,"comment_status":"closed","ping_status":"open","sticky":false,"template":"","format":"standard","meta":{"footnotes":""},"categories":[4],"tags":[317,318,319],"yoast_head":"<!-- This site is optimized with the Yoast SEO plugin v23.3 - https:\/\/yoast.com\/wordpress\/plugins\/seo\/ -->\n<title>7 pasos para Asumir el Liderazgo<\/title>\n<meta name=\"description\" content=\"7 pasos para Asumir el Liderazgo, Liderar puede parecer una tarea intimidante, pero la verdad es que cualquier persona puede convertirse...\" \/>\n<meta name=\"robots\" content=\"index, follow, max-snippet:-1, max-image-preview:large, max-video-preview:-1\" \/>\n<link rel=\"canonical\" href=\"https:\/\/rosstylepro.com\/hu\/1528\/7-pasos-para-asumir-el-liderazgo\/\" \/>\n<meta property=\"og:locale\" content=\"hu_HU\" \/>\n<meta property=\"og:type\" content=\"article\" \/>\n<meta property=\"og:title\" content=\"7 pasos para Asumir el Liderazgo\" \/>\n<meta property=\"og:description\" content=\"7 pasos para Asumir el Liderazgo, Liderar puede parecer una tarea intimidante, pero la verdad es que cualquier persona puede convertirse...\" \/>\n<meta property=\"og:url\" content=\"https:\/\/rosstylepro.com\/hu\/1528\/7-pasos-para-asumir-el-liderazgo\/\" \/>\n<meta property=\"og:site_name\" content=\"RosstylePRO\" \/>\n<meta property=\"article:published_time\" content=\"2024-12-12T02:27:38+00:00\" \/>\n<meta property=\"article:modified_time\" content=\"2024-12-12T02:27:40+00:00\" \/>\n<meta property=\"og:image\" content=\"https:\/\/rosstylepro.com\/wp-content\/uploads\/sites\/137\/2024\/12\/Design-sem-nome-5.jpg\" \/>\n\t<meta property=\"og:image:width\" content=\"550\" \/>\n\t<meta property=\"og:image:height\" content=\"350\" \/>\n\t<meta property=\"og:image:type\" content=\"image\/jpeg\" \/>\n<meta name=\"author\" content=\"wildron\" \/>\n<meta name=\"twitter:card\" content=\"summary_large_image\" \/>\n<meta name=\"twitter:label1\" content=\"Written by\" \/>\n\t<meta name=\"twitter:data1\" content=\"wildron\" \/>\n\t<meta name=\"twitter:label2\" content=\"Est. reading time\" \/>\n\t<meta name=\"twitter:data2\" content=\"6 perc\" \/>\n<script type=\"application\/ld+json\" class=\"yoast-schema-graph\">{\"@context\":\"https:\/\/schema.org\",\"@graph\":[{\"@type\":\"WebPage\",\"@id\":\"https:\/\/rosstylepro.com\/1528\/7-pasos-para-asumir-el-liderazgo\/\",\"url\":\"https:\/\/rosstylepro.com\/1528\/7-pasos-para-asumir-el-liderazgo\/\",\"name\":\"7 pasos para Asumir el Liderazgo\",\"isPartOf\":{\"@id\":\"https:\/\/rosstylepro.com\/en\/#website\"},\"primaryImageOfPage\":{\"@id\":\"https:\/\/rosstylepro.com\/1528\/7-pasos-para-asumir-el-liderazgo\/#primaryimage\"},\"image\":{\"@id\":\"https:\/\/rosstylepro.com\/1528\/7-pasos-para-asumir-el-liderazgo\/#primaryimage\"},\"thumbnailUrl\":\"https:\/\/rosstylepro.com\/wp-content\/uploads\/sites\/137\/2024\/12\/Design-sem-nome-5.jpg\",\"datePublished\":\"2024-12-12T02:27:38+00:00\",\"dateModified\":\"2024-12-12T02:27:40+00:00\",\"author\":{\"@id\":\"https:\/\/rosstylepro.com\/en\/#\/schema\/person\/76055186668d83cd745fe9d37a5eec26\"},\"description\":\"7 pasos para Asumir el Liderazgo, Liderar puede parecer una tarea intimidante, pero la verdad es que cualquier persona puede convertirse...\",\"breadcrumb\":{\"@id\":\"https:\/\/rosstylepro.com\/1528\/7-pasos-para-asumir-el-liderazgo\/#breadcrumb\"},\"inLanguage\":\"hu\",\"potentialAction\":[{\"@type\":\"ReadAction\",\"target\":[\"https:\/\/rosstylepro.com\/1528\/7-pasos-para-asumir-el-liderazgo\/\"]}]},{\"@type\":\"ImageObject\",\"inLanguage\":\"hu\",\"@id\":\"https:\/\/rosstylepro.com\/1528\/7-pasos-para-asumir-el-liderazgo\/#primaryimage\",\"url\":\"https:\/\/rosstylepro.com\/wp-content\/uploads\/sites\/137\/2024\/12\/Design-sem-nome-5.jpg\",\"contentUrl\":\"https:\/\/rosstylepro.com\/wp-content\/uploads\/sites\/137\/2024\/12\/Design-sem-nome-5.jpg\",\"width\":550,\"height\":350},{\"@type\":\"BreadcrumbList\",\"@id\":\"https:\/\/rosstylepro.com\/1528\/7-pasos-para-asumir-el-liderazgo\/#breadcrumb\",\"itemListElement\":[{\"@type\":\"ListItem\",\"position\":1,\"name\":\"Home\",\"item\":\"https:\/\/rosstylepro.com\/\"},{\"@type\":\"ListItem\",\"position\":2,\"name\":\"7 pasos para Asumir el Liderazgo\"}]},{\"@type\":\"WebSite\",\"@id\":\"https:\/\/rosstylepro.com\/en\/#website\",\"url\":\"https:\/\/rosstylepro.com\/en\/\",\"name\":\"RosstylePRO\",\"description\":\"\",\"potentialAction\":[{\"@type\":\"SearchAction\",\"target\":{\"@type\":\"EntryPoint\",\"urlTemplate\":\"https:\/\/rosstylepro.com\/en\/?s={search_term_string}\"},\"query-input\":\"required name=search_term_string\"}],\"inLanguage\":\"hu\"},{\"@type\":\"Person\",\"@id\":\"https:\/\/rosstylepro.com\/en\/#\/schema\/person\/76055186668d83cd745fe9d37a5eec26\",\"name\":\"wildron\",\"image\":{\"@type\":\"ImageObject\",\"inLanguage\":\"hu\",\"@id\":\"https:\/\/rosstylepro.com\/en\/#\/schema\/person\/image\/\",\"url\":\"https:\/\/secure.gravatar.com\/avatar\/c76514f6e618a9155e4cb169c8cb86d3?s=96&d=mm&r=g\",\"contentUrl\":\"https:\/\/secure.gravatar.com\/avatar\/c76514f6e618a9155e4cb169c8cb86d3?s=96&d=mm&r=g\",\"caption\":\"wildron\"},\"url\":\"https:\/\/rosstylepro.com\/hu\/author\/wildron\/\"}]}<\/script>\n<!-- \/ Yoast SEO plugin. -->","yoast_head_json":{"title":"7 pasos para Asumir el Liderazgo","description":"7 pasos para Asumir el Liderazgo, Liderar puede parecer una tarea intimidante, pero la verdad es que cualquier persona puede convertirse...","robots":{"index":"index","follow":"follow","max-snippet":"max-snippet:-1","max-image-preview":"max-image-preview:large","max-video-preview":"max-video-preview:-1"},"canonical":"https:\/\/rosstylepro.com\/hu\/1528\/7-pasos-para-asumir-el-liderazgo\/","og_locale":"hu_HU","og_type":"article","og_title":"7 pasos para Asumir el Liderazgo","og_description":"7 pasos para Asumir el Liderazgo, Liderar puede parecer una tarea intimidante, pero la verdad es que cualquier persona puede convertirse...","og_url":"https:\/\/rosstylepro.com\/hu\/1528\/7-pasos-para-asumir-el-liderazgo\/","og_site_name":"RosstylePRO","article_published_time":"2024-12-12T02:27:38+00:00","article_modified_time":"2024-12-12T02:27:40+00:00","og_image":[{"width":550,"height":350,"url":"https:\/\/rosstylepro.com\/wp-content\/uploads\/sites\/137\/2024\/12\/Design-sem-nome-5.jpg","type":"image\/jpeg"}],"author":"wildron","twitter_card":"summary_large_image","twitter_misc":{"Written by":"wildron","Est. reading time":"6 perc"},"schema":{"@context":"https:\/\/schema.org","@graph":[{"@type":"WebPage","@id":"https:\/\/rosstylepro.com\/1528\/7-pasos-para-asumir-el-liderazgo\/","url":"https:\/\/rosstylepro.com\/1528\/7-pasos-para-asumir-el-liderazgo\/","name":"7 pasos para Asumir el Liderazgo","isPartOf":{"@id":"https:\/\/rosstylepro.com\/en\/#website"},"primaryImageOfPage":{"@id":"https:\/\/rosstylepro.com\/1528\/7-pasos-para-asumir-el-liderazgo\/#primaryimage"},"image":{"@id":"https:\/\/rosstylepro.com\/1528\/7-pasos-para-asumir-el-liderazgo\/#primaryimage"},"thumbnailUrl":"https:\/\/rosstylepro.com\/wp-content\/uploads\/sites\/137\/2024\/12\/Design-sem-nome-5.jpg","datePublished":"2024-12-12T02:27:38+00:00","dateModified":"2024-12-12T02:27:40+00:00","author":{"@id":"https:\/\/rosstylepro.com\/en\/#\/schema\/person\/76055186668d83cd745fe9d37a5eec26"},"description":"7 pasos para Asumir el Liderazgo, Liderar puede parecer una tarea intimidante, pero la verdad es que cualquier persona puede convertirse...","breadcrumb":{"@id":"https:\/\/rosstylepro.com\/1528\/7-pasos-para-asumir-el-liderazgo\/#breadcrumb"},"inLanguage":"hu","potentialAction":[{"@type":"ReadAction","target":["https:\/\/rosstylepro.com\/1528\/7-pasos-para-asumir-el-liderazgo\/"]}]},{"@type":"ImageObject","inLanguage":"hu","@id":"https:\/\/rosstylepro.com\/1528\/7-pasos-para-asumir-el-liderazgo\/#primaryimage","url":"https:\/\/rosstylepro.com\/wp-content\/uploads\/sites\/137\/2024\/12\/Design-sem-nome-5.jpg","contentUrl":"https:\/\/rosstylepro.com\/wp-content\/uploads\/sites\/137\/2024\/12\/Design-sem-nome-5.jpg","width":550,"height":350},{"@type":"BreadcrumbList","@id":"https:\/\/rosstylepro.com\/1528\/7-pasos-para-asumir-el-liderazgo\/#breadcrumb","itemListElement":[{"@type":"ListItem","position":1,"name":"Home","item":"https:\/\/rosstylepro.com\/"},{"@type":"ListItem","position":2,"name":"7 pasos para Asumir el Liderazgo"}]},{"@type":"WebSite","@id":"https:\/\/rosstylepro.com\/en\/#website","url":"https:\/\/rosstylepro.com\/en\/","name":"RosstylePRO","description":"","potentialAction":[{"@type":"SearchAction","target":{"@type":"EntryPoint","urlTemplate":"https:\/\/rosstylepro.com\/en\/?s={search_term_string}"},"query-input":"required name=search_term_string"}],"inLanguage":"hu"},{"@type":"Person","@id":"https:\/\/rosstylepro.com\/en\/#\/schema\/person\/76055186668d83cd745fe9d37a5eec26","name":"wildron","image":{"@type":"ImageObject","inLanguage":"hu","@id":"https:\/\/rosstylepro.com\/en\/#\/schema\/person\/image\/","url":"https:\/\/secure.gravatar.com\/avatar\/c76514f6e618a9155e4cb169c8cb86d3?s=96&d=mm&r=g","contentUrl":"https:\/\/secure.gravatar.com\/avatar\/c76514f6e618a9155e4cb169c8cb86d3?s=96&d=mm&r=g","caption":"wildron"},"url":"https:\/\/rosstylepro.com\/hu\/author\/wildron\/"}]}},"_links":{"self":[{"href":"https:\/\/rosstylepro.com\/hu\/wp-json\/wp\/v2\/posts\/1528"}],"collection":[{"href":"https:\/\/rosstylepro.com\/hu\/wp-json\/wp\/v2\/posts"}],"about":[{"href":"https:\/\/rosstylepro.com\/hu\/wp-json\/wp\/v2\/types\/post"}],"author":[{"embeddable":true,"href":"https:\/\/rosstylepro.com\/hu\/wp-json\/wp\/v2\/users\/128"}],"replies":[{"embeddable":true,"href":"https:\/\/rosstylepro.com\/hu\/wp-json\/wp\/v2\/comments?post=1528"}],"version-history":[{"count":1,"href":"https:\/\/rosstylepro.com\/hu\/wp-json\/wp\/v2\/posts\/1528\/revisions"}],"predecessor-version":[{"id":1530,"href":"https:\/\/rosstylepro.com\/hu\/wp-json\/wp\/v2\/posts\/1528\/revisions\/1530"}],"wp:featuredmedia":[{"embeddable":true,"href":"https:\/\/rosstylepro.com\/hu\/wp-json\/wp\/v2\/media\/1529"}],"wp:attachment":[{"href":"https:\/\/rosstylepro.com\/hu\/wp-json\/wp\/v2\/media?parent=1528"}],"wp:term":[{"taxonomy":"category","embeddable":true,"href":"https:\/\/rosstylepro.com\/hu\/wp-json\/wp\/v2\/categories?post=1528"},{"taxonomy":"post_tag","embeddable":true,"href":"https:\/\/rosstylepro.com\/hu\/wp-json\/wp\/v2\/tags?post=1528"}],"curies":[{"name":"wp","href":"https:\/\/api.w.org\/{rel}","templated":true}]}}