{"id":1555,"date":"2025-01-02T13:54:58","date_gmt":"2025-01-02T13:54:58","guid":{"rendered":"https:\/\/rosstylepro.com\/?p=1555"},"modified":"2025-01-02T15:29:59","modified_gmt":"2025-01-02T15:29:59","slug":"explorando-la-vision-nocturna","status":"publish","type":"post","link":"https:\/\/rosstylepro.com\/hu\/1555\/explorando-la-vision-nocturna\/","title":{"rendered":"\u00c9jjell\u00e1t\u00f3 k\u00e9pess\u00e9gek felfedez\u00e9se"},"content":{"rendered":"<h2 class=\"wp-block-heading\">Az \u00e9jjell\u00e1t\u00f3 meg\u00e9rt\u00e9se<\/h2>\n\n\n\n<p><\/p>\n\n\n\n<p>Az \u00e9jjell\u00e1t\u00f3 egy technol\u00f3giai \u00faj\u00edt\u00e1s, amely jav\u00edtja a s\u00f6t\u00e9tben val\u00f3 l\u00e1t\u00e1st, tiszta k\u00e9pet biztos\u00edtva ott, ahol a f\u00e9ny korl\u00e1tozott vagy egy\u00e1ltal\u00e1n nincs. <\/p>\n\n\n\n<p>A szakemberek \u00e9s a rajong\u00f3k \u00e1ltal egyar\u00e1nt haszn\u00e1lt eszk\u00f6z lehet\u0151v\u00e9 teszi a hat\u00e9kony \u00e9s biztons\u00e1gos felfedez\u00e9st \u00e9s munk\u00e1t s\u00f6t\u00e9tben.<\/p>\n\n\n\n<p><\/p>\n\n\n\n<h3 class=\"wp-block-heading\">Hogyan m\u0171k\u00f6dik?<\/h3>\n\n\n\n<p><\/p>\n\n\n\n<p>Az \u00e9jjell\u00e1t\u00f3 technol\u00f3gia k\u00e9t f\u0151 elven alapul:<\/p>\n\n\n\n<p><\/p>\n\n\n\n<ol start=\"1\">\n<li><strong>F\u00e9nyhosszabb\u00edt\u00e1s:<\/strong> Kis mennyis\u00e9g\u0171 k\u00f6rnyezeti f\u00e9nyt (p\u00e9ld\u00e1ul csillagf\u00e9nyt) szoroz meg l\u00e1that\u00f3 k\u00e9p l\u00e9trehoz\u00e1s\u00e1hoz.<\/li>\n\n\n\n<li><strong>H\u0151k\u00e9pek:<\/strong> \u00c9rz\u00e9keli a h\u0151m\u00e9rs\u00e9klet-k\u00fcl\u00f6nbs\u00e9geket, \u00e9s k\u00e9pp\u00e9 alak\u00edtja azokat, lehet\u0151v\u00e9 t\u00e9ve, hogy t\u00e1rgyakat vagy \u00e9l\u0151l\u00e9nyeket l\u00e1sson m\u00e9g teljes s\u00f6t\u00e9ts\u00e9gben is.<\/li>\n<\/ol>\n\n\n\n<p><\/p>\n\n\n\n<p class=\"has-large-font-size\"><strong>L\u00e1sd m\u00e9g<\/strong><\/p>\n\n\n\n<ul id=\"block-ea4655ff-4473-45a1-87a5-8c0194e6c3ae\">\n<li><a href=\"https:\/\/rosstylepro.com\/hu\/1552\/aprende-karate-rapidamente\/\">Tanulj gyorsan karat\u00e9t<\/a><\/li>\n\n\n\n<li><a href=\"https:\/\/rosstylepro.com\/hu\/1549\/tes-para-controlar-la-glucosa\/\">Te\u00e1k a gl\u00fck\u00f3z szab\u00e1lyoz\u00e1s\u00e1ra<\/a><\/li>\n\n\n\n<li><a href=\"https:\/\/rosstylepro.com\/hu\/1545\/transforma-tu-alimentacion-con-esta-aplicacion-gratuita\/\">Alak\u00edtsa \u00e1t \u00e9trendj\u00e9t ezzel az ingyenes alkalmaz\u00e1ssal<\/a><\/li>\n\n\n\n<li><a href=\"https:\/\/rosstylepro.com\/hu\/1542\/los-mejores-apps-para-aprender-violin-gratis\/\">A legjobb ingyenes heged\u0171tanul\u00e1si alkalmaz\u00e1sok<\/a><\/li>\n\n\n\n<li><a href=\"https:\/\/rosstylepro.com\/hu\/1539\/apps-gratuitos-para-aprender-judo-rapidamente\/\">Ingyenes alkalmaz\u00e1sok a gyors dzs\u00fad\u00f3tanul\u00e1shoz<\/a><\/li>\n<\/ul>\n\n\n\n<p><\/p>\n\n\n\n<h3 class=\"wp-block-heading\">F\u0151 alkatr\u00e9szek<\/h3>\n\n\n\n<ul>\n<li><strong>Szem\u00fcveg:<\/strong> F\u00e9ny- vagy infrav\u00f6r\u00f6s jeleket r\u00f6gz\u00edtenek.<\/li>\n\n\n\n<li><strong>Er\u0151s\u00edt\u0151:<\/strong> A marad\u00e9k f\u00e9nyt tiszta k\u00e9pp\u00e9 alak\u00edtja.<\/li>\n\n\n\n<li><strong>K\u00e9perny\u0151:<\/strong> Vizu\u00e1lis inform\u00e1ci\u00f3kat jelen\u00edt meg a felhaszn\u00e1l\u00f3nak.<\/li>\n<\/ul>\n\n\n\n<h2 class=\"wp-block-heading\">Alkalmaz\u00e1sok \u00e9s gyakorlati felhaszn\u00e1l\u00e1sok<\/h2>\n\n\n\n<h3 class=\"wp-block-heading\">Biztons\u00e1g \u00e9s megfigyel\u00e9s<\/h3>\n\n\n\n<p>Az \u00e9jjell\u00e1t\u00f3 kamer\u00e1k elengedhetetlenek az ingatlanok megfigyel\u00e9s\u00e9hez \u00e9s az \u00e9jszakai biztons\u00e1g garant\u00e1l\u00e1s\u00e1hoz. Seg\u00edtenek csendben \u00e9s hat\u00e9konyan azonos\u00edtani a potenci\u00e1lis vesz\u00e9lyeket.<\/p>\n\n\n\n<h3 class=\"wp-block-heading\">Szabadt\u00e9ri tev\u00e9kenys\u00e9gek<\/h3>\n\n\n\n<p>Kempingez\u0151k, vad\u00e1szok \u00e9s vadmegfigyel\u0151k sz\u00e1m\u00e1ra az \u00e9jjell\u00e1t\u00f3 funkci\u00f3 d\u00f6nt\u0151 el\u0151nyt jelent a term\u00e9szeti k\u00f6rnyezet megzavar\u00e1sa n\u00e9lk\u00fcli mozg\u00e1shoz \u00e9s felfedez\u00e9shez.<\/p>\n\n\n\n<h3 class=\"wp-block-heading\">Katonai \u00e9s rend\u0151rs\u00e9gi felhaszn\u00e1l\u00e1s<\/h3>\n\n\n\n<p>A taktikai k\u00fcldet\u00e9sekt\u0151l a ment\u00e9si m\u0171veletekig ez a technol\u00f3gia n\u00e9lk\u00fcl\u00f6zhetetlen eszk\u00f6z a biztons\u00e1gi er\u0151k sz\u00e1m\u00e1ra.<\/p>\n\n\n\n<h3 class=\"wp-block-heading\">Aut\u00f3k<\/h3>\n\n\n\n<p>Sok modern j\u00e1rm\u0171 \u00e9jjell\u00e1t\u00f3 rendszerrel van felszerelve, hogy \u00e9szlelje a gyalogosokat \u00e9s az \u00e1llatokat az \u00faton, jav\u00edtva az \u00e9jszakai k\u00f6zleked\u00e9s biztons\u00e1g\u00e1t.<\/p>\n\n\n\n<h2 class=\"wp-block-heading\">Eszk\u00f6zt\u00edpusok<\/h2>\n\n\n\n<h3 class=\"wp-block-heading\">\u00c9jjell\u00e1t\u00f3 szem\u00fcveg<\/h3>\n\n\n\n<p>K\u00f6nny\u0171ek \u00e9s hordozhat\u00f3ak, ide\u00e1lisak taktikai m\u0171veletekhez \u00e9s felder\u00edt\u00e9shez.<\/p>\n\n\n\n<h3 class=\"wp-block-heading\">Monokul\u00e1rok \u00e9s t\u00e1vcs\u00f6vek<\/h3>\n\n\n\n<p>R\u00e9szletes \u00e9s sz\u00e9les l\u00e1t\u00f3mez\u0151t k\u00edn\u00e1lnak, t\u00f6k\u00e9letesek azok sz\u00e1m\u00e1ra, akiknek nagy t\u00e1vols\u00e1gb\u00f3l kell megfigyelni\u00fck.<\/p>\n\n\n\n<h3 class=\"wp-block-heading\">Kamer\u00e1k<\/h3>\n\n\n\n<p>Ezek a kamer\u00e1k n\u00e9pszer\u0171ek a megfigyel\u00e9sben \u00e9s a dokument\u00e1ci\u00f3ban, \u00e9s kiv\u00e1l\u00f3 min\u0151s\u00e9g\u0171 k\u00e9peket k\u00e9sz\u00edtenek gyenge f\u00e9nyviszonyok mellett is.<\/p>\n\n\n\n<h2 class=\"wp-block-heading\">Tippek az eszk\u00f6z kiv\u00e1laszt\u00e1s\u00e1hoz<\/h2>\n\n\n\n<ol start=\"1\">\n<li><strong>C\u00e9l:<\/strong> Hat\u00e1rozza meg, hogy a haszn\u00e1lat szem\u00e9lyes, professzion\u00e1lis vagy rekre\u00e1ci\u00f3s c\u00e9l\u00fa lesz-e.<\/li>\n\n\n\n<li><strong>Hat\u00e1ly:<\/strong> Gondold \u00e1t azt a t\u00e1vols\u00e1got, amelyr\u0151l tiszt\u00e1n kell l\u00e1tnod.<\/li>\n\n\n\n<li><strong>Tart\u00f3ss\u00e1g:<\/strong> Gy\u0151z\u0151dj\u00f6n meg r\u00f3la, hogy a berendez\u00e9s v\u00edz- \u00e9s \u00fct\u00e9s\u00e1ll\u00f3.<\/li>\n\n\n\n<li><strong>K\u00f6nny\u0171 haszn\u00e1lat:<\/strong> V\u00e1lasszon intuit\u00edv kezel\u0151fel\u00fclettel \u00e9s ergonomikus kialak\u00edt\u00e1ssal rendelkez\u0151 modelleket.<\/li>\n<\/ol>\n\n\n\n<h2 class=\"wp-block-heading\">Gyakori t\u00e9vhitek az \u00e9jjell\u00e1t\u00f3r\u00f3l<\/h2>\n\n\n\n<p><strong>Csak katon\u00e1knak val\u00f3.<\/strong> B\u00e1r eredetileg katonai felhaszn\u00e1l\u00e1sra tervezt\u00e9k, ma m\u00e1r sz\u00e9les k\u00f6rben el\u00e9rhet\u0151 a nyilv\u00e1noss\u00e1g sz\u00e1m\u00e1ra.<\/p>\n\n\n\n<p><strong>Minden k\u00f6r\u00fclm\u00e9nyek k\u00f6z\u00f6tt ugyan\u00fagy m\u0171k\u00f6dik.<\/strong> A h\u0151l\u00e1t\u00e1snak \u00e9s a f\u00e9nyer\u0151-n\u00f6vel\u00e9snek k\u00fcl\u00f6nb\u00f6z\u0151 korl\u00e1tai vannak, p\u00e9ld\u00e1ul s\u0171r\u0171 k\u00f6d vagy rendk\u00edv\u00fcl er\u0151s f\u00e9ny.<\/p>\n\n\n\n<p><\/p>\n\n\n<div class=\"wp-block-image\">\n<figure class=\"aligncenter size-full\"><img fetchpriority=\"high\" decoding=\"async\" width=\"550\" height=\"350\" src=\"https:\/\/rosstylepro.com\/wp-content\/uploads\/sites\/137\/2025\/01\/Design-sem-nome-85-1.png\" alt=\"\" class=\"wp-image-1556\" srcset=\"https:\/\/rosstylepro.com\/wp-content\/uploads\/sites\/137\/2025\/01\/Design-sem-nome-85-1.png 550w, https:\/\/rosstylepro.com\/wp-content\/uploads\/sites\/137\/2025\/01\/Design-sem-nome-85-1-300x191.png 300w, https:\/\/rosstylepro.com\/wp-content\/uploads\/sites\/137\/2025\/01\/Design-sem-nome-85-1-18x12.png 18w\" sizes=\"(max-width: 550px) 100vw, 550px\" \/><\/figure><\/div>\n\n\n<h2 class=\"wp-block-heading\">Gyakran Ism\u00e9telt K\u00e9rd\u00e9sek (GYIK)<\/h2>\n\n\n\n<p><strong>Mennyibe ker\u00fcl egy \u00e9jjell\u00e1t\u00f3 k\u00e9sz\u00fcl\u00e9k?<\/strong><br>Az \u00e1rak a megfizethet\u0151 kezd\u0151 modellekt\u0151l a professzion\u00e1lis, 1000 eur\u00f3 feletti \u00e1r\u00fa berendez\u00e9sekig terjednek.<\/p>\n\n\n\n<p><strong>Leg\u00e1lisak ezek az eszk\u00f6z\u00f6k?<\/strong><br>Igen, b\u00e1r egyes r\u00e9gi\u00f3kban speci\u00e1lis szab\u00e1lyok vonatkozhatnak a haszn\u00e1lat\u00e1ra.<\/p>\n\n\n\n<p><strong>Haszn\u00e1lhatom az \u00e9jjell\u00e1t\u00f3t nappal?<\/strong><br>A kett\u0151s felhaszn\u00e1l\u00e1sra tervezett eszk\u00f6z\u00f6k olyan sz\u0171r\u0151ket tartalmaznak, amelyek v\u00e9denek a napf\u00e9ny ellen.<\/p>\n\n\n\n<h2 class=\"wp-block-heading\">Referenci\u00e1k<\/h2>\n\n\n\n<ol start=\"1\">\n<li>\u201eAz \u00e9jjell\u00e1t\u00f3 technol\u00f3gia meg\u00e9rt\u00e9se\u201d, TechWorld Journal.<\/li>\n\n\n\n<li>\u201eAz \u00e9jjell\u00e1t\u00f3 eszk\u00f6z\u00f6k gyakorlati felhaszn\u00e1l\u00e1sa\u201d, Outdoor Life Magazine.<\/li>\n\n\n\n<li>Eszk\u00f6z\u00f6k keres\u00e9se: <a href=\"https:\/\/play.google.com\">Google Play<\/a> | <a href=\"https:\/\/apple.com\">App Store<\/a>.<\/li>\n<\/ol>","protected":false},"excerpt":{"rendered":"<p>Az \u00e9jjell\u00e1t\u00f3 funkci\u00f3 meg\u00e9rt\u00e9se Az \u00e9jjell\u00e1t\u00f3 egy technol\u00f3giai \u00faj\u00edt\u00e1s, amely jav\u00edtja a s\u00f6t\u00e9tben val\u00f3 l\u00e1t\u00e1st, tiszta l\u00e1t\u00e1st biztos\u00edtva korl\u00e1tozott vagy egy\u00e1ltal\u00e1n nem l\u00e9tez\u0151 f\u00e9nyviszonyok k\u00f6z\u00f6tt. A szakemberek \u00e9s a rajong\u00f3k egyar\u00e1nt haszn\u00e1lj\u00e1k ezt az eszk\u00f6zt, amely lehet\u0151v\u00e9 teszi a hat\u00e9kony \u00e9s biztons\u00e1gos felfedez\u00e9st \u00e9s munk\u00e1t gyenge f\u00e9nyviszonyok mellett. Hogyan m\u0171k\u00f6dik? Az \u00e9jjell\u00e1t\u00f3 technol\u00f3gia [\u2026]<\/p>","protected":false},"author":128,"featured_media":1556,"comment_status":"closed","ping_status":"open","sticky":false,"template":"","format":"standard","meta":{"footnotes":""},"categories":[2],"tags":[26,72,330,293],"yoast_head":"<!-- This site is optimized with the Yoast SEO plugin v23.3 - https:\/\/yoast.com\/wordpress\/plugins\/seo\/ -->\n<title>Explorando la Visi\u00f3n Nocturna<\/title>\n<meta name=\"description\" content=\"Explorando la Visi\u00f3n Nocturna, Entendiendo la Visi\u00f3n NocturnaLa visi\u00f3n nocturna es una innovaci\u00f3n tecnol\u00f3gica que amplifica la capacidad de...\" \/>\n<meta name=\"robots\" content=\"index, follow, max-snippet:-1, max-image-preview:large, max-video-preview:-1\" \/>\n<link rel=\"canonical\" href=\"https:\/\/rosstylepro.com\/hu\/1555\/explorando-la-vision-nocturna\/\" \/>\n<meta property=\"og:locale\" content=\"hu_HU\" \/>\n<meta property=\"og:type\" content=\"article\" \/>\n<meta property=\"og:title\" content=\"Explorando la Visi\u00f3n Nocturna\" \/>\n<meta property=\"og:description\" content=\"Explorando la Visi\u00f3n Nocturna, Entendiendo la Visi\u00f3n NocturnaLa visi\u00f3n nocturna es una innovaci\u00f3n tecnol\u00f3gica que amplifica la capacidad de...\" \/>\n<meta property=\"og:url\" content=\"https:\/\/rosstylepro.com\/hu\/1555\/explorando-la-vision-nocturna\/\" \/>\n<meta property=\"og:site_name\" content=\"RosstylePRO\" \/>\n<meta property=\"article:published_time\" content=\"2025-01-02T13:54:58+00:00\" \/>\n<meta property=\"article:modified_time\" content=\"2025-01-02T15:29:59+00:00\" \/>\n<meta property=\"og:image\" content=\"https:\/\/rosstylepro.com\/wp-content\/uploads\/sites\/137\/2025\/01\/Design-sem-nome-85-1.png\" \/>\n\t<meta property=\"og:image:width\" content=\"550\" \/>\n\t<meta property=\"og:image:height\" content=\"350\" \/>\n\t<meta property=\"og:image:type\" content=\"image\/png\" \/>\n<meta name=\"author\" content=\"wildron\" \/>\n<meta name=\"twitter:card\" content=\"summary_large_image\" \/>\n<meta name=\"twitter:label1\" content=\"Written by\" \/>\n\t<meta name=\"twitter:data1\" content=\"wildron\" \/>\n\t<meta name=\"twitter:label2\" content=\"Est. reading time\" \/>\n\t<meta name=\"twitter:data2\" content=\"4 perc\" \/>\n<script type=\"application\/ld+json\" class=\"yoast-schema-graph\">{\"@context\":\"https:\/\/schema.org\",\"@graph\":[{\"@type\":\"WebPage\",\"@id\":\"https:\/\/rosstylepro.com\/1555\/explorando-la-vision-nocturna\/\",\"url\":\"https:\/\/rosstylepro.com\/1555\/explorando-la-vision-nocturna\/\",\"name\":\"Explorando la Visi\u00f3n Nocturna\",\"isPartOf\":{\"@id\":\"https:\/\/rosstylepro.com\/en\/#website\"},\"primaryImageOfPage\":{\"@id\":\"https:\/\/rosstylepro.com\/1555\/explorando-la-vision-nocturna\/#primaryimage\"},\"image\":{\"@id\":\"https:\/\/rosstylepro.com\/1555\/explorando-la-vision-nocturna\/#primaryimage\"},\"thumbnailUrl\":\"https:\/\/rosstylepro.com\/wp-content\/uploads\/sites\/137\/2025\/01\/Design-sem-nome-85-1.png\",\"datePublished\":\"2025-01-02T13:54:58+00:00\",\"dateModified\":\"2025-01-02T15:29:59+00:00\",\"author\":{\"@id\":\"https:\/\/rosstylepro.com\/en\/#\/schema\/person\/76055186668d83cd745fe9d37a5eec26\"},\"description\":\"Explorando la Visi\u00f3n Nocturna, Entendiendo la Visi\u00f3n NocturnaLa visi\u00f3n nocturna es una innovaci\u00f3n tecnol\u00f3gica que amplifica la capacidad de...\",\"breadcrumb\":{\"@id\":\"https:\/\/rosstylepro.com\/1555\/explorando-la-vision-nocturna\/#breadcrumb\"},\"inLanguage\":\"hu\",\"potentialAction\":[{\"@type\":\"ReadAction\",\"target\":[\"https:\/\/rosstylepro.com\/1555\/explorando-la-vision-nocturna\/\"]}]},{\"@type\":\"ImageObject\",\"inLanguage\":\"hu\",\"@id\":\"https:\/\/rosstylepro.com\/1555\/explorando-la-vision-nocturna\/#primaryimage\",\"url\":\"https:\/\/rosstylepro.com\/wp-content\/uploads\/sites\/137\/2025\/01\/Design-sem-nome-85-1.png\",\"contentUrl\":\"https:\/\/rosstylepro.com\/wp-content\/uploads\/sites\/137\/2025\/01\/Design-sem-nome-85-1.png\",\"width\":550,\"height\":350},{\"@type\":\"BreadcrumbList\",\"@id\":\"https:\/\/rosstylepro.com\/1555\/explorando-la-vision-nocturna\/#breadcrumb\",\"itemListElement\":[{\"@type\":\"ListItem\",\"position\":1,\"name\":\"Home\",\"item\":\"https:\/\/rosstylepro.com\/\"},{\"@type\":\"ListItem\",\"position\":2,\"name\":\"Explorando la Visi\u00f3n Nocturna\"}]},{\"@type\":\"WebSite\",\"@id\":\"https:\/\/rosstylepro.com\/en\/#website\",\"url\":\"https:\/\/rosstylepro.com\/en\/\",\"name\":\"RosstylePRO\",\"description\":\"\",\"potentialAction\":[{\"@type\":\"SearchAction\",\"target\":{\"@type\":\"EntryPoint\",\"urlTemplate\":\"https:\/\/rosstylepro.com\/en\/?s={search_term_string}\"},\"query-input\":\"required name=search_term_string\"}],\"inLanguage\":\"hu\"},{\"@type\":\"Person\",\"@id\":\"https:\/\/rosstylepro.com\/en\/#\/schema\/person\/76055186668d83cd745fe9d37a5eec26\",\"name\":\"wildron\",\"image\":{\"@type\":\"ImageObject\",\"inLanguage\":\"hu\",\"@id\":\"https:\/\/rosstylepro.com\/en\/#\/schema\/person\/image\/\",\"url\":\"https:\/\/secure.gravatar.com\/avatar\/c76514f6e618a9155e4cb169c8cb86d3?s=96&d=mm&r=g\",\"contentUrl\":\"https:\/\/secure.gravatar.com\/avatar\/c76514f6e618a9155e4cb169c8cb86d3?s=96&d=mm&r=g\",\"caption\":\"wildron\"},\"url\":\"https:\/\/rosstylepro.com\/hu\/author\/wildron\/\"}]}<\/script>\n<!-- \/ Yoast SEO plugin. -->","yoast_head_json":{"title":"Explorando la Visi\u00f3n Nocturna","description":"Explorando la Visi\u00f3n Nocturna, Entendiendo la Visi\u00f3n NocturnaLa visi\u00f3n nocturna es una innovaci\u00f3n tecnol\u00f3gica que amplifica la capacidad de...","robots":{"index":"index","follow":"follow","max-snippet":"max-snippet:-1","max-image-preview":"max-image-preview:large","max-video-preview":"max-video-preview:-1"},"canonical":"https:\/\/rosstylepro.com\/hu\/1555\/explorando-la-vision-nocturna\/","og_locale":"hu_HU","og_type":"article","og_title":"Explorando la Visi\u00f3n Nocturna","og_description":"Explorando la Visi\u00f3n Nocturna, Entendiendo la Visi\u00f3n NocturnaLa visi\u00f3n nocturna es una innovaci\u00f3n tecnol\u00f3gica que amplifica la capacidad de...","og_url":"https:\/\/rosstylepro.com\/hu\/1555\/explorando-la-vision-nocturna\/","og_site_name":"RosstylePRO","article_published_time":"2025-01-02T13:54:58+00:00","article_modified_time":"2025-01-02T15:29:59+00:00","og_image":[{"width":550,"height":350,"url":"https:\/\/rosstylepro.com\/wp-content\/uploads\/sites\/137\/2025\/01\/Design-sem-nome-85-1.png","type":"image\/png"}],"author":"wildron","twitter_card":"summary_large_image","twitter_misc":{"Written by":"wildron","Est. reading time":"4 perc"},"schema":{"@context":"https:\/\/schema.org","@graph":[{"@type":"WebPage","@id":"https:\/\/rosstylepro.com\/1555\/explorando-la-vision-nocturna\/","url":"https:\/\/rosstylepro.com\/1555\/explorando-la-vision-nocturna\/","name":"Explorando la Visi\u00f3n Nocturna","isPartOf":{"@id":"https:\/\/rosstylepro.com\/en\/#website"},"primaryImageOfPage":{"@id":"https:\/\/rosstylepro.com\/1555\/explorando-la-vision-nocturna\/#primaryimage"},"image":{"@id":"https:\/\/rosstylepro.com\/1555\/explorando-la-vision-nocturna\/#primaryimage"},"thumbnailUrl":"https:\/\/rosstylepro.com\/wp-content\/uploads\/sites\/137\/2025\/01\/Design-sem-nome-85-1.png","datePublished":"2025-01-02T13:54:58+00:00","dateModified":"2025-01-02T15:29:59+00:00","author":{"@id":"https:\/\/rosstylepro.com\/en\/#\/schema\/person\/76055186668d83cd745fe9d37a5eec26"},"description":"Explorando la Visi\u00f3n Nocturna, Entendiendo la Visi\u00f3n NocturnaLa visi\u00f3n nocturna es una innovaci\u00f3n tecnol\u00f3gica que amplifica la capacidad de...","breadcrumb":{"@id":"https:\/\/rosstylepro.com\/1555\/explorando-la-vision-nocturna\/#breadcrumb"},"inLanguage":"hu","potentialAction":[{"@type":"ReadAction","target":["https:\/\/rosstylepro.com\/1555\/explorando-la-vision-nocturna\/"]}]},{"@type":"ImageObject","inLanguage":"hu","@id":"https:\/\/rosstylepro.com\/1555\/explorando-la-vision-nocturna\/#primaryimage","url":"https:\/\/rosstylepro.com\/wp-content\/uploads\/sites\/137\/2025\/01\/Design-sem-nome-85-1.png","contentUrl":"https:\/\/rosstylepro.com\/wp-content\/uploads\/sites\/137\/2025\/01\/Design-sem-nome-85-1.png","width":550,"height":350},{"@type":"BreadcrumbList","@id":"https:\/\/rosstylepro.com\/1555\/explorando-la-vision-nocturna\/#breadcrumb","itemListElement":[{"@type":"ListItem","position":1,"name":"Home","item":"https:\/\/rosstylepro.com\/"},{"@type":"ListItem","position":2,"name":"Explorando la Visi\u00f3n Nocturna"}]},{"@type":"WebSite","@id":"https:\/\/rosstylepro.com\/en\/#website","url":"https:\/\/rosstylepro.com\/en\/","name":"RosstylePRO","description":"","potentialAction":[{"@type":"SearchAction","target":{"@type":"EntryPoint","urlTemplate":"https:\/\/rosstylepro.com\/en\/?s={search_term_string}"},"query-input":"required name=search_term_string"}],"inLanguage":"hu"},{"@type":"Person","@id":"https:\/\/rosstylepro.com\/en\/#\/schema\/person\/76055186668d83cd745fe9d37a5eec26","name":"wildron","image":{"@type":"ImageObject","inLanguage":"hu","@id":"https:\/\/rosstylepro.com\/en\/#\/schema\/person\/image\/","url":"https:\/\/secure.gravatar.com\/avatar\/c76514f6e618a9155e4cb169c8cb86d3?s=96&d=mm&r=g","contentUrl":"https:\/\/secure.gravatar.com\/avatar\/c76514f6e618a9155e4cb169c8cb86d3?s=96&d=mm&r=g","caption":"wildron"},"url":"https:\/\/rosstylepro.com\/hu\/author\/wildron\/"}]}},"_links":{"self":[{"href":"https:\/\/rosstylepro.com\/hu\/wp-json\/wp\/v2\/posts\/1555"}],"collection":[{"href":"https:\/\/rosstylepro.com\/hu\/wp-json\/wp\/v2\/posts"}],"about":[{"href":"https:\/\/rosstylepro.com\/hu\/wp-json\/wp\/v2\/types\/post"}],"author":[{"embeddable":true,"href":"https:\/\/rosstylepro.com\/hu\/wp-json\/wp\/v2\/users\/128"}],"replies":[{"embeddable":true,"href":"https:\/\/rosstylepro.com\/hu\/wp-json\/wp\/v2\/comments?post=1555"}],"version-history":[{"count":1,"href":"https:\/\/rosstylepro.com\/hu\/wp-json\/wp\/v2\/posts\/1555\/revisions"}],"predecessor-version":[{"id":1557,"href":"https:\/\/rosstylepro.com\/hu\/wp-json\/wp\/v2\/posts\/1555\/revisions\/1557"}],"wp:featuredmedia":[{"embeddable":true,"href":"https:\/\/rosstylepro.com\/hu\/wp-json\/wp\/v2\/media\/1556"}],"wp:attachment":[{"href":"https:\/\/rosstylepro.com\/hu\/wp-json\/wp\/v2\/media?parent=1555"}],"wp:term":[{"taxonomy":"category","embeddable":true,"href":"https:\/\/rosstylepro.com\/hu\/wp-json\/wp\/v2\/categories?post=1555"},{"taxonomy":"post_tag","embeddable":true,"href":"https:\/\/rosstylepro.com\/hu\/wp-json\/wp\/v2\/tags?post=1555"}],"curies":[{"name":"wp","href":"https:\/\/api.w.org\/{rel}","templated":true}]}}