{"id":2614,"date":"2025-07-08T16:49:53","date_gmt":"2025-07-08T16:49:53","guid":{"rendered":"https:\/\/rosstylepro.com\/?p=2614"},"modified":"2025-07-08T17:07:54","modified_gmt":"2025-07-08T17:07:54","slug":"app-para-cambiar-el-cabello","status":"publish","type":"post","link":"https:\/\/rosstylepro.com\/hu\/2614\/app-para-cambiar-el-cabello\/","title":{"rendered":"Virtu\u00e1lisan V\u00e1ltoztasd V\u00e1ltoztasd Meg A Frizur\u00e1dat: A Legjobb Szimul\u00e1ci\u00f3s Alkalmaz\u00e1sok"},"content":{"rendered":"<p>K\u00edv\u00e1nt\u00e1l m\u00e1r valaha <strong>v\u00e1ltoz\u00e1s<\/strong> a megjelen\u00e9sed an\u00e9lk\u00fcl, hogy elk\u00f6telezn\u00e9d magad a szab\u00e1s vagy a sz\u00edn mellett <strong>haj<\/strong> drasztikus? Most m\u00e1r megteheti az innovat\u00edv frizura-szimul\u00e1ci\u00f3s alkalmaz\u00e1soknak k\u00f6sz\u00f6nhet\u0151en.<\/p>\n\n\n\n<div class=\"wp-block-group is-content-justification-center is-nowrap is-layout-flex wp-container-core-group-layout-1 wp-block-group-is-layout-flex\">\n<figure class=\"wp-block-image size-full\"><a href=\"https:\/\/apps.apple.com\/br\/app\/youcam-makeup-editor-de-fotos\/id863844475\"><img decoding=\"async\" src=\"https:\/\/curioiogo.com\/wp-content\/uploads\/2025\/02\/WEBP-app-store-1.webp\" alt=\"\" class=\"wp-image-4134\" \/><\/a><\/figure>\n\n\n\n<figure class=\"wp-block-image size-full\"><a href=\"https:\/\/play.google.com\/store\/apps\/details?id=com.cyberlink.youcammakeup&amp;hl=pt_BR\"><img decoding=\"async\" src=\"https:\/\/curioiogo.com\/wp-content\/uploads\/2024\/02\/Copia-de-Play-store.webp\" alt=\"\" class=\"wp-image-4151\" \/><\/a><\/figure>\n<\/div>\n\n\n\n<p><br>Vannak <em>alkalmaz\u00e1sok<\/em> lehet\u0151v\u00e9 teszi, hogy k\u00fcl\u00f6nb\u00f6z\u0151 st\u00edlusokat, fazonokat \u00e9s <strong>sz\u00ednek<\/strong> haj virtu\u00e1lis k\u00f6rnyezetben, mesters\u00e9ges intelligencia \u00e9s kiterjesztett val\u00f3s\u00e1g seg\u00edts\u00e9g\u00e9vel val\u00f3s\u00e1gh\u0171 szimul\u00e1ci\u00f3k l\u00e9trehoz\u00e1s\u00e1val.<\/p>\n\n\n\n<p>Ezekkel a technol\u00f3giai eszk\u00f6z\u00f6kkel k\u00e9pes lehetsz <strong>vizualiz\u00e1lni<\/strong> Hogyan n\u00e9zn\u00e9l ki egy \u00faj frizur\u00e1val vagy sz\u00ednnel an\u00e9lk\u00fcl, hogy fodr\u00e1szhoz kellene menned. Ez egy biztons\u00e1gos \u00e9s sz\u00f3rakoztat\u00f3 m\u00f3dja annak, hogy k\u00eds\u00e9rletezz a megjelen\u00e9seddel.<\/p>\n\n\n\n<p><\/p>\n\n\n\n<p><\/p>\n\n\n\n<h2 class=\"wp-block-heading\">A frizur\u00e1k kipr\u00f3b\u00e1l\u00e1s\u00e1nak ereje, miel\u0151tt elk\u00f6telezn\u00e9nk magunkat<\/h2>\n\n\n\n<p>A mesters\u00e9ges intelligencia forradalmas\u00edtotta a frizur\u00e1inkkal val\u00f3 k\u00eds\u00e9rletez\u00e9st. Most m\u00e1r te is megteheted <strong>pr\u00f3b\u00e1lj ki k\u00fcl\u00f6nb\u00f6z\u0151 hajst\u00edlusokat \u00e9s sz\u00edneket<\/strong> an\u00e9lk\u00fcl, hogy radik\u00e1lis v\u00e1ltoz\u00e1sra k\u00f6telezn\u00e9d el magad. Ez lehet\u0151v\u00e9 teszi, hogy elk\u00e9pzeld, hogyan mutatna rajtad egy \u00faj megjelen\u00e9s, miel\u0151tt megtenn\u00e9d az utols\u00f3 l\u00e9p\u00e9st.<\/p>\n\n\n\n<p>A frizura-szimul\u00e1ci\u00f3s alkalmaz\u00e1sok sz\u00e1mos el\u0151nnyel j\u00e1rnak. Lehet\u0151v\u00e9 teszik, hogy <strong>n\u00e9zd meg, milyen k\u00fcl\u00f6nb\u00f6z\u0151 frizur\u00e1k<\/strong> Alkalmazkodnak az arcodhoz \u00e9s a szem\u00e9lyes st\u00edlusodhoz, \u00edgy elker\u00fclve a megjelen\u00e9sedben esetlegesen el\u0151fordul\u00f3 v\u00e1ltoz\u00e1sokat, amelyek esetleg nem illenek hozz\u00e1d.<\/p>\n\n\n\n<ul>\n<li>Miel\u0151tt elk\u00f6telezn\u00e9d magad, k\u00e9pzeld el a k\u00fcl\u00f6nb\u00f6z\u0151 st\u00edlusokat.<\/li>\n\n\n\n<li>Sp\u00f3roljon p\u00e9nzt \u00e9s f\u00e1rads\u00e1got a nem megfelel\u0151 \u00e1talak\u00edt\u00e1sok elker\u00fcl\u00e9s\u00e9vel.<\/li>\n\n\n\n<li>Hozz megalapozott d\u00f6nt\u00e9seket a k\u00e9peddel kapcsolatos v\u00e1ltoztat\u00e1sokr\u00f3l.<\/li>\n<\/ul>\n\n\n\n<p><\/p>\n\n\n\n<p><\/p>\n\n\n\n<p><\/p>\n\n\n\n<p class=\"has-large-font-size\"><strong>L\u00e1sd m\u00e9g<\/strong><\/p>\n\n\n\n<ul id=\"block-6643d6c2-b302-4465-867e-d990abec5c04\">\n<li><a href=\"https:\/\/rosstylepro.com\/hu\/2561\/aprende-karate-luchando-en-casa-guia-para-principiantes\/\">Tanulj karat\u00e9t otthoni harcokkal<\/a><\/li>\n\n\n\n<li><a href=\"https:\/\/rosstylepro.com\/hu\/2551\/5-mejores-apps-para-ver-la-tele-gratis-en-tu-dispositivo-movil\/\">5 legjobb alkalmaz\u00e1s ingyenes t\u00e9v\u00e9n\u00e9z\u00e9shez mobileszk\u00f6z\u00f6n<\/a><\/li>\n\n\n\n<li><a href=\"https:\/\/rosstylepro.com\/hu\/2541\/juega-a-domino-online-con-apps-la-mejor-app-de-domino\/\">J\u00c1TSSZ DOMINO ONLINE-BAN ALKALMAZ\u00c1SOKKAL<\/a><\/li>\n\n\n\n<li><a href=\"https:\/\/rosstylepro.com\/hu\/2535\/mejora-tu-energia-con-aplicacion-para-aumentar-el-vigor\/\">N\u00f6veld az energi\u00e1dat a Vigor Boosting App seg\u00edts\u00e9g\u00e9vel<\/a><\/li>\n\n\n\n<li><a href=\"https:\/\/rosstylepro.com\/hu\/2515\/aprende-zumba-en-casa-con-nuestros-expertos\/\">Tanulj zumb\u00e1t otthon szak\u00e9rt\u0151inkkel.<\/a><\/li>\n<\/ul>\n\n\n\n<p><\/p>\n\n\n\n<p>Felhaszn\u00e1l\u00f3i v\u00e9lem\u00e9nyek szerint ezek az alkalmaz\u00e1sok kulcsfontoss\u00e1g\u00faak voltak az \u00e1talak\u00edt\u00e1sokkal kapcsolatos megalapozott d\u00f6nt\u00e9sek meghozatal\u00e1ban. Azzal, hogy virtu\u00e1lisan k\u00eds\u00e9rletezhetsz a megjelen\u00e9seddel, cs\u00f6kkentheted a maradand\u00f3 v\u00e1ltoz\u00e1sok kock\u00e1zat\u00e1t.<\/p>\n\n\n\n<figure class=\"wp-block-table\"><table><tbody><tr><th>El\u0151ny\u00f6k<\/th><th>Le\u00edr\u00e1s<\/th><\/tr><tr><td>El\u0151n\u00e9zet<\/td><td>Miel\u0151tt megcsin\u00e1ln\u00e1d, n\u00e9zd meg, hogy \u00e1llna rajtad egy \u00faj frizura.<\/td><\/tr><tr><td>P\u00e9nzmegtakar\u00edt\u00e1s<\/td><td>Ker\u00fcld el a p\u00e9nzk\u00f6lt\u00e9st olyan k\u00fcls\u0151d megv\u00e1ltoztat\u00e1s\u00e1ra, ami nem tetszik.<\/td><\/tr><tr><td>Megalapozott d\u00f6nt\u00e9sek<\/td><td>Hozz d\u00f6nt\u00e9seket val\u00f3s\u00e1gh\u0171 szimul\u00e1ci\u00f3k alapj\u00e1n.<\/td><\/tr><\/tbody><\/table><\/figure>\n\n\n\n<p>R\u00f6viden, a frizura-szimul\u00e1ci\u00f3s alkalmaz\u00e1sok \u00e9rt\u00e9kes eszk\u00f6z\u00f6k mindazok sz\u00e1m\u00e1ra, akik szeretn\u00e9k <strong>v\u00e1ltoztasd meg a k\u00fcls\u0151det<\/strong> Kock\u00e1zatmentes. Biztons\u00e1gos \u00e9s sz\u00f3rakoztat\u00f3 m\u00f3dot k\u00edn\u00e1lnak a k\u00fcl\u00f6nb\u00f6z\u0151 hajst\u00edlusok \u00e9s sz\u00ednek felfedez\u00e9s\u00e9re.<\/p>\n\n\n\n<h2 class=\"wp-block-heading\">Mi\u00e9rt \u00e9rdemes hajform\u00e1z\u00f3 alkalmaz\u00e1st haszn\u00e1lni?<\/h2>\n\n\n\n<p>A frizuraalkalmaz\u00e1sok forradalmas\u00edtj\u00e1k a megjelen\u00e9s\u00fcnkkel val\u00f3 k\u00eds\u00e9rletez\u00e9s m\u00f3dj\u00e1t. Ezek az eszk\u00f6z\u00f6k lehet\u0151v\u00e9 teszik, hogy k\u00fcl\u00f6nb\u00f6z\u0151 st\u00edlusokat \u00e9s sz\u00edneket pr\u00f3b\u00e1lj ki an\u00e9lk\u00fcl, hogy elk\u00f6telezn\u00e9d magad a v\u00e9gleges v\u00e1ltoz\u00e1s mellett.<\/p>\n\n\n\n<p>Amikor egy <strong>alkalmaz\u00e1s a hajsz\u00edn megv\u00e1ltoztat\u00e1s\u00e1hoz<\/strong>, felfedezheted a k\u00fcl\u00f6nf\u00e9le <strong>opci\u00f3k<\/strong> virtu\u00e1lisan. Ez szabads\u00e1got ad arra, hogy olyan megjelen\u00e9sekkel k\u00eds\u00e9rletezz, amelyeket egy szalonban tal\u00e1n soha nem mern\u00e9l kipr\u00f3b\u00e1lni.<\/p>\n\n\n\n<ul>\n<li>Ismerje meg a haszn\u00e1lat f\u0151 el\u0151nyeit <strong>eszk\u00f6z<\/strong> haj szimul\u00e1ci\u00f3 a fodr\u00e1sz l\u00e1togat\u00e1sa el\u0151tt.<\/li>\n\n\n\n<li>Fedezze fel a v\u00e1ltoztat\u00e1s k\u00e9nyelm\u00e9t <strong>haj<\/strong> gyakorlatilag otthonod mag\u00e1ny\u00e1b\u00f3l.<\/li>\n\n\n\n<li>Ismerd meg, hogyan seg\u00edthetnek ezek az alkalmaz\u00e1sok abban, hogy jobban kommunik\u00e1ld a k\u00edv\u00e1ns\u00e1gaidat a fodr\u00e1szoddal.<\/li>\n<\/ul>\n\n\n\n<p>Azzal, hogy megv\u00e1ltoztatod <strong>k\u00e9p<\/strong> Virtu\u00e1lisan megalapozott d\u00f6nt\u00e9seket hozhatsz a frizur\u00e1ddal kapcsolatban. Ez cs\u00f6kkenti annak kock\u00e1zat\u00e1t, hogy megb\u00e1nod a megjelen\u00e9sed megv\u00e1ltoztat\u00e1s\u00e1t.<\/p>\n\n\n<div class=\"wp-block-image\">\n<figure class=\"aligncenter\"><img fetchpriority=\"high\" decoding=\"async\" width=\"1024\" height=\"585\" src=\"https:\/\/rosstylepro.com\/wp-content\/uploads\/sites\/137\/2025\/07\/A-young-woman-with-long-vibrant-red-hair-standing-in-a-well-lit-modern-bathroom-gazing-at-1024x585.jpeg\" alt=\"A young woman with long, vibrant red hair standing in a well-lit, modern bathroom, gazing at her reflection in the mirror. The lighting is warm and flattering, casting a soft glow on her face. She is casually dressed in a white t-shirt, her expression thoughtful as she considers changing the color of her hair. The background is clean and minimalist, with a few simple decorative elements like a potted plant or a piece of art on the wall, allowing the focus to remain on the woman and her virtual hair transformation.\" class=\"wp-image-2616\" title=\"Egy fiatal n\u0151 hossz\u00fa, \u00e9l\u00e9nkv\u00f6r\u00f6s haj\u00e1val egy j\u00f3l megvil\u00e1g\u00edtott, modern f\u00fcrd\u0151szob\u00e1ban \u00e1ll, \u00e9s a t\u00fck\u00f6rk\u00e9p\u00e9t n\u00e9zi. A vil\u00e1g\u00edt\u00e1s meleg \u00e9s kellemes, l\u00e1gy f\u00e9nyt vet az arc\u00e1ra. H\u00e9tk\u00f6znapi \u00f6lt\u00f6z\u00e9kben, feh\u00e9r p\u00f3l\u00f3ban van, arckifejez\u00e9se elgondolkod\u00f3, mik\u00f6zben a haja sz\u00edn\u00e9nek megv\u00e1ltoztat\u00e1s\u00e1t fontolgatja. A h\u00e1tt\u00e9r letisztult \u00e9s minimalista, n\u00e9h\u00e1ny egyszer\u0171 d\u00edsz\u00edt\u0151elemmel, mint p\u00e9ld\u00e1ul egy cserepes n\u00f6v\u00e9nnyel vagy egy falon l\u00e9v\u0151 m\u0171alkot\u00e1ssal, lehet\u0151v\u00e9 t\u00e9ve, hogy a f\u00f3kusz a n\u0151n \u00e9s virtu\u00e1lis haj\u00e1talak\u00edt\u00e1s\u00e1n maradjon.\" srcset=\"https:\/\/rosstylepro.com\/wp-content\/uploads\/sites\/137\/2025\/07\/A-young-woman-with-long-vibrant-red-hair-standing-in-a-well-lit-modern-bathroom-gazing-at-1024x585.jpeg 1024w, https:\/\/rosstylepro.com\/wp-content\/uploads\/sites\/137\/2025\/07\/A-young-woman-with-long-vibrant-red-hair-standing-in-a-well-lit-modern-bathroom-gazing-at-300x171.jpeg 300w, https:\/\/rosstylepro.com\/wp-content\/uploads\/sites\/137\/2025\/07\/A-young-woman-with-long-vibrant-red-hair-standing-in-a-well-lit-modern-bathroom-gazing-at-768x439.jpeg 768w, https:\/\/rosstylepro.com\/wp-content\/uploads\/sites\/137\/2025\/07\/A-young-woman-with-long-vibrant-red-hair-standing-in-a-well-lit-modern-bathroom-gazing-at-18x10.jpeg 18w, https:\/\/rosstylepro.com\/wp-content\/uploads\/sites\/137\/2025\/07\/A-young-woman-with-long-vibrant-red-hair-standing-in-a-well-lit-modern-bathroom-gazing-at.jpeg 1344w\" sizes=\"(max-width: 1024px) 100vw, 1024px\" \/><\/figure><\/div>\n\n\n<p>R\u00f6viden, egy <strong>alkalmaz\u00e1s<\/strong> A frizura megv\u00e1ltoztat\u00e1sa biztons\u00e1gos \u00e9s sz\u00f3rakoztat\u00f3 m\u00f3dja az \u00faj st\u00edlusok felfedez\u00e9s\u00e9nek. Megv\u00e1ltoztathatod a <strong>a hajad sz\u00edne<\/strong> annyiszor, ah\u00e1nyszor csak akarod, k\u00f6vetkezm\u00e9nyek n\u00e9lk\u00fcl.<\/p>\n\n\n\n<h2 class=\"wp-block-heading\">F\u0151bb funkci\u00f3k, amelyeket \u00e9rdemes keresni ezekben az alkalmaz\u00e1sokban<\/h2>\n\n\n\n<p>A megjelen\u00e9sed megv\u00e1ltoztat\u00e1s\u00e1hoz t\u00f6k\u00e9letes alkalmaz\u00e1s megtal\u00e1l\u00e1s\u00e1hoz elengedhetetlen bizonyos technikai \u00e9s funkcion\u00e1lis szempontok figyelembev\u00e9tele. Egy j\u00f3 eszk\u00f6znek a pontoss\u00e1g, a v\u00e1ltozatoss\u00e1g \u00e9s a k\u00f6nny\u0171 haszn\u00e1lat kombin\u00e1ci\u00f3j\u00e1t kell k\u00edn\u00e1lnia, hogy frusztr\u00e1ci\u00f3 n\u00e9lk\u00fcl k\u00eds\u00e9rletezhess a k\u00fcl\u00f6nb\u00f6z\u0151 st\u00edlusokkal \u00e9s sz\u00ednekkel.<\/p>\n\n\n\n<h3 class=\"wp-block-heading\">A haj\u00e9rz\u00e9kel\u00e9s pontoss\u00e1ga<\/h3>\n\n\n\n<p>A pontos hajsz\u00e1l\u00e9rz\u00e9kel\u00e9s elengedhetetlen a val\u00f3s\u00e1gh\u0171 eredm\u00e9nyekhez. Egy olyan alkalmaz\u00e1s, amely mesters\u00e9ges intelligenci\u00e1t (MI) haszn\u00e1l a hajsz\u00e1lak pontos felismer\u00e9s\u00e9hez, lehet\u0151v\u00e9 teszi, hogy l\u00e1sd, hogyan mutatn\u00e1nak a k\u00fcl\u00f6nb\u00f6z\u0151 sz\u00ednek \u00e9s st\u00edlusok a val\u00f3di hajadon.<\/p>\n\n\n\n<h3 class=\"wp-block-heading\">St\u00edlusok \u00e9s sz\u00ednek sokf\u00e9les\u00e9ge<\/h3>\n\n\n\n<p>A t\u00f6k\u00e9letes megjelen\u00e9s megtal\u00e1l\u00e1s\u00e1hoz kulcsfontoss\u00e1g\u00fa a lehet\u0151s\u00e9gek sz\u00e9les v\u00e1laszt\u00e9ka. Keress egy olyan alkalmaz\u00e1st, amely sz\u00e9les st\u00edlus- \u00e9s sz\u00ednv\u00e1laszt\u00e9kot k\u00edn\u00e1l, \u00edgy felfedezheted a k\u00fcl\u00f6nb\u00f6z\u0151 megjelen\u00e9seket, \u00e9s megtal\u00e1lhatod a szem\u00e9lyis\u00e9gedhez legink\u00e1bb ill\u0151t.<\/p>\n\n\n\n<h3 class=\"wp-block-heading\">K\u00f6nny\u0171 haszn\u00e1lat<\/h3>\n\n\n\n<p>A k\u00f6nny\u0171 haszn\u00e1lat jelentheti a k\u00fcl\u00f6nbs\u00e9get a sz\u00f3rakoztat\u00f3 \u00e9s a frusztr\u00e1l\u00f3 \u00e9lm\u00e9ny k\u00f6z\u00f6tt. Az intuit\u00edv \u00e9s k\u00f6nnyen navig\u00e1lhat\u00f3 alkalmaz\u00e1s lehet\u0151v\u00e9 teszi, hogy n\u00e9h\u00e1ny koppint\u00e1ssal megv\u00e1ltoztasd a frizur\u00e1dat vagy a hajsz\u00ednedet.<\/p>\n\n\n\n<p>Ezen f\u0151bb jellemz\u0151k figyelembev\u00e9tel\u00e9vel kiv\u00e1laszthatja az ig\u00e9nyeinek \u00e9s preferenci\u00e1inak legink\u00e1bb megfelel\u0151 alkalmaz\u00e1st. Ne feledje, hogy az ide\u00e1lis eszk\u00f6znek a pontoss\u00e1g, a v\u00e1ltozatoss\u00e1g \u00e9s a k\u00f6nny\u0171 haszn\u00e1lat j\u00f3 kombin\u00e1ci\u00f3j\u00e1t kell k\u00edn\u00e1lnia.<\/p>\n\n\n\n<h2 class=\"wp-block-heading\">YouCam smink: A legteljesebb az \u00e1talak\u00edt\u00e1sokhoz<\/h2>\n\n\n\n<p>A YouCam Makeup fejlett hajsz\u00edn-szimul\u00e1tor\u00e1val teljes \u00e9lm\u00e9nyt ny\u00fajt a megjelen\u00e9s megv\u00e1ltoztat\u00e1s\u00e1hoz. Ez az alkalmaz\u00e1s nemcsak lehet\u0151v\u00e9 teszi a k\u00fcl\u00f6nb\u00f6z\u0151 hajsz\u00ednek kipr\u00f3b\u00e1l\u00e1s\u00e1t, hanem olyan sz\u00e9p\u00edt\u0151 funkci\u00f3kat is tartalmaz, mint az arcsz\u00edn jav\u00edt\u00e1sa \u00e9s a testforma korrekci\u00f3ja.<\/p>\n\n\n<div class=\"wp-block-image\">\n<figure class=\"aligncenter\"><img decoding=\"async\" width=\"1024\" height=\"585\" src=\"https:\/\/rosstylepro.com\/wp-content\/uploads\/sites\/137\/2025\/07\/Imagen-de-una-chica-probando-diferentes-colores-de-cabello-con-YouCam-Makeup-1024x585.jpeg\" alt=\"Imagen de una chica probando diferentes colores de cabello con YouCam Makeup\" class=\"wp-image-2617\" title=\"K\u00e9p egy l\u00e1nyr\u00f3l, aki k\u00fcl\u00f6nb\u00f6z\u0151 hajsz\u00edneket pr\u00f3b\u00e1l ki YouCam Makeup seg\u00edts\u00e9g\u00e9vel\" srcset=\"https:\/\/rosstylepro.com\/wp-content\/uploads\/sites\/137\/2025\/07\/Imagen-de-una-chica-probando-diferentes-colores-de-cabello-con-YouCam-Makeup-1024x585.jpeg 1024w, https:\/\/rosstylepro.com\/wp-content\/uploads\/sites\/137\/2025\/07\/Imagen-de-una-chica-probando-diferentes-colores-de-cabello-con-YouCam-Makeup-300x171.jpeg 300w, https:\/\/rosstylepro.com\/wp-content\/uploads\/sites\/137\/2025\/07\/Imagen-de-una-chica-probando-diferentes-colores-de-cabello-con-YouCam-Makeup-768x439.jpeg 768w, https:\/\/rosstylepro.com\/wp-content\/uploads\/sites\/137\/2025\/07\/Imagen-de-una-chica-probando-diferentes-colores-de-cabello-con-YouCam-Makeup-18x10.jpeg 18w, https:\/\/rosstylepro.com\/wp-content\/uploads\/sites\/137\/2025\/07\/Imagen-de-una-chica-probando-diferentes-colores-de-cabello-con-YouCam-Makeup.jpeg 1344w\" sizes=\"(max-width: 1024px) 100vw, 1024px\" \/><\/figure><\/div>\n\n\n<p><a class=\"button\" href=\"https:\/\/www.perfectcorp.com\/es\/consumer\/apps\/ymk\" target=\"_blank\" rel=\"nofollow noopener\">Pr\u00f3b\u00e1lja ki ingyen<\/a><\/p>\n\n\n\n<h3 class=\"wp-block-heading\">F\u0151bb jellemz\u0151k<\/h3>\n\n\n\n<p>A YouCam Makeup f\u0151bb funkci\u00f3i k\u00f6z\u00e9 tartozik a hajsz\u00edn-szimul\u00e1tor \u00e9s a virtu\u00e1lis sminklehet\u0151s\u00e9gek. Az alkalmaz\u00e1s kiterjesztett val\u00f3s\u00e1got haszn\u00e1l, hogy val\u00f3s id\u0151ben l\u00e1sd a v\u00e1ltoz\u00e1sokat, \u00edgy realisztikusabb \u00e9lm\u00e9nyt ny\u00fajt.<\/p>\n\n\n\n<h3 class=\"wp-block-heading\">Hogyan kell l\u00e9p\u00e9sr\u0151l l\u00e9p\u00e9sre haszn\u00e1lni<\/h3>\n\n\n\n<p>A hajsz\u00edn megv\u00e1ltoztat\u00e1s\u00e1hoz a YouCam Makeup seg\u00edts\u00e9g\u00e9vel k\u00f6vesse az al\u00e1bbi l\u00e9p\u00e9seket: v\u00e1lassza ki a szerkeszteni k\u00edv\u00e1nt k\u00e9pet, kattintson a \u201eHaj\u201d eszk\u00f6zre, majd a \u201eHajsz\u00edn\u201d lehet\u0151s\u00e9gre. V\u00e1lasszon az \u201eEgysz\u00edn\u0171\u201d, \u201eT\u00f6bbsz\u00edn\u0171\u201d \u00e9s \u201e\u00c1rny\u00e9k\u201d m\u00f3dok k\u00f6z\u00fcl, \u00e1ll\u00edtsa be a f\u00e9nyer\u0151t \u00e9s a sz\u00ednt, v\u00e9g\u00fcl kattintson a \u201eMent\u00e9s\u201d gombra.<\/p>\n\n\n\n<p>A YouCam Makeup seg\u00edts\u00e9g\u00e9vel ezt teheted: <strong>sz\u00ednv\u00e1lt\u00e1s<\/strong> hajv\u00e1g\u00e1s \u00e9s \u00faj st\u00edlusok felfedez\u00e9se k\u00f6telezetts\u00e9gek n\u00e9lk\u00fcl. Az alkalmaz\u00e1s ide\u00e1lis azok sz\u00e1m\u00e1ra, akik teljes virtu\u00e1lis \u00e1talak\u00edt\u00e1si \u00e9lm\u00e9nyre v\u00e1gynak.<\/p>\n\n\n\n<h2 class=\"wp-block-heading\">Style My Hair by L&#039;Or\u00e9al: Professzion\u00e1lis hajfest\u00e9kek<\/h2>\n\n\n<div class=\"wp-block-image\">\n<figure class=\"aligncenter\"><img decoding=\"async\" width=\"1024\" height=\"585\" src=\"https:\/\/rosstylepro.com\/wp-content\/uploads\/sites\/137\/2025\/07\/Generar-imagen-de-la-app-Style-My-Hair-de-LOreal-1024x585.jpeg\" alt=\"Generar imagen de la app Style My Hair de L'Or\u00e9al\" class=\"wp-image-2618\" title=\"K\u00e9p gener\u00e1l\u00e1sa a L&#039;Or\u00e9al Style My Hair alkalmaz\u00e1sb\u00f3l\" srcset=\"https:\/\/rosstylepro.com\/wp-content\/uploads\/sites\/137\/2025\/07\/Generar-imagen-de-la-app-Style-My-Hair-de-LOreal-1024x585.jpeg 1024w, https:\/\/rosstylepro.com\/wp-content\/uploads\/sites\/137\/2025\/07\/Generar-imagen-de-la-app-Style-My-Hair-de-LOreal-300x171.jpeg 300w, https:\/\/rosstylepro.com\/wp-content\/uploads\/sites\/137\/2025\/07\/Generar-imagen-de-la-app-Style-My-Hair-de-LOreal-768x439.jpeg 768w, https:\/\/rosstylepro.com\/wp-content\/uploads\/sites\/137\/2025\/07\/Generar-imagen-de-la-app-Style-My-Hair-de-LOreal-18x10.jpeg 18w, https:\/\/rosstylepro.com\/wp-content\/uploads\/sites\/137\/2025\/07\/Generar-imagen-de-la-app-Style-My-Hair-de-LOreal.jpeg 1344w\" sizes=\"(max-width: 1024px) 100vw, 1024px\" \/><\/figure><\/div>\n\n\n<p><a class=\"button\" href=\"https:\/\/www.loreal.com\/en\/articles\/science-and-technology\/haircolor-virtual-try-on-loreal-professionnel-style-myhair\/\" target=\"_blank\" rel=\"nofollow noopener\">Ingyenes pr\u00f3baverzi\u00f3<\/a><\/p>\n\n\n\n<p>Ha \u00faj k\u00fcls\u0151t szeretn\u00e9l, a L&#039;Or\u00e9al Style My Hair alkalmaz\u00e1ssal val\u00f3s id\u0151ben pr\u00f3b\u00e1lhatsz ki k\u00fcl\u00f6nb\u00f6z\u0151 hajsz\u00edneket. A L&#039;Or\u00e9al Professionnel \u00e1ltal fejlesztett alkalmaz\u00e1s ide\u00e1lis azok sz\u00e1m\u00e1ra, akik realisztikus \u00e9s professzion\u00e1lis hajsz\u00ednv\u00e1lt\u00e1sra v\u00e1gynak.<\/p>\n\n\n\n<h3 class=\"wp-block-heading\">A val\u00f3di fest\u00e9kek haszn\u00e1lat\u00e1nak el\u0151nyei<\/h3>\n\n\n\n<p>A Style My Hair egyik f\u0151 el\u0151nye, hogy professzion\u00e1lis fest\u00e9kekb\u0151l sz\u00e1rmaz\u00f3 val\u00f3di sz\u00edneket haszn\u00e1l. Ez azt jelenti, hogy... <strong>pr\u00f3b\u00e1lj ki olyan \u00e1rnyalatokat, amelyek t\u00e9nylegesen l\u00e9teznek a piacon<\/strong> \u00e9s amit k\u00e9rhetsz a szalonodban. Az alkalmaz\u00e1s haszn\u00e1lat\u00e1val pontosan l\u00e1thatod a v\u00e9geredm\u00e9nyt, miel\u0151tt elk\u00f6telezn\u00e9d magad a sz\u00ednv\u00e1lt\u00e1s mellett.<\/p>\n\n\n\n<h3 class=\"wp-block-heading\">Gyors \u00fczembe helyez\u00e9si \u00fatmutat\u00f3<\/h3>\n\n\n\n<p>A Style My Hair haszn\u00e1lat\u00e1hoz egyszer\u0171en t\u00f6ltsd le az alkalmaz\u00e1st, v\u00e1laszd ki a kipr\u00f3b\u00e1lni k\u00edv\u00e1nt hajsz\u00ednt, \u00e9s \u00e1ll\u00edtsd be az intenzit\u00e1st az ig\u00e9nyeid szerint. Az alkalmaz\u00e1s seg\u00edts\u00e9g\u00e9vel l\u00e1thatod, hogyan fog \u00e1llni rajtad az \u00faj sz\u00edn. <em>val\u00f3s idej\u0171<\/em>, ami megk\u00f6nny\u00edti a megjelen\u00e9s megv\u00e1ltoztat\u00e1s\u00e1val kapcsolatos d\u00f6nt\u00e9st.<\/p>\n\n\n\n<p>A Style My Hair seg\u00edts\u00e9g\u00e9vel felfedezheted a leg\u00fajabb hajsz\u00edn trendeket, \u00e9s k\u00f6zvetlen\u00fcl az alkalmaz\u00e1sb\u00f3l foglalhatod le a k\u00f6vetkez\u0151 szalonodba val\u00f3 id\u0151pontodat. Ez az eszk\u00f6z k\u00fcl\u00f6n\u00f6sen hasznos azok sz\u00e1m\u00e1ra, akik realisztikus \u00e9s professzion\u00e1lis \u00e1talak\u00edt\u00e1sra v\u00e1gynak.<\/p>\n\n\n\n<h2 class=\"wp-block-heading\">PhotoDirector: Szimul\u00e1tor fejlett mesters\u00e9ges intelligenci\u00e1val<\/h2>\n\n\n<div class=\"wp-block-image\">\n<figure class=\"aligncenter\"><img loading=\"lazy\" decoding=\"async\" width=\"1024\" height=\"585\" src=\"https:\/\/rosstylepro.com\/wp-content\/uploads\/sites\/137\/2025\/07\/Genera-una-imagen-de-una-persona-probandose-diferentes-colores-de-pelo-con-la-aplicacion-1024x585.jpeg\" alt=\"App para cambiar el cabello\" class=\"wp-image-2619\" title=\"K\u00e9sz\u00edtsen k\u00e9pet egy szem\u00e9lyr\u0151l, aki k\u00fcl\u00f6nb\u00f6z\u0151 hajsz\u00edneket pr\u00f3b\u00e1l ki a PhotoDirector alkalmaz\u00e1ssal.\" srcset=\"https:\/\/rosstylepro.com\/wp-content\/uploads\/sites\/137\/2025\/07\/Genera-una-imagen-de-una-persona-probandose-diferentes-colores-de-pelo-con-la-aplicacion-1024x585.jpeg 1024w, https:\/\/rosstylepro.com\/wp-content\/uploads\/sites\/137\/2025\/07\/Genera-una-imagen-de-una-persona-probandose-diferentes-colores-de-pelo-con-la-aplicacion-300x171.jpeg 300w, https:\/\/rosstylepro.com\/wp-content\/uploads\/sites\/137\/2025\/07\/Genera-una-imagen-de-una-persona-probandose-diferentes-colores-de-pelo-con-la-aplicacion-768x439.jpeg 768w, https:\/\/rosstylepro.com\/wp-content\/uploads\/sites\/137\/2025\/07\/Genera-una-imagen-de-una-persona-probandose-diferentes-colores-de-pelo-con-la-aplicacion-18x10.jpeg 18w, https:\/\/rosstylepro.com\/wp-content\/uploads\/sites\/137\/2025\/07\/Genera-una-imagen-de-una-persona-probandose-diferentes-colores-de-pelo-con-la-aplicacion.jpeg 1344w\" sizes=\"(max-width: 1024px) 100vw, 1024px\" \/><\/figure><\/div>\n\n\n<p><a class=\"button\" href=\"https:\/\/www.cyberlink.com\/blog\/app-photo-editing\/2354\/best-app-to-change-hair-color?srsltid=AfmBOootltGgi2bWGw9JtPRGfnYePThctadbfgE_sc4-N7tjbMn-VR2h\" target=\"_blank\" rel=\"nofollow noopener\">Ingyenes pr\u00f3baverzi\u00f3<\/a><\/p>\n\n\n\n<p>A PhotoDirector egy innovat\u00edv eszk\u00f6z, amely mesters\u00e9ges intelligenci\u00e1t haszn\u00e1l a frizurav\u00e1lt\u00e1sok val\u00f3s\u00e1gh\u0171 szimul\u00e1l\u00e1s\u00e1ra. Ezzel az alkalmaz\u00e1ssal megv\u00e1ltoztathatod a hajsz\u00ednedet \u00e9s vizualiz\u00e1lhatod a k\u00fcl\u00f6nb\u00f6z\u0151 st\u00edlusokat an\u00e9lk\u00fcl, hogy v\u00e9gleges v\u00e1ltoz\u00e1st k\u00f6vetn\u00e9l el.<\/p>\n\n\n\n<h3 class=\"wp-block-heading\">AI frizura funkci\u00f3<\/h3>\n\n\n\n<p>A PhotoDirector mesters\u00e9ges intelligencia \u00e1ltal vez\u00e9relt frizura funkci\u00f3j\u00e1val felt\u00f6lthetsz egy fot\u00f3t magadr\u00f3l, \u00e9s kiv\u00e1laszthatod a k\u00edv\u00e1nt hajsz\u00ednt. A mesters\u00e9ges intelligencia ezut\u00e1n realisztikusan alkalmazza a sz\u00ednv\u00e1ltoz\u00e1st, figyelembe v\u00e9ve a haj text\u00far\u00e1j\u00e1t \u00e9s st\u00edlus\u00e1t.<\/p>\n\n\n\n<p>Ez a funkci\u00f3 ide\u00e1lis azok sz\u00e1m\u00e1ra, akik inspir\u00e1ci\u00f3t keresnek egy \u00faj megjelen\u00e9shez, vagy szeretn\u00e9nek kipr\u00f3b\u00e1lni egy hajsz\u00ednt an\u00e9lk\u00fcl, hogy val\u00f3di v\u00e1ltoz\u00e1st kock\u00e1ztatn\u00e1nak.<\/p>\n\n\n\n<h3 class=\"wp-block-heading\">Kezd\u0151knek sz\u00f3l\u00f3 oktat\u00f3anyag<\/h3>\n\n\n\n<p>Azok sz\u00e1m\u00e1ra, akik most ismerkednek a PhotoDirectorral, l\u00e9p\u00e9sr\u0151l l\u00e9p\u00e9sre bemutat\u00f3 \u00fatmutat\u00f3 seg\u00edt a frizura \u00e9s a hajsz\u00edn megv\u00e1ltoztat\u00e1s\u00e1ban.<\/p>\n\n\n\n<p>Ebb\u0151l az oktat\u00f3anyagb\u00f3l megtanulod, hogyan haszn\u00e1lhatod a mesters\u00e9ges intelligencia alap\u00fa csere funkci\u00f3t a hajadon v\u00e9grehajtott konkr\u00e9t m\u00f3dos\u00edt\u00e1sokhoz, \u00e9s hogyan haszn\u00e1lhatod ki az alkalmaz\u00e1s szerkeszt\u0151eszk\u00f6zeinek minden el\u0151ny\u00e9t.<\/p>\n\n\n\n<h2 class=\"wp-block-heading\">\u00c9l\u00e9nk csillog\u00e1s: T\u00f6k\u00e9letes fot\u00f3khoz \u00e9s vide\u00f3khoz<\/h2>\n\n\n<div class=\"wp-block-image\">\n<figure class=\"aligncenter\"><img loading=\"lazy\" decoding=\"async\" width=\"1024\" height=\"585\" src=\"https:\/\/rosstylepro.com\/wp-content\/uploads\/sites\/137\/2025\/07\/Generar-imagen-de-una-persona-cambiando-el-color-de-su-pelo-usando-Vivid-Glam-1024x585.jpeg\" alt=\"App para cambiar el cabello\" class=\"wp-image-2620\" title=\"Szem\u00e9ly k\u00e9p\u00e9nek l\u00e9trehoz\u00e1sa a hajsz\u00edn\u00e9nek megv\u00e1ltoztat\u00e1s\u00e1val a Vivid Glam seg\u00edts\u00e9g\u00e9vel\" srcset=\"https:\/\/rosstylepro.com\/wp-content\/uploads\/sites\/137\/2025\/07\/Generar-imagen-de-una-persona-cambiando-el-color-de-su-pelo-usando-Vivid-Glam-1024x585.jpeg 1024w, https:\/\/rosstylepro.com\/wp-content\/uploads\/sites\/137\/2025\/07\/Generar-imagen-de-una-persona-cambiando-el-color-de-su-pelo-usando-Vivid-Glam-300x171.jpeg 300w, https:\/\/rosstylepro.com\/wp-content\/uploads\/sites\/137\/2025\/07\/Generar-imagen-de-una-persona-cambiando-el-color-de-su-pelo-usando-Vivid-Glam-768x439.jpeg 768w, https:\/\/rosstylepro.com\/wp-content\/uploads\/sites\/137\/2025\/07\/Generar-imagen-de-una-persona-cambiando-el-color-de-su-pelo-usando-Vivid-Glam-18x10.jpeg 18w, https:\/\/rosstylepro.com\/wp-content\/uploads\/sites\/137\/2025\/07\/Generar-imagen-de-una-persona-cambiando-el-color-de-su-pelo-usando-Vivid-Glam.jpeg 1344w\" sizes=\"(max-width: 1024px) 100vw, 1024px\" \/><\/figure><\/div>\n\n\n<p><a class=\"button\" href=\"https:\/\/apps.apple.com\/gt\/app\/vivid-glam-retoque-video-foto\/id6451180951\" target=\"_blank\" rel=\"nofollow noopener\">Ingyenes pr\u00f3baverzi\u00f3<\/a><\/p>\n\n\n\n<p>A Vivid Glam az egyik legjobb alkalmaz\u00e1s a hajsz\u00edn megv\u00e1ltoztat\u00e1s\u00e1ra mind a fot\u00f3kon, mind a vide\u00f3kon, k\u00f6sz\u00f6nhet\u0151en a legmodernebb technol\u00f3gi\u00e1nak. Ez a CyberLink alkalmaz\u00e1s jav\u00edtja a fot\u00f3idat \u00e9s vide\u00f3idat az\u00e1ltal, hogy lehet\u0151v\u00e9 teszi a hajsz\u00edn megv\u00e1ltoztat\u00e1s\u00e1t \u00e9s t\u00f6bb \u00e1rnyalat kipr\u00f3b\u00e1l\u00e1s\u00e1t fejlett mesters\u00e9ges intelligenci\u00e1j\u00e1nak k\u00f6sz\u00f6nhet\u0151en.<\/p>\n\n\n\n<p>A mesters\u00e9ges intelligenci\u00e1val vez\u00e9relt frizura funkci\u00f3 a virtu\u00e1lis sminkkel, az arc kont\u00faroz\u00e1s\u00e1val \u00e9s a b\u0151r sim\u00edt\u00e1s\u00e1val egy\u00fctt teljes el\u0151zetest ny\u00fajt. Ide\u00e1lis a k\u00f6z\u00f6ss\u00e9gi m\u00e9di\u00e1hoz, vagy miel\u0151tt val\u00f3di v\u00e1ltoztat\u00e1sokat eszk\u00f6z\u00f6ln\u00e9l a megjelen\u00e9seden.<\/p>\n\n\n\n<h3 class=\"wp-block-heading\">Egyedi funkci\u00f3k vide\u00f3khoz<\/h3>\n\n\n\n<p>A Vivid Glam egyik legfigyelemrem\u00e9lt\u00f3bb tulajdons\u00e1ga a vide\u00f3k szerkeszt\u00e9s\u00e9nek k\u00e9pess\u00e9ge. Kev\u00e9s alkalmaz\u00e1s k\u00edn\u00e1lja ezt a funkci\u00f3t, \u00edgy a Vivid Glam k\u00fcl\u00f6n\u00f6sen \u00e9rt\u00e9kes a tartalomk\u00e9sz\u00edt\u0151k \u00e9s a k\u00f6z\u00f6ss\u00e9gi m\u00e9di\u00e1ban gyakran megoszt\u00f3k sz\u00e1m\u00e1ra.<\/p>\n\n\n\n<p>Az alkalmaz\u00e1s lehet\u0151v\u00e9 teszi a hajsz\u00edn realisztikus megv\u00e1ltoztat\u00e1s\u00e1t a vide\u00f3kban, mik\u00f6zben meg\u0151rzi a term\u00e9szetes mozg\u00e1st \u00e9s kifejez\u00e9st.<\/p>\n\n\n\n<h3 class=\"wp-block-heading\">Hogyan \u00e9rj\u00fcnk el re\u00e1lis eredm\u00e9nyeket<\/h3>\n\n\n\n<p>A Vivid Glam haszn\u00e1lat\u00e1val realisztikus eredm\u00e9nyeket \u00e9rhetsz el, ha odafigyelsz a szerkesztett k\u00e9p vagy vide\u00f3 megvil\u00e1g\u00edt\u00e1s\u00e1ra \u00e9s min\u0151s\u00e9g\u00e9re. Az alkalmaz\u00e1s eszk\u00f6z\u00f6ket k\u00edn\u00e1l a sz\u00ednintenzit\u00e1s \u00e9s m\u00e1s effektek be\u00e1ll\u00edt\u00e1s\u00e1hoz, hogy azok meggy\u0151z\u0151nek t\u0171njenek.<\/p>\n\n\n\n<p>Ezenk\u00edv\u00fcl az AI frizura funkci\u00f3 seg\u00edt a megfelel\u0151 sz\u00edn \u00e9s st\u00edlus kiv\u00e1laszt\u00e1s\u00e1ban, biztos\u00edtva, hogy az \u00e1talak\u00edt\u00e1s hihet\u0151 \u00e9s vonz\u00f3 legyen.<\/p>\n\n\n\n<h2 class=\"wp-block-heading\">MakeupPlus: Ide\u00e1lis a gyors v\u00e1ltoztat\u00e1sokhoz<\/h2>\n\n\n<div class=\"wp-block-image\">\n<figure class=\"aligncenter\"><img loading=\"lazy\" decoding=\"async\" width=\"1024\" height=\"585\" src=\"https:\/\/rosstylepro.com\/wp-content\/uploads\/sites\/137\/2025\/07\/Generar-imagen-de-una-persona-usando-MakeupPlus-en-su-telefono-1024x585.jpeg\" alt=\"App para cambiar el cabello\" class=\"wp-image-2621\" title=\"Szem\u00e9lyes k\u00e9p l\u00e9trehoz\u00e1sa a MakeupPlus seg\u00edts\u00e9g\u00e9vel a telefonodon\" srcset=\"https:\/\/rosstylepro.com\/wp-content\/uploads\/sites\/137\/2025\/07\/Generar-imagen-de-una-persona-usando-MakeupPlus-en-su-telefono-1024x585.jpeg 1024w, https:\/\/rosstylepro.com\/wp-content\/uploads\/sites\/137\/2025\/07\/Generar-imagen-de-una-persona-usando-MakeupPlus-en-su-telefono-300x171.jpeg 300w, https:\/\/rosstylepro.com\/wp-content\/uploads\/sites\/137\/2025\/07\/Generar-imagen-de-una-persona-usando-MakeupPlus-en-su-telefono-768x439.jpeg 768w, https:\/\/rosstylepro.com\/wp-content\/uploads\/sites\/137\/2025\/07\/Generar-imagen-de-una-persona-usando-MakeupPlus-en-su-telefono-18x10.jpeg 18w, https:\/\/rosstylepro.com\/wp-content\/uploads\/sites\/137\/2025\/07\/Generar-imagen-de-una-persona-usando-MakeupPlus-en-su-telefono.jpeg 1344w\" sizes=\"(max-width: 1024px) 100vw, 1024px\" \/><\/figure><\/div>\n\n\n<p><a class=\"button\" href=\"https:\/\/play.google.com\/store\/apps\/details?id=com.meitu.makeup&amp;hl=es\" target=\"_blank\" rel=\"nofollow noopener\">Ingyenes pr\u00f3baverzi\u00f3<\/a><\/p>\n\n\n\n<p>Ha gyors \u00e9s egyszer\u0171 m\u00f3dot keresel virtu\u00e1lis megjelen\u00e9sed megv\u00e1ltoztat\u00e1s\u00e1ra, a MakeupPlus a t\u00f6k\u00e9letes alkalmaz\u00e1s sz\u00e1modra. Ez az alkalmaz\u00e1s lehet\u0151v\u00e9 teszi, hogy megv\u00e1ltoztasd a hajsz\u00ednedet, \u00e9s k\u00fcl\u00f6nb\u00f6z\u0151 sminkeket pr\u00f3b\u00e1lj ki a szelfieiden.<\/p>\n\n\n\n<h3 class=\"wp-block-heading\">Kiemelt jellemz\u0151k<\/h3>\n\n\n\n<p>A MakeupPlus sz\u00e1mos olyan funkci\u00f3t k\u00edn\u00e1l, amelyekkel szem\u00e9lyre szabhatod a szelfiket. N\u00e9h\u00e1ny koppint\u00e1ssal megv\u00e1ltoztathatod a hajsz\u00ednedet \u00e9s k\u00fcl\u00f6nb\u00f6z\u0151 sminkst\u00edlusokat alkalmazhatsz. Az alkalmaz\u00e1s k\u00f6nnyen haszn\u00e1lhat\u00f3, \u00e9s nem ig\u00e9nyel halad\u00f3 fot\u00f3szerkeszt\u00e9si ismereteket.<\/p>\n\n\n\n<h3 class=\"wp-block-heading\">Tippek a jobb eredm\u00e9nyek\u00e9rt<\/h3>\n\n\n\n<p>A MakeupPlusszal a legjobb eredm\u00e9ny el\u00e9r\u00e9se \u00e9rdek\u00e9ben gy\u0151z\u0151dj meg r\u00f3la, hogy megfelel\u0151 a megvil\u00e1g\u00edt\u00e1s szelfik k\u00e9sz\u00edt\u00e9sekor. \u00c1ll\u00edtsd be a smink \u00e9s a hajsz\u00edn intenzit\u00e1s\u00e1t az \u00edzl\u00e9sed szerint. K\u00eds\u00e9rletezz k\u00fcl\u00f6nb\u00f6z\u0151 megjelen\u00e9sekkel, am\u00edg meg nem tal\u00e1lod a sz\u00e1modra legjobban tetsz\u0151t.<\/p>\n\n\n\n<h2 class=\"wp-block-heading\">Fabby Look: K\u00eds\u00e9rletezzen mer\u00e9sz sz\u00ednekkel<\/h2>\n\n\n<div class=\"wp-block-image\">\n<figure class=\"aligncenter\"><img loading=\"lazy\" decoding=\"async\" width=\"1024\" height=\"585\" src=\"https:\/\/rosstylepro.com\/wp-content\/uploads\/sites\/137\/2025\/07\/Genera-una-imagen-de-una-persona-con-cabello-de-colores-vibrantes-usando-la-app-Fabby-Look-1024x585.jpeg\" alt=\"App para cambiar el cabello\" class=\"wp-image-2622\" title=\"K\u00e9sz\u00edts egy k\u00e9pet egy \u00e9l\u00e9nk sz\u00edn\u0171 haj\u00fa szem\u00e9lyr\u0151l a Fabby Look alkalmaz\u00e1ssal.\" srcset=\"https:\/\/rosstylepro.com\/wp-content\/uploads\/sites\/137\/2025\/07\/Genera-una-imagen-de-una-persona-con-cabello-de-colores-vibrantes-usando-la-app-Fabby-Look-1024x585.jpeg 1024w, https:\/\/rosstylepro.com\/wp-content\/uploads\/sites\/137\/2025\/07\/Genera-una-imagen-de-una-persona-con-cabello-de-colores-vibrantes-usando-la-app-Fabby-Look-300x171.jpeg 300w, https:\/\/rosstylepro.com\/wp-content\/uploads\/sites\/137\/2025\/07\/Genera-una-imagen-de-una-persona-con-cabello-de-colores-vibrantes-usando-la-app-Fabby-Look-768x439.jpeg 768w, https:\/\/rosstylepro.com\/wp-content\/uploads\/sites\/137\/2025\/07\/Genera-una-imagen-de-una-persona-con-cabello-de-colores-vibrantes-usando-la-app-Fabby-Look-18x10.jpeg 18w, https:\/\/rosstylepro.com\/wp-content\/uploads\/sites\/137\/2025\/07\/Genera-una-imagen-de-una-persona-con-cabello-de-colores-vibrantes-usando-la-app-Fabby-Look.jpeg 1344w\" sizes=\"(max-width: 1024px) 100vw, 1024px\" \/><\/figure><\/div>\n\n\n<p><a class=\"button\" href=\"https:\/\/fabby-look-hair-color-changer-and-style-effects.uptodown.com\/android\" target=\"_blank\" rel=\"nofollow noopener\">Pr\u00f3b\u00e1lja ki ingyen<\/a><\/p>\n\n\n\n<p>A Fabby Look alkalmaz\u00e1ssal mer\u00e9sz hajsz\u00ednek sz\u00e9les sk\u00e1l\u00e1j\u00e1t fedezheted fel. Ezzel az eszk\u00f6zzel a k\u00f6vetkez\u0151ket teheted: <strong>v\u00e1ltoztasd meg a hajsz\u00ednedet<\/strong> \u00e9s pr\u00f3b\u00e1lj ki \u00faj megjelen\u00e9seket an\u00e9lk\u00fcl, hogy fel\u00e1ldozn\u00e1d a val\u00f3di hajad.<\/p>\n\n\n\n<h3 class=\"wp-block-heading\">10 sz\u00edn, amit \u00e9rdemes kipr\u00f3b\u00e1lni<\/h3>\n\n\n\n<p>A Fabby Look sz\u00e1mos lehet\u0151s\u00e9get k\u00edn\u00e1l <strong>sz\u00ednek<\/strong> \u00cdgy k\u00eds\u00e9rletezhetsz. A platin\u00e1t\u00f3l az \u00e9l\u00e9nkv\u00f6r\u00f6sig ak\u00e1r 10 k\u00fcl\u00f6nb\u00f6z\u0151 hajsz\u00edn k\u00f6z\u00fcl is v\u00e1laszthatsz. \u00cdme n\u00e9h\u00e1ny a legn\u00e9pszer\u0171bb sz\u00ednek k\u00f6z\u00fcl:<\/p>\n\n\n\n<p>N\u00e9h\u00e1ny hangs\u00falyosabb sz\u00edn ide\u00e1lis azok sz\u00e1m\u00e1ra, akik dr\u00e1mai v\u00e1ltoz\u00e1sra v\u00e1gynak, m\u00edg m\u00e1sok t\u00f6k\u00e9letesek azok sz\u00e1m\u00e1ra, akik visszafogottabb megjelen\u00e9sre v\u00e1gynak.<\/p>\n\n\n\n<h3 class=\"wp-block-heading\">A kiterjesztett val\u00f3s\u00e1g el\u0151nyei<\/h3>\n\n\n\n<p>A Fabby Look egyik f\u0151 el\u0151nye a haszn\u00e1lata <strong>kiterjesztett val\u00f3s\u00e1g<\/strong>Ez lehet\u0151v\u00e9 teszi a v\u00e1ltoz\u00e1sok megtekint\u00e9s\u00e9t a <strong>val\u00f3s idej\u0171<\/strong> an\u00e9lk\u00fcl, hogy el kellene vennem egyet <strong>f\u00e9nyk\u00e9p<\/strong>A kiterjesztett val\u00f3s\u00e1g seg\u00edts\u00e9g\u00e9vel k\u00f6nnyed\u00e9n vizualiz\u00e1lhatod, hogyan mutatna rajtad egy bizonyos sz\u00edn vagy st\u00edlus.<\/p>\n\n\n\n<p>R\u00e1ad\u00e1sul az alkalmaz\u00e1s nagyon k\u00f6nnyen haszn\u00e1lhat\u00f3, lehet\u0151v\u00e9 t\u00e9ve, hogy <strong>sz\u00ednv\u00e1lt\u00e1s<\/strong> a ti\u00e9d <strong>haj<\/strong> gyorsan \u00e9s k\u00f6nnyen.<\/p>\n\n\n\n<h2 class=\"wp-block-heading\">Tov\u00e1bbi kiemelt alkalmaz\u00e1sok a megjelen\u00e9s megv\u00e1ltoztat\u00e1s\u00e1hoz<\/h2>\n\n\n\n<p>Ha tov\u00e1bbi alternat\u00edv\u00e1kat keresel a k\u00fcl\u00f6nb\u00f6z\u0151 frizur\u00e1k kipr\u00f3b\u00e1l\u00e1s\u00e1ra, \u00edme n\u00e9h\u00e1ny kiemelked\u0151 lehet\u0151s\u00e9g, amelyek lehet\u0151v\u00e9 teszik: <strong>v\u00e1ltoztasd meg a k\u00fcls\u0151det<\/strong> gyakorlatilag.<\/p>\n\n\n<div class=\"wp-block-image\">\n<figure class=\"aligncenter\"><img loading=\"lazy\" decoding=\"async\" width=\"1024\" height=\"585\" src=\"https:\/\/rosstylepro.com\/wp-content\/uploads\/sites\/137\/2025\/07\/A-vibrant-high-quality-image-of-various-mobile-apps-showcasing-their-hair-styling-and-1024x585.jpeg\" alt=\"App para cambiar el cabello\" class=\"wp-image-2623\" title=\"\u00c9l\u00e9nk, kiv\u00e1l\u00f3 min\u0151s\u00e9g\u0171 k\u00e9p k\u00fcl\u00f6nf\u00e9le mobilalkalmaz\u00e1sokr\u00f3l, amelyek hajform\u00e1z\u00e1si \u00e9s \u00e1talak\u00edt\u00e1si k\u00e9pess\u00e9geiket mutatj\u00e1k be. Az el\u0151t\u00e9rben okostelefon-k\u00e9perny\u0151k gy\u0171jtem\u00e9nye l\u00e1that\u00f3, amelyek k\u00fcl\u00f6nb\u00f6z\u0151 alkalmaz\u00e1sfel\u00fcleteket jelen\u00edtenek meg, mindegyiken egy n\u0151 feje l\u00e1that\u00f3, akinek a haj\u00e1t digit\u00e1lisan \u00e1talak\u00edtott\u00e1k k\u00fcl\u00f6nb\u00f6z\u0151 st\u00edlusokban \u00e9s sz\u00ednekben. A k\u00f6z\u00e9ps\u0151 k\u00e9pen hajkieg\u00e9sz\u00edt\u0151k, fest\u00e9kek \u00e9s form\u00e1z\u00f3 eszk\u00f6z\u00f6k v\u00e1ltozatos sk\u00e1l\u00e1ja l\u00e1that\u00f3. A h\u00e1tt\u00e9r l\u00e1gy, elmos\u00f3dott sz\u00edn\u00e1tmenet, kieg\u00e9sz\u00edt\u0151 \u00e1rnyalatokban, modern, szerkeszt\u0151i st\u00edlus\u00fa kompoz\u00edci\u00f3t hozva l\u00e9tre. A vil\u00e1g\u00edt\u00e1s l\u00e1gy \u00e9s el\u0151ny\u00f6s, kiemelve a digit\u00e1lis \u00e1talak\u00edt\u00e1s hat\u00e1sait. Az \u00f6sszhat\u00e1s a kreativit\u00e1s, az \u00f6nkifejez\u00e9s \u00e9s a technol\u00f3gia megjelen\u00e9s\u00e1t \u00e1talak\u00edt\u00f3 erej\u00e9nek hangulata.\" srcset=\"https:\/\/rosstylepro.com\/wp-content\/uploads\/sites\/137\/2025\/07\/A-vibrant-high-quality-image-of-various-mobile-apps-showcasing-their-hair-styling-and-1024x585.jpeg 1024w, https:\/\/rosstylepro.com\/wp-content\/uploads\/sites\/137\/2025\/07\/A-vibrant-high-quality-image-of-various-mobile-apps-showcasing-their-hair-styling-and-300x171.jpeg 300w, https:\/\/rosstylepro.com\/wp-content\/uploads\/sites\/137\/2025\/07\/A-vibrant-high-quality-image-of-various-mobile-apps-showcasing-their-hair-styling-and-768x439.jpeg 768w, https:\/\/rosstylepro.com\/wp-content\/uploads\/sites\/137\/2025\/07\/A-vibrant-high-quality-image-of-various-mobile-apps-showcasing-their-hair-styling-and-18x10.jpeg 18w, https:\/\/rosstylepro.com\/wp-content\/uploads\/sites\/137\/2025\/07\/A-vibrant-high-quality-image-of-various-mobile-apps-showcasing-their-hair-styling-and.jpeg 1344w\" sizes=\"(max-width: 1024px) 100vw, 1024px\" \/><\/figure><\/div>\n\n\n<h3 class=\"wp-block-heading\">Hajsz\u00edn V\u00e1lt\u00f3<\/h3>\n\n\n\n<p><em>Hajsz\u00edn V\u00e1lt\u00f3<\/em> Ez egy olyan alkalmaz\u00e1s, amely prec\u00edz ecsettel retus\u00e1lja a k\u00e9p bizonyos ter\u00fcleteit. <strong>haj<\/strong>, valamint lehet\u0151v\u00e9 teszi a sz\u00ednintenzit\u00e1s be\u00e1ll\u00edt\u00e1s\u00e1t \u00e9s alkot\u00e1sai ment\u00e9s\u00e9t k\u00e9s\u0151bbi megtekint\u00e9sre.<\/p>\n\n\n\n<h3 class=\"wp-block-heading\">Frizurav\u00e1lt\u00f3<\/h3>\n\n\n\n<p>Vel <em>Frizurav\u00e1lt\u00f3<\/em>, a st\u00edlusok sz\u00e9les v\u00e1laszt\u00e9k\u00e1t fedezheted fel <strong>haj<\/strong> n\u0151knek \u00e9s f\u00e9rfiaknak, a klasszikust\u00f3l a modernig, \u00e9s sz\u00e9les v\u00e1laszt\u00e9kot k\u00edn\u00e1l <strong>sz\u00ednek<\/strong> a hajb\u00f3l.<\/p>\n\n\n\n<h3 class=\"wp-block-heading\">Frizura Felpr\u00f3b\u00e1l\u00e1s<\/h3>\n\n\n\n<p><em>Frizura Felpr\u00f3b\u00e1l\u00e1s<\/em> lehet\u0151v\u00e9 teszi, hogy k\u00fcl\u00f6nb\u00f6z\u0151 dolgokat pr\u00f3b\u00e1lj ki <strong>sz\u00ednek<\/strong> a <strong>haj<\/strong> \u00e9s frizur\u00e1k k\u00f6zvetlen\u00fcl a <strong>f\u00e9nyk\u00e9p<\/strong>, mesters\u00e9ges intelligencia technol\u00f3gi\u00e1t haszn\u00e1lva, hogy a st\u00edlusokat az arcodhoz \u00e9s a b\u0151rt\u00f3nusodhoz igaz\u00edtsa.<\/p>\n\n\n\n<h3 class=\"wp-block-heading\">Saj\u00e1t szerkeszt\u00e9s<\/h3>\n\n\n\n<p><em>Saj\u00e1t szerkeszt\u00e9s<\/em> az \u00d6n t\u00f6bbfunkci\u00f3s online szerkeszt\u0151je, kiemelve annak funkci\u00f3j\u00e1t <strong>IA frizura<\/strong>, t\u00f6k\u00e9letes a <strong>sz\u00ednv\u00e1lt\u00e1s<\/strong> a <strong>haj<\/strong> vagy fedezz fel \u00faj st\u00edlusokat leny\u0171g\u00f6z\u0151 realizmussal.<\/p>\n\n\n\n<h2 class=\"wp-block-heading\">\u00d6sszehasonl\u00edt\u00e1s: Melyik alkalmaz\u00e1st v\u00e1lassza az ig\u00e9nyei alapj\u00e1n?<\/h2>\n\n\n\n<p>Amikor frizuram\u00f3dos\u00edt\u00f3 alkalmaz\u00e1st v\u00e1lasztasz, kulcsfontoss\u00e1g\u00fa figyelembe venni a saj\u00e1t ig\u00e9nyeidet. Ak\u00e1r professzion\u00e1lis eszk\u00f6zt keresel, ak\u00e1r csak egy sz\u00f3rakoz\u00e1si lehet\u0151s\u00e9get, sz\u00e1mos lehet\u0151s\u00e9g \u00e1ll rendelkez\u00e9sre Androidra \u00e9s iOS-re egyar\u00e1nt.<\/p>\n\n\n\n<h3 class=\"wp-block-heading\">Professzion\u00e1lis haszn\u00e1latra<\/h3>\n\n\n\n<p>K\u00e9palkot\u00f3 szakemberek, p\u00e9ld\u00e1ul stylistok vagy sminkesek sz\u00e1m\u00e1ra, <strong>YouCam smink<\/strong> \u00e9s <strong>Fot\u00f3rendez\u0151<\/strong> Ezek a legmegb\u00edzhat\u00f3bb lehet\u0151s\u00e9gek. Pontos \u00e9s val\u00f3s\u00e1gh\u0171 eszk\u00f6z\u00f6ket k\u00edn\u00e1lnak a hajsz\u00edn \u00e9s m\u00e1s st\u00edlusok megv\u00e1ltoztat\u00e1s\u00e1hoz.<\/p>\n\n\n\n<h3 class=\"wp-block-heading\">Alkalmi haszn\u00e1latra<\/h3>\n\n\n\n<p>Ha csak sz\u00f3rakoz\u00e1sb\u00f3l szeretn\u00e9l k\u00eds\u00e9rletezni, <strong>SminkPlus<\/strong> \u00e9s <strong>Fabby Look<\/strong> Ide\u00e1lisak. K\u00f6nnyen haszn\u00e1lhat\u00f3ak, \u00e9s sokf\u00e9le st\u00edlusban \u00e9s sz\u00ednben kaphat\u00f3k.<\/p>\n\n\n\n<h3 class=\"wp-block-heading\">Megoszt\u00e1s a k\u00f6z\u00f6ss\u00e9gi h\u00e1l\u00f3zatokon<\/h3>\n\n\n\n<p>Azoknak, akik szeretn\u00e9k megosztani \u00faj megjelen\u00e9s\u00fcket a k\u00f6z\u00f6ss\u00e9gi m\u00e9di\u00e1ban, <strong>\u00c9l\u00e9nk csillog\u00e1s<\/strong> kiv\u00e1l\u00f3 lehet\u0151s\u00e9g, k\u00fcl\u00f6n\u00f6sen vide\u00f3k eset\u00e9n. Ezenk\u00edv\u00fcl <strong>Saj\u00e1t szerkeszt\u00e9s<\/strong> T\u00f6k\u00e9letes a gyors online szerkeszt\u00e9shez, b\u00e1rmi telep\u00edt\u00e9se n\u00e9lk\u00fcl.<\/p>\n\n\n\n<figure class=\"wp-block-table\"><table><tbody><tr><th>Alkalmaz\u00e1s<\/th><th>Ide\u00e1lis haszn\u00e1lat<\/th><th>Platform<\/th><\/tr><tr><td>YouCam smink<\/td><td>Szakmai<\/td><td>Android, iOS<\/td><\/tr><tr><td>Fot\u00f3rendez\u0151<\/td><td>Szakmai<\/td><td>Android, iOS<\/td><\/tr><tr><td>\u00c9l\u00e9nk csillog\u00e1s<\/td><td>K\u00f6z\u00f6ss\u00e9gi h\u00e1l\u00f3zatok (vide\u00f3k)<\/td><td>Android, iOS<\/td><\/tr><tr><td>Saj\u00e1t szerkeszt\u00e9s<\/td><td>Gyors online szerkeszt\u00e9s<\/td><td>Web<\/td><\/tr><\/tbody><\/table><\/figure>\n\n\n\n<h2 class=\"wp-block-heading\">Tippek a realisztikusabb eredm\u00e9nyek el\u00e9r\u00e9s\u00e9hez<\/h2>\n\n\n\n<p>Ahhoz, hogy val\u00f3s\u00e1gh\u0171 eredm\u00e9nyeket \u00e9rj el a hajsz\u00edned megv\u00e1ltoztat\u00e1sakor szimul\u00e1ci\u00f3s alkalmaz\u00e1sokban, k\u00f6vesd ezeket a gyakorlati tippeket. A term\u00e9szetes eredm\u00e9ny sz\u00e1mos t\u00e9nyez\u0151t\u0151l f\u00fcgg, bele\u00e9rtve a megvil\u00e1g\u00edt\u00e1st \u00e9s a fot\u00f3n val\u00f3 elhelyezked\u00e9st.<\/p>\n\n\n\n<h3 class=\"wp-block-heading\">Megfelel\u0151 megvil\u00e1g\u00edt\u00e1s<\/h3>\n\n\n\n<p>A fot\u00f3n a megvil\u00e1g\u00edt\u00e1s kulcsfontoss\u00e1g\u00fa. A l\u00e1gy, term\u00e9szetes f\u00e9ny seg\u00edt a hajsz\u00edn realisztikusabb visszaad\u00e1s\u00e1ban. Ker\u00fcld az er\u0151s megvil\u00e1g\u00edt\u00e1st vagy a s\u00f6t\u00e9t \u00e1rny\u00e9kokat.<\/p>\n\n\n\n<h3 class=\"wp-block-heading\">Helyes poz\u00edci\u00f3<\/h3>\n\n\n\n<p>Gy\u0151z\u0151dj meg r\u00f3la, hogy az arcod semleges helyzetben van a k\u00e9pen. Ez lehet\u0151v\u00e9 teszi az alkalmaz\u00e1s sz\u00e1m\u00e1ra, hogy pontosan felismerje a hajad, \u00e9s egyenletesen felvigye a sz\u00ednt.<\/p>\n\n\n\n<h3 class=\"wp-block-heading\">Intenzit\u00e1sbe\u00e1ll\u00edt\u00e1sok<\/h3>\n\n\n\n<p>\u00c1ll\u00edtsa be a sz\u00ednintenzit\u00e1st a term\u00e9szetes t\u00f3nusok el\u00e9r\u00e9s\u00e9hez. Egyes alkalmaz\u00e1sok lehet\u0151v\u00e9 teszik a tel\u00edtetts\u00e9g \u00e9s a f\u00e9nyer\u0151 testreszab\u00e1s\u00e1t, ami hitelesebb\u00e9 teheti a sz\u00ednv\u00e1ltoz\u00e1st.<\/p>\n\n\n\n<figure class=\"wp-block-table\"><table><tbody><tr><th>Tan\u00e1cs<\/th><th>Haszon<\/th><\/tr><tr><td>L\u00e1gy vil\u00e1g\u00edt\u00e1s<\/td><td>Realisztikusabb szimul\u00e1ci\u00f3<\/td><\/tr><tr><td>Semleges arcpoz\u00edci\u00f3<\/td><td>Prec\u00edz sz\u0151rzetfelismer\u00e9s<\/td><\/tr><tr><td>Sz\u00ednbe\u00e1ll\u00edt\u00e1sok<\/td><td>Term\u00e9szetes \u00e9s autentikus hangok<\/td><\/tr><\/tbody><\/table><\/figure>\n\n\n\n<h2 class=\"wp-block-heading\">Konkl\u00fazi\u00f3 (150 sz\u00f3)<\/h2>\n\n\n\n<p>A technol\u00f3gia itt marad, \u00e9s vele egy\u00fctt az alkalmaz\u00e1sok, amelyekkel k\u00f6telezetts\u00e9gek n\u00e9lk\u00fcl pr\u00f3b\u00e1lhatsz ki \u00faj frizur\u00e1kat. R\u00f6viden, a hajsz\u00ednv\u00e1lt\u00f3k forradalmas\u00edtott\u00e1k a megjelen\u00e9s\u00fcnkkel val\u00f3 k\u00eds\u00e9rletez\u00e9s m\u00f3dj\u00e1t. Ezek az innovat\u00edv eszk\u00f6z\u00f6k lehet\u0151v\u00e9 teszik, hogy... <strong>sz\u00ednv\u00e1lt\u00e1s<\/strong> \u00e9s st\u00edlusa <strong>haj<\/strong> gyakorlatilag, kock\u00e1zatok \u00e9s k\u00f6telezetts\u00e9gek n\u00e9lk\u00fcl.<\/p>\n\n\n\n<p>Ezek haszn\u00e1lat\u00e1nak n\u00e9h\u00e1ny f\u0151 el\u0151nye <strong>alkalmaz\u00e1sok<\/strong> lehet\u0151s\u00e9get ad arra, hogy a d\u00f6nt\u00e9s meghozatala el\u0151tt k\u00fcl\u00f6nb\u00f6z\u0151 st\u00edlusokat \u00e9s sz\u00edneket pr\u00f3b\u00e1ljon ki. A legjobb <strong>alkalmaz\u00e1sok<\/strong> V\u00e1ltozatos lehet\u0151s\u00e9geket k\u00edn\u00e1lnak minden \u00edzl\u00e9snek \u00e9s ig\u00e9nynek megfelel\u0151en, a leg\u00e1tfog\u00f3bbt\u00f3l a legspecializ\u00e1ltabbig. <strong>alakv\u00e1lt\u00e1s<\/strong> \u00e9s <strong>udvarias<\/strong> Virtu\u00e1lisan hajjal \u00faj lehet\u0151s\u00e9geket fedezhetsz fel a szem\u00e9lyes im\u00e1zsod kialak\u00edt\u00e1s\u00e1hoz.<\/p>\n\n\n\n<p>Javasoljuk, hogy pr\u00f3b\u00e1lja ki ezeket <strong>alkalmaz\u00e1sok<\/strong> hogy megtal\u00e1ld a sz\u00e1modra t\u00f6k\u00e9letes megjelen\u00e9st. A technol\u00f3gia seg\u00edt abban, hogy biztons\u00e1gos \u00e9s sz\u00f3rakoztat\u00f3 m\u00f3don fejezd ki egyedi st\u00edlusodat.<\/p>","protected":false},"excerpt":{"rendered":"<p>Szeretted volna m\u00e1r megv\u00e1ltoztatni a megjelen\u00e9sedet an\u00e9lk\u00fcl, hogy drasztikus hajv\u00e1g\u00e1sra vagy sz\u00ednre k\u00e9nyszer\u00fcln\u00e9l? Most megteheted, k\u00f6sz\u00f6nhet\u0151en az innovat\u00edv frizura-szimul\u00e1ci\u00f3s alkalmaz\u00e1soknak. Ezek az alkalmaz\u00e1sok lehet\u0151v\u00e9 teszik, hogy virtu\u00e1lis k\u00f6rnyezetben pr\u00f3b\u00e1lj ki k\u00fcl\u00f6nb\u00f6z\u0151 st\u00edlusokat, fazonokat \u00e9s sz\u00edneket, mesters\u00e9ges intelligencia \u00e9s kiterjesztett val\u00f3s\u00e1g seg\u00edts\u00e9g\u00e9vel val\u00f3s\u00e1gh\u0171 szimul\u00e1ci\u00f3kat hozva l\u00e9tre.<\/p>","protected":false},"author":128,"featured_media":2615,"comment_status":"closed","ping_status":"open","sticky":false,"template":"","format":"standard","meta":{"footnotes":""},"categories":[2],"tags":[],"yoast_head":"<!-- This site is optimized with the Yoast SEO plugin v23.3 - https:\/\/yoast.com\/wordpress\/plugins\/seo\/ -->\n<title>App para cambiar el cabello<\/title>\n<meta name=\"description\" content=\"App para cambiar el cabello. Descubre las mejores App para cambiar el cabello y prueba nuevos looks sin compromiso.\" \/>\n<meta name=\"robots\" content=\"index, follow, max-snippet:-1, max-image-preview:large, max-video-preview:-1\" \/>\n<link rel=\"canonical\" href=\"https:\/\/rosstylepro.com\/hu\/2614\/app-para-cambiar-el-cabello\/\" \/>\n<meta property=\"og:locale\" content=\"hu_HU\" \/>\n<meta property=\"og:type\" content=\"article\" \/>\n<meta property=\"og:title\" content=\"App para cambiar el cabello\" \/>\n<meta property=\"og:description\" content=\"App para cambiar el cabello. Descubre las mejores App para cambiar el cabello y prueba nuevos looks sin compromiso.\" \/>\n<meta property=\"og:url\" content=\"https:\/\/rosstylepro.com\/hu\/2614\/app-para-cambiar-el-cabello\/\" \/>\n<meta property=\"og:site_name\" content=\"RosstylePRO\" \/>\n<meta property=\"article:published_time\" content=\"2025-07-08T16:49:53+00:00\" \/>\n<meta property=\"article:modified_time\" content=\"2025-07-08T17:07:54+00:00\" \/>\n<meta property=\"og:image\" content=\"https:\/\/rosstylepro.com\/wp-content\/uploads\/sites\/137\/2025\/07\/App-para-cambiar-el-cabello.jpeg\" \/>\n\t<meta property=\"og:image:width\" content=\"1344\" \/>\n\t<meta property=\"og:image:height\" content=\"768\" \/>\n\t<meta property=\"og:image:type\" content=\"image\/jpeg\" \/>\n<meta name=\"author\" content=\"wildron\" \/>\n<meta name=\"twitter:card\" content=\"summary_large_image\" \/>\n<meta name=\"twitter:label1\" content=\"Written by\" \/>\n\t<meta name=\"twitter:data1\" content=\"wildron\" \/>\n\t<meta name=\"twitter:label2\" content=\"Est. reading time\" \/>\n\t<meta name=\"twitter:data2\" content=\"17 perc\" \/>\n<script type=\"application\/ld+json\" class=\"yoast-schema-graph\">{\"@context\":\"https:\/\/schema.org\",\"@graph\":[{\"@type\":\"WebPage\",\"@id\":\"https:\/\/rosstylepro.com\/2614\/app-para-cambiar-el-cabello\/\",\"url\":\"https:\/\/rosstylepro.com\/2614\/app-para-cambiar-el-cabello\/\",\"name\":\"App para cambiar el cabello\",\"isPartOf\":{\"@id\":\"https:\/\/rosstylepro.com\/en\/#website\"},\"primaryImageOfPage\":{\"@id\":\"https:\/\/rosstylepro.com\/2614\/app-para-cambiar-el-cabello\/#primaryimage\"},\"image\":{\"@id\":\"https:\/\/rosstylepro.com\/2614\/app-para-cambiar-el-cabello\/#primaryimage\"},\"thumbnailUrl\":\"https:\/\/rosstylepro.com\/wp-content\/uploads\/sites\/137\/2025\/07\/App-para-cambiar-el-cabello.jpeg\",\"datePublished\":\"2025-07-08T16:49:53+00:00\",\"dateModified\":\"2025-07-08T17:07:54+00:00\",\"author\":{\"@id\":\"https:\/\/rosstylepro.com\/en\/#\/schema\/person\/76055186668d83cd745fe9d37a5eec26\"},\"description\":\"App para cambiar el cabello. Descubre las mejores App para cambiar el cabello y prueba nuevos looks sin compromiso.\",\"breadcrumb\":{\"@id\":\"https:\/\/rosstylepro.com\/2614\/app-para-cambiar-el-cabello\/#breadcrumb\"},\"inLanguage\":\"hu\",\"potentialAction\":[{\"@type\":\"ReadAction\",\"target\":[\"https:\/\/rosstylepro.com\/2614\/app-para-cambiar-el-cabello\/\"]}]},{\"@type\":\"ImageObject\",\"inLanguage\":\"hu\",\"@id\":\"https:\/\/rosstylepro.com\/2614\/app-para-cambiar-el-cabello\/#primaryimage\",\"url\":\"https:\/\/rosstylepro.com\/wp-content\/uploads\/sites\/137\/2025\/07\/App-para-cambiar-el-cabello.jpeg\",\"contentUrl\":\"https:\/\/rosstylepro.com\/wp-content\/uploads\/sites\/137\/2025\/07\/App-para-cambiar-el-cabello.jpeg\",\"width\":1344,\"height\":768,\"caption\":\"App para cambiar el cabello\"},{\"@type\":\"BreadcrumbList\",\"@id\":\"https:\/\/rosstylepro.com\/2614\/app-para-cambiar-el-cabello\/#breadcrumb\",\"itemListElement\":[{\"@type\":\"ListItem\",\"position\":1,\"name\":\"Home\",\"item\":\"https:\/\/rosstylepro.com\/\"},{\"@type\":\"ListItem\",\"position\":2,\"name\":\"Cambia tu Peinado Virtualmente: Las Mejores Apps de Simulaci\u00f3n\"}]},{\"@type\":\"WebSite\",\"@id\":\"https:\/\/rosstylepro.com\/en\/#website\",\"url\":\"https:\/\/rosstylepro.com\/en\/\",\"name\":\"RosstylePRO\",\"description\":\"\",\"potentialAction\":[{\"@type\":\"SearchAction\",\"target\":{\"@type\":\"EntryPoint\",\"urlTemplate\":\"https:\/\/rosstylepro.com\/en\/?s={search_term_string}\"},\"query-input\":\"required name=search_term_string\"}],\"inLanguage\":\"hu\"},{\"@type\":\"Person\",\"@id\":\"https:\/\/rosstylepro.com\/en\/#\/schema\/person\/76055186668d83cd745fe9d37a5eec26\",\"name\":\"wildron\",\"image\":{\"@type\":\"ImageObject\",\"inLanguage\":\"hu\",\"@id\":\"https:\/\/rosstylepro.com\/en\/#\/schema\/person\/image\/\",\"url\":\"https:\/\/secure.gravatar.com\/avatar\/c76514f6e618a9155e4cb169c8cb86d3?s=96&d=mm&r=g\",\"contentUrl\":\"https:\/\/secure.gravatar.com\/avatar\/c76514f6e618a9155e4cb169c8cb86d3?s=96&d=mm&r=g\",\"caption\":\"wildron\"},\"url\":\"https:\/\/rosstylepro.com\/hu\/author\/wildron\/\"}]}<\/script>\n<!-- \/ Yoast SEO plugin. -->","yoast_head_json":{"title":"App para cambiar el cabello","description":"App para cambiar el cabello. Descubre las mejores App para cambiar el cabello y prueba nuevos looks sin compromiso.","robots":{"index":"index","follow":"follow","max-snippet":"max-snippet:-1","max-image-preview":"max-image-preview:large","max-video-preview":"max-video-preview:-1"},"canonical":"https:\/\/rosstylepro.com\/hu\/2614\/app-para-cambiar-el-cabello\/","og_locale":"hu_HU","og_type":"article","og_title":"App para cambiar el cabello","og_description":"App para cambiar el cabello. Descubre las mejores App para cambiar el cabello y prueba nuevos looks sin compromiso.","og_url":"https:\/\/rosstylepro.com\/hu\/2614\/app-para-cambiar-el-cabello\/","og_site_name":"RosstylePRO","article_published_time":"2025-07-08T16:49:53+00:00","article_modified_time":"2025-07-08T17:07:54+00:00","og_image":[{"width":1344,"height":768,"url":"https:\/\/rosstylepro.com\/wp-content\/uploads\/sites\/137\/2025\/07\/App-para-cambiar-el-cabello.jpeg","type":"image\/jpeg"}],"author":"wildron","twitter_card":"summary_large_image","twitter_misc":{"Written by":"wildron","Est. reading time":"17 perc"},"schema":{"@context":"https:\/\/schema.org","@graph":[{"@type":"WebPage","@id":"https:\/\/rosstylepro.com\/2614\/app-para-cambiar-el-cabello\/","url":"https:\/\/rosstylepro.com\/2614\/app-para-cambiar-el-cabello\/","name":"App para cambiar el cabello","isPartOf":{"@id":"https:\/\/rosstylepro.com\/en\/#website"},"primaryImageOfPage":{"@id":"https:\/\/rosstylepro.com\/2614\/app-para-cambiar-el-cabello\/#primaryimage"},"image":{"@id":"https:\/\/rosstylepro.com\/2614\/app-para-cambiar-el-cabello\/#primaryimage"},"thumbnailUrl":"https:\/\/rosstylepro.com\/wp-content\/uploads\/sites\/137\/2025\/07\/App-para-cambiar-el-cabello.jpeg","datePublished":"2025-07-08T16:49:53+00:00","dateModified":"2025-07-08T17:07:54+00:00","author":{"@id":"https:\/\/rosstylepro.com\/en\/#\/schema\/person\/76055186668d83cd745fe9d37a5eec26"},"description":"App para cambiar el cabello. Descubre las mejores App para cambiar el cabello y prueba nuevos looks sin compromiso.","breadcrumb":{"@id":"https:\/\/rosstylepro.com\/2614\/app-para-cambiar-el-cabello\/#breadcrumb"},"inLanguage":"hu","potentialAction":[{"@type":"ReadAction","target":["https:\/\/rosstylepro.com\/2614\/app-para-cambiar-el-cabello\/"]}]},{"@type":"ImageObject","inLanguage":"hu","@id":"https:\/\/rosstylepro.com\/2614\/app-para-cambiar-el-cabello\/#primaryimage","url":"https:\/\/rosstylepro.com\/wp-content\/uploads\/sites\/137\/2025\/07\/App-para-cambiar-el-cabello.jpeg","contentUrl":"https:\/\/rosstylepro.com\/wp-content\/uploads\/sites\/137\/2025\/07\/App-para-cambiar-el-cabello.jpeg","width":1344,"height":768,"caption":"App para cambiar el cabello"},{"@type":"BreadcrumbList","@id":"https:\/\/rosstylepro.com\/2614\/app-para-cambiar-el-cabello\/#breadcrumb","itemListElement":[{"@type":"ListItem","position":1,"name":"Home","item":"https:\/\/rosstylepro.com\/"},{"@type":"ListItem","position":2,"name":"Cambia tu Peinado Virtualmente: Las Mejores Apps de Simulaci\u00f3n"}]},{"@type":"WebSite","@id":"https:\/\/rosstylepro.com\/en\/#website","url":"https:\/\/rosstylepro.com\/en\/","name":"RosstylePRO","description":"","potentialAction":[{"@type":"SearchAction","target":{"@type":"EntryPoint","urlTemplate":"https:\/\/rosstylepro.com\/en\/?s={search_term_string}"},"query-input":"required name=search_term_string"}],"inLanguage":"hu"},{"@type":"Person","@id":"https:\/\/rosstylepro.com\/en\/#\/schema\/person\/76055186668d83cd745fe9d37a5eec26","name":"wildron","image":{"@type":"ImageObject","inLanguage":"hu","@id":"https:\/\/rosstylepro.com\/en\/#\/schema\/person\/image\/","url":"https:\/\/secure.gravatar.com\/avatar\/c76514f6e618a9155e4cb169c8cb86d3?s=96&d=mm&r=g","contentUrl":"https:\/\/secure.gravatar.com\/avatar\/c76514f6e618a9155e4cb169c8cb86d3?s=96&d=mm&r=g","caption":"wildron"},"url":"https:\/\/rosstylepro.com\/hu\/author\/wildron\/"}]}},"_links":{"self":[{"href":"https:\/\/rosstylepro.com\/hu\/wp-json\/wp\/v2\/posts\/2614"}],"collection":[{"href":"https:\/\/rosstylepro.com\/hu\/wp-json\/wp\/v2\/posts"}],"about":[{"href":"https:\/\/rosstylepro.com\/hu\/wp-json\/wp\/v2\/types\/post"}],"author":[{"embeddable":true,"href":"https:\/\/rosstylepro.com\/hu\/wp-json\/wp\/v2\/users\/128"}],"replies":[{"embeddable":true,"href":"https:\/\/rosstylepro.com\/hu\/wp-json\/wp\/v2\/comments?post=2614"}],"version-history":[{"count":3,"href":"https:\/\/rosstylepro.com\/hu\/wp-json\/wp\/v2\/posts\/2614\/revisions"}],"predecessor-version":[{"id":2746,"href":"https:\/\/rosstylepro.com\/hu\/wp-json\/wp\/v2\/posts\/2614\/revisions\/2746"}],"wp:featuredmedia":[{"embeddable":true,"href":"https:\/\/rosstylepro.com\/hu\/wp-json\/wp\/v2\/media\/2615"}],"wp:attachment":[{"href":"https:\/\/rosstylepro.com\/hu\/wp-json\/wp\/v2\/media?parent=2614"}],"wp:term":[{"taxonomy":"category","embeddable":true,"href":"https:\/\/rosstylepro.com\/hu\/wp-json\/wp\/v2\/categories?post=2614"},{"taxonomy":"post_tag","embeddable":true,"href":"https:\/\/rosstylepro.com\/hu\/wp-json\/wp\/v2\/tags?post=2614"}],"curies":[{"name":"wp","href":"https:\/\/api.w.org\/{rel}","templated":true}]}}