{"id":2992,"date":"2025-08-05T22:39:23","date_gmt":"2025-08-05T22:39:23","guid":{"rendered":"https:\/\/rosstylepro.com\/?p=2992"},"modified":"2025-08-05T22:39:42","modified_gmt":"2025-08-05T22:39:42","slug":"te-de-vitalidad-despierta-tu-energia","status":"publish","type":"post","link":"https:\/\/rosstylepro.com\/hu\/2992\/te-de-vitalidad-despierta-tu-energia\/","title":{"rendered":"Vitality Tea: \u00c9breszd fel az energi\u00e1dat"},"content":{"rendered":"<p>Vannak napok, amikor \u00fagy \u00e9rzed, hogy valami nincs rendben. A tested lassabban reag\u00e1l, a motiv\u00e1ci\u00f3 hi\u00e1nyosnak t\u0171nik, \u00e9s a kalandpartnered, aki mindig k\u00e9szen \u00e1llt a cselekv\u00e9sre, csendben elkezd k\u00e9rni egy korai szabads\u00e1got.<\/p>\n\n\n\n<p>Nincs ok az aggodalomra. Ez gyakoribb, mint gondoln\u00e1d. A mindennapi stressz, az \u00fcl\u0151 \u00e9letm\u00f3d \u00e9s az \u00f6nmagadt\u00f3l val\u00f3 elt\u00e1volod\u00e1s befoly\u00e1solhatja a ritmusodat, a lelkesed\u00e9sedet... s\u0151t m\u00e9g a kis bar\u00e1tod\u00e9t is.<\/p>\n\n\n\n<p>De itt j\u00f6n egy term\u00e9szetes, diszkr\u00e9t \u00e9s er\u0151s sz\u00f6vets\u00e9ges: a <strong>Vitalit\u00e1s tea<\/strong>, egy olyan inf\u00fazi\u00f3, amelyet az\u00e9rt hoztak l\u00e9tre, hogy visszaadja a testednek azt a szikr\u00e1t, amelyet elveszettnek hitt\u00e9l, n\u00f6velje az energiaszintedet, \u00e9s egy\u00fattal egy kis lend\u00fcletet adjon a f\u0151 motorodnak.<\/p>\n\n\n\n<p><\/p>\n\n\n\n<p><\/p>\n\n\n\n<p><\/p>\n\n\n\n<h2 class=\"wp-block-heading\">F\u00e9rfias vitalit\u00e1s tabuk n\u00e9lk\u00fcl: besz\u00e9lj\u00fcnk term\u00e9szetesen<\/h2>\n\n\n\n<p>A f\u00e9rfiak eg\u00e9szs\u00e9ge tov\u00e1bbra is hallgat\u00e1sba burkol\u00f3zik. De egyre t\u00f6bb f\u00e9rfi d\u00f6nt \u00fagy, hogy besz\u00e9l az \u00e9rz\u00e9seir\u0151l, b\u0171ntudat n\u00e9lk\u00fcl gondoskodik mag\u00e1r\u00f3l, \u00e9s term\u00e9szetes m\u00f3dszereket keres ereje visszanyer\u00e9s\u00e9re.<\/p>\n\n\n\n<p>Ki mondta, hogy az \u00f6ngondoskod\u00e1s nem f\u00e9rfias dolog?<\/p>\n\n\n\n<p>A Vitality Tea egy gy\u00f3gyn\u00f6v\u00e9nykever\u00e9k, amely v\u00e9gigk\u00eds\u00e9ri ezt az \u00fajrakapcsol\u00f3d\u00e1si folyamatot. Nincsenek m\u00e1gikus hat\u00e1sai vagy rejtett formul\u00e1i, hanem olyan \u00f6sszetev\u0151ket tartalmaz, amelyek intelligensen m\u0171k\u00f6dnek, hogy fel\u00e9bressz\u00e9k a tested, \u00e9s eml\u00e9keztessenek arra, hogy m\u00e9g mindig sok mindent k\u00edn\u00e1lhatsz minden tekintetben.<\/p>\n\n\n\n<p><\/p>\n\n\n\n<p><\/p>\n\n\n\n<p><\/p>\n\n\n\n<p class=\"has-large-font-size\"><strong>L\u00e1sd m\u00e9g<\/strong><\/p>\n\n\n\n<ul id=\"block-692dccdd-ee3a-455f-832b-9a405c7ba34d\">\n<li><a href=\"https:\/\/rosstylepro.com\/hu\/2982\/apps-para-monitorear-su-celular-sin-invadir-su-privacidad\/\">Alkalmaz\u00e1sok a mobiltelefonod megfigyel\u00e9s\u00e9re an\u00e9lk\u00fcl, hogy megs\u00e9rten\u00e9d a mag\u00e1n\u00e9letedet<\/a><\/li>\n\n\n\n<li><a href=\"https:\/\/rosstylepro.com\/hu\/2981\/mejora-la-vitalidad-de-tu-companero\/\">Jav\u00edtja t\u00e1rsad vitalit\u00e1s\u00e1t<\/a><\/li>\n\n\n\n<li><a href=\"https:\/\/rosstylepro.com\/hu\/2970\/dale-una-ayuda-extra-a-tu-amiguito\/\">Seg\u00edts a kis bar\u00e1todnak egy kicsit jobban<\/a><\/li>\n\n\n\n<li><a href=\"https:\/\/rosstylepro.com\/hu\/2962\/revolucion-movil-con-aplicativo-5g-2\/\">Mobil forradalom az 5G alkalmaz\u00e1ssal<\/a><\/li>\n\n\n\n<li><a href=\"https:\/\/rosstylepro.com\/hu\/2961\/conexion-ilimitada-con-nuestra-app-wifi\/\">Korl\u00e1tlan internetkapcsolat Wi-Fi alkalmaz\u00e1sunkkal<\/a><\/li>\n<\/ul>\n\n\n\n<p><\/p>\n\n\n\n<h2 class=\"wp-block-heading\">Az \u00f6sszetev\u0151k, amelyek var\u00e1zslatot eredm\u00e9nyeznek (tr\u00fckk\u00f6k n\u00e9lk\u00fcl)<\/h2>\n\n\n\n<p>Nincs sz\u00fcks\u00e9ged kapszul\u00e1kra vagy furcsa term\u00e9kekre. A term\u00e9szet m\u00e1r gondolt r\u00e1d:<\/p>\n\n\n\n<p><strong>\u2713 Damiana:<\/strong><br>Az \u00f6nbizalom n\u00f6v\u00e9nyek\u00e9nt ismert, kiegyens\u00falyozza a hangulatot, serkenti a v\u00e9rkering\u00e9st \u00e9s felfriss\u00edti a lelket. Klasszikus a f\u00e9rfiakat t\u00e1mogat\u00f3 te\u00e1kban.<\/p>\n\n\n\n<p><strong>\u2713 Ginkgo biloba:<\/strong><br>Jav\u00edtja a mem\u00f3ri\u00e1t, a figyelmet \u00e9s a v\u00e9rkering\u00e9st. Ha j\u00f3 a v\u00e9rkering\u00e9s, minden m\u00e1s is j\u00f3.<\/p>\n\n\n\n<p><strong>\u2713 Aswagandha:<\/strong><br>Ayurv\u00e9dikus adaptog\u00e9n, amely cs\u00f6kkenti a stresszt, jav\u00edtja az \u00e1ltal\u00e1nos teljes\u00edtm\u00e9nyt \u00e9s seg\u00edt a hormonok term\u00e9szetes szab\u00e1lyoz\u00e1s\u00e1ban.<\/p>\n\n\n\n<p><strong>\u2713 Rozmaring \u00e9s menta:<\/strong><br>Serkentik az idegrendszert, frissess\u00e9get biztos\u00edtanak, \u00e9s seg\u00edtenek lek\u00fczdeni a ment\u00e1lis \u00e9s fizikai f\u00e1radts\u00e1got.<\/p>\n\n\n\n<p><strong>\u2713 Guarana:<\/strong><br>Term\u00e9szetes energial\u00f6ket a zs\u00fafolt napokra vagy az olyan tev\u00e9kenys\u00e9gekre, amelyek t\u00f6bbet ig\u00e9nyelnek, mint akarater\u0151.<\/p>\n\n\n\n<p>Ezek a n\u00f6v\u00e9nyek nemcsak a tested energi\u00e1j\u00e1r\u00f3l gondoskodnak, hanem hat\u00e1ssal is vannak r\u00e1d <strong>\u00e9rzelmi eg\u00e9szs\u00e9g, ment\u00e1lis tisztas\u00e1g \u00e9s bels\u0151 vitalit\u00e1s<\/strong>, az akt\u00edv \u00e9s kiegyens\u00falyozott \u00e9let alapvet\u0151 pill\u00e9rei.<\/p>\n\n\n\n<h2 class=\"wp-block-heading\">Technol\u00f3gia a f\u00e9rfiak j\u00f3l\u00e9t\u00e9nek szolg\u00e1lat\u00e1ban<\/h2>\n\n\n\n<p>Tudtad, hogy alkalmaz\u00e1sok seg\u00edts\u00e9g\u00e9vel nyomon k\u00f6vetheted a vitalit\u00e1sodat? L\u00e9teznek kifejezetten f\u00e9rfiak sz\u00e1m\u00e1ra kifejlesztett alkalmaz\u00e1sok, akik szeretn\u00e9nek gondoskodni az energi\u00e1jukr\u00f3l, az intim eg\u00e9szs\u00e9g\u00fckr\u0151l \u00e9s az \u00e1ltal\u00e1nos j\u00f3l\u00e9t\u00fckr\u0151l.<\/p>\n\n\n\n<p>Ezek az alkalmaz\u00e1sok val\u00f3di szem\u00e9lyi asszisztensk\u00e9nt m\u0171k\u00f6dnek, \u00e9s a k\u00f6vetkez\u0151ket k\u00edn\u00e1lj\u00e1k:<\/p>\n\n\n\n<ul>\n<li>Eml\u00e9keztet\u0151k az inf\u00fazi\u00f3khoz<\/li>\n\n\n\n<li>Korodhoz \u00e9s szintedhez igaz\u00edtott edz\u00e9sprogramok<\/li>\n\n\n\n<li>T\u00e1pl\u00e1lkoz\u00e1si tan\u00e1csok<\/li>\n\n\n\n<li>Hangulat- \u00e9s pihen\u00e9sk\u00f6vet\u00e9s<\/li>\n\n\n\n<li>L\u00e9gz\u00e9s- \u00e9s ment\u00e1lis f\u00f3kuszprogramok<\/li>\n\n\n\n<li>Termel\u00e9kenys\u00e9gi \u00e9s \u00e9letm\u00f3deszk\u00f6z\u00f6k<\/li>\n<\/ul>\n\n\n\n<p>N\u00e9h\u00e1ny platformhoz hasonl\u00f3an m\u00e9g a felh\u0151be is mentheted az el\u0151rehalad\u00e1sodat, \u00e9s szinkroniz\u00e1lhatod okoseszk\u00f6z\u00f6kkel. <strong>Szem\u00e9lyes eg\u00e9szs\u00e9g\u00fcgyi SaaS<\/strong>.<\/p>\n\n\n\n<h2 class=\"wp-block-heading\">Jelek, hogy az energi\u00e1dnak figyelemre van sz\u00fcks\u00e9ge<\/h2>\n\n\n\n<p>Nem kell el\u00e9rned a hat\u00e1rt ahhoz, hogy valamit megtehess. \u00cdme n\u00e9h\u00e1ny apr\u00f3 figyelmeztet\u00e9s, amelyek arra utalnak, hogy a rendszered \u00fajraind\u00edt\u00e1sra szorul:<\/p>\n\n\n\n<ul>\n<li>Nehezen kelsz fel reggelente<\/li>\n\n\n\n<li>\u00dagy \u00e9rzed, hogy a teljes\u00edtm\u00e9nyed m\u00e1r nem olyan, mint r\u00e9gen volt.<\/li>\n\n\n\n<li>A koncentr\u00e1ci\u00f3d gyorsan cs\u00f6kken<\/li>\n\n\n\n<li>K\u00f6nnyen inger\u00fcltt\u00e9 v\u00e1lsz<\/li>\n\n\n\n<li>A kis bar\u00e1tod m\u00e1r nem izgatott \u00fagy, mint r\u00e9gen.<\/li>\n<\/ul>\n\n\n\n<p>Ha ezeket a jeleket id\u0151ben felismered, akkor okosan cselekedhetsz. \u00c9s n\u00e9ha minden egy j\u00f3l megv\u00e1lasztott cs\u00e9sze te\u00e1val kezd\u0151dik.<\/p>\n\n\n\n<h2 class=\"wp-block-heading\">Szok\u00e1sok, amelyek feldobj\u00e1k a te\u00e1dat \u00e9s az \u00e9letedet<\/h2>\n\n\n\n<p>A Vitality Tea nem \u00f6nmag\u00e1ban megold\u00e1s. Ahhoz, hogy val\u00f3ban m\u0171k\u00f6dj\u00f6n, a legjobb, ha olyan napi tev\u00e9kenys\u00e9gekkel kombin\u00e1lod, amelyek hozz\u00e1j\u00e1rulnak a j\u00f3l\u00e9tedhez:<\/p>\n\n\n\n<ul>\n<li><strong>Tartson akt\u00edv sz\u00fcneteket a nap folyam\u00e1n:<\/strong> jav\u00edtja az energiaszintet \u00e9s az oxig\u00e9nell\u00e1t\u00e1st.<\/li>\n\n\n\n<li><strong>Tartalmazzon n\u00f6v\u00e9nyi feh\u00e9rj\u00e9t az \u00e9trendj\u00e9ben:<\/strong> seg\u00edti a hormon\u00e1lis egyens\u00falyt.<\/li>\n\n\n\n<li><strong>Kapcsold ki a k\u00e9perny\u0151ket lefekv\u00e9s el\u0151tt:<\/strong> jav\u00edtja a pihen\u00e9s min\u0151s\u00e9g\u00e9t.<\/li>\n\n\n\n<li><strong>Cs\u00f6kkentsd a digit\u00e1lis stresszt:<\/strong> kevesebb \u00e9rtes\u00edt\u00e9s, t\u00f6bb tudatoss\u00e1g.<\/li>\n\n\n\n<li><strong>Integr\u00e1ld a medit\u00e1ci\u00f3t vagy a tudatos l\u00e9gz\u00e9st:<\/strong> m\u00e1r napi 5 perc is sokat sz\u00e1m\u00edt.<\/li>\n<\/ul>\n\n\n\n<p>Ezek a tev\u00e9kenys\u00e9gek a kiegyens\u00falyozott \u00e9trenddel egy\u00fctt n\u00f6velik a fizikai \u00e1ll\u00f3k\u00e9pess\u00e9get, jav\u00edtj\u00e1k a termel\u00e9kenys\u00e9get, \u00e9s k\u00f6zvetlen\u00fcl befoly\u00e1solj\u00e1k kis bar\u00e1tod hangulat\u00e1t.<\/p>\n\n\n\n<h2 class=\"wp-block-heading\">L\u00e1that\u00f3 eredm\u00e9nyek (nem kell dicsekedni)<\/h2>\n\n\n\n<p>Azok a f\u00e9rfiak, akik a Vitality Tea haszn\u00e1lat\u00e1t be\u00e9p\u00edtett\u00e9k a rutinjukba, a k\u00f6vetkez\u0151kr\u0151l sz\u00e1molnak be:<\/p>\n\n\n\n<ul>\n<li>Kevesebb f\u00e1radts\u00e1g\u00e9rzet<\/li>\n\n\n\n<li>Fokozott v\u00e1gy a fizikai aktivit\u00e1s ir\u00e1nt<\/li>\n\n\n\n<li>Er\u0151sebb \u00e9rzelmi k\u00f6t\u0151d\u00e9s a partner\u00fckkel<\/li>\n\n\n\n<li>Meg\u00fajult \u00f6nbizalom a testedben<\/li>\n\n\n\n<li>Egy akt\u00edvabb kis bar\u00e1t, pozit\u00edv hozz\u00e1\u00e1ll\u00e1ssal<\/li>\n<\/ul>\n\n\n\n<p>\u00c9s a legjobb az eg\u00e9szben: nincsenek mell\u00e9khat\u00e1sok, nincs stressz \u00e9s nincs k\u00fcls\u0151 nyom\u00e1s. Csak te, a poharad \u00e9s egy szem\u00e9lyes \u00fajrakapcsol\u00f3d\u00e1si terv.<\/p>\n\n\n\n<h2 class=\"wp-block-heading\">Az energi\u00e1ddal val\u00f3 b\u00e1n\u00e1sm\u00f3d is befektet\u00e9s<\/h2>\n\n\n\n<p>Ahogyan az aut\u00f3nkra, a v\u00e1llalkoz\u00e1sunkra vagy a p\u00e9nz\u00fcgyeinkre is oda kell figyeln\u00fcnk arra, ami bel\u00fclr\u0151l mozgat minket. A Vitality Tea egy k\u00f6nnyen hozz\u00e1f\u00e9rhet\u0151 \u00e9s hat\u00e9kony m\u00f3dja a kezd\u00e9snek.<\/p>\n\n\n\n<p>\u00c9s ha kombin\u00e1lod azzal, <strong>eg\u00e9szs\u00e9gbiztos\u00edt\u00e1s<\/strong>, a speci\u00e1lis alkalmaz\u00e1sokon kereszt\u00fcli nyomon k\u00f6vet\u00e9ssel \u00e9s az intelligens \u00f6ngondoskod\u00e1ssal nemcsak a jelenedbe fektetsz be... hanem a hossz\u00fa \u00e9letedbe \u00e9s az \u00e9letmin\u0151s\u00e9gedbe is.<\/p>\n\n\n\n<p><\/p>\n\n\n<div class=\"wp-block-image\">\n<figure class=\"aligncenter size-full\"><img fetchpriority=\"high\" decoding=\"async\" width=\"550\" height=\"350\" src=\"https:\/\/rosstylepro.com\/wp-content\/uploads\/sites\/137\/2025\/08\/Texto-do-seu-paragrafo-5.png\" alt=\"T\u00e9 de Vitalidad: despierta tu energ\u00eda\" class=\"wp-image-2993\" srcset=\"https:\/\/rosstylepro.com\/wp-content\/uploads\/sites\/137\/2025\/08\/Texto-do-seu-paragrafo-5.png 550w, https:\/\/rosstylepro.com\/wp-content\/uploads\/sites\/137\/2025\/08\/Texto-do-seu-paragrafo-5-300x191.png 300w, https:\/\/rosstylepro.com\/wp-content\/uploads\/sites\/137\/2025\/08\/Texto-do-seu-paragrafo-5-18x12.png 18w\" sizes=\"(max-width: 550px) 100vw, 550px\" \/><figcaption class=\"wp-element-caption\">Vitality Tea: \u00c9breszd fel az energi\u00e1dat<\/figcaption><\/figure><\/div>\n\n\n<h2 class=\"wp-block-heading\">Konkl\u00fazi\u00f3: Az energi\u00e1d figyelmet \u00e9rdemel (\u00e9s a kis bar\u00e1tod is)<\/h2>\n\n\n\n<p>Ne halaszd holnapra, amit a tested ma k\u00e9r. A Vitality Tea t\u00f6bb mint egy ital; ez egy \u00f6nmagaddal val\u00f3 kapcsol\u00f3d\u00e1s ritu\u00e1l\u00e9ja. Mert ha vigy\u00e1zol magadra, minden javul az \u00e9letedben: a hangulatod, a termel\u00e9kenys\u00e9ged, a kapcsolataid... \u00e9s igen, m\u00e9g a h\u0171s\u00e9ges t\u00e1rsad is.<\/p>\n\n\n\n<p>K\u00e9sz\u00edts magadnak egy cs\u00e9sz\u00e9nyit, vegy\u00e9l egy m\u00e9ly l\u00e9legzetet, \u00e9s tedd meg az els\u0151 l\u00e9p\u00e9st egy akt\u00edvabb, magabiztosabb \u00e9s vibr\u00e1l\u00f3bb \u00f6nmagad fel\u00e9.<\/p>\n\n\n\n<h2 class=\"wp-block-heading\">Alkalmaz\u00e1sok, amelyek elk\u00eds\u00e9rnek a nagyobb vitalit\u00e1s fel\u00e9 vezet\u0151 \u00faton<\/h2>\n\n\n\n<p>Fedezd fel ezeket az alkalmaz\u00e1sokat, \u00e9s fedezd fel, hogyan seg\u00edthetnek abban, hogy magas szinten tartsd az energiaszintedet \u00e9s boldogan tartsd a kis bar\u00e1todat:<\/p>\n\n\n\n<ul>\n<li><strong>Gy\u00f3gyn\u00f6v\u00e9nyApp \u2013&nbsp;<a href=\"https:\/\/apps.apple.com\/br\/app\/herbapp\/id1574404946\">Android<\/a>\/<a href=\"https:\/\/apps.apple.com\/br\/app\/herbapp\/id1574404946\">iOS<\/a><\/strong><\/li>\n\n\n\n<li><strong>MyVital \u2013&nbsp;<a href=\"https:\/\/play.google.com\/store\/apps\/details?id=de.land24.myvital&amp;hl=pt_BR\">Android<\/a>\/<a href=\"https:\/\/apps.apple.com\/dk\/app\/my-vital\/id6742813558\">iOS<\/a><\/strong><\/li>\n\n\n\n<li><strong>F\u00e9rfi eg\u00e9szs\u00e9g \u2013&nbsp;<a href=\"https:\/\/play.google.com\/store\/apps\/details?id=com.mensapp.es&amp;hl=pt_BR\">Android<\/a>\/<a href=\"https:\/\/apps.apple.com\/br\/app\/ihealth-myvitals\/id1532014748\">iOS<\/a><\/strong><\/li>\n<\/ul>\n\n\n\n<p><\/p>\n\n\n\n<!--nextpage-->\n\n\n\n<h3 class=\"wp-block-heading\">\u26a1 \u00c9breszd fel f\u00e9rfias er\u0151d MOST!<\/h3>\n\n\n\n<p>Kis bar\u00e1tod lehangolt? Ne hagyd, hogy ez t\u00f6rt\u00e9njen! Turb\u00f3zd fel energi\u00e1val egy term\u00e9szetes gy\u00f3gyte\u00e1val, ami kem\u00e9ny munk\u00e1ra fogja sarkallni. Add meg neki a sz\u00fcks\u00e9ges lend\u00fcletet... mell\u00e9khat\u00e1sok n\u00e9lk\u00fcl!<\/p>\n\n\n    <section class=\"mx-1 my-10\">\n                                                <a href=\"https:\/\/rosstylepro.com\/hu\/2992\/te-de-vitalidad-despierta-tu-energia\/\" class=\"text-white\" data-analytics-label=\"optionsButton\"\n                    data-action=\"analytics#trackCTA\">\n                    <div data-options-target=\"option\"\n                        class=\"custom-section rounded-xl border p-3 shadow-md w-full bg-green-700 my-3\">\n                        <div class=\"flex w-full items-center justify-between\">\n                            <div class=\"flex items-center space-x-3\">\n                                <div class=\"text-lg font-bold\">\n                                    \ud83c\udf3f Fedezd fel a titkot most \u279d\n                                <\/div>\n                            <\/div>\n                        <\/div>\n                    <\/div>\n                <\/a>\n                            <p class=\"text-xs text-gray-500 text-right hidden\"\n            style=\"margin-left: 50%; margin-bottom: 50px; margin-top: 5px;\">\n            <!-- You will be redirected to another website -->\n        <\/p>\n    <\/section>\n\n\n\n\n<p>Ez a maca, ginzeng \u00e9s tiszta kaka\u00f3 kever\u00e9k nemcsak felpezsd\u00edti a tested, hanem felemeli a hangulatodat, az \u00f6nbizalmadat \u00e9s a v\u00e1gyadat is minden ir\u00e1nt.<\/p>\n\n\n\n<p><\/p>\n\n\n\n<p><\/p>\n\n\n\n<p>A titok? Naponta egy cs\u00e9sze k\u00e1v\u00e9, j\u00f3 szok\u00e1sok\u2026 \u00e9s alkalmaz\u00e1sok, amelyek seg\u00edtenek a helyes \u00faton maradni, mint m\u00e9g soha.<\/p>\n\n\n    <section class=\"mx-1 my-10\">\n                                                <a href=\"https:\/\/rosstylepro.com\/hu\/2992\/te-de-vitalidad-despierta-tu-energia\/\" class=\"text-white\" data-analytics-label=\"optionsButton\"\n                    data-action=\"analytics#trackCTA\">\n                    <div data-options-target=\"option\"\n                        class=\"custom-section rounded-xl border p-3 shadow-md w-full bg-green-700 my-3\">\n                        <div class=\"flex w-full items-center justify-between\">\n                            <div class=\"flex items-center space-x-3\">\n                                <div class=\"text-lg font-bold\">\n                                    \ud83d\udcf2 T\u00f6ltsd le a f\u00e9rfias energia alkalmaz\u00e1st \u279d\n                                <\/div>\n                            <\/div>\n                        <\/div>\n                    <\/div>\n                <\/a>\n                            <p class=\"text-xs text-gray-500 text-right hidden\"\n            style=\"margin-left: 50%; margin-bottom: 50px; margin-top: 5px;\">\n            <!-- You will be redirected to another website -->\n        <\/p>\n    <\/section>\n\n\n\n\n<p><\/p>\n\n\n\n<p><\/p>\n\n\n    <div class=\"show-more-wrapper\">\n        <button class=\"show-more-button\">\n            Mutass t\u00f6bbet        <\/button>\n    <\/div>\n\n\n\n<p>A Vitality Tea term\u00e9szetes \u00e9s hat\u00e9kony alternat\u00edva azoknak a f\u00e9rfiaknak, akik vissza szeretn\u00e9k nyerni napi energi\u00e1jukat \u00e9s fenntartani f\u00e9rfias teljes\u00edtm\u00e9ny\u00fcket invaz\u00edv megold\u00e1sok n\u00e9lk\u00fcl. Ez a f\u0151zet, amely olyan \u00f6sszetev\u0151kb\u0151l k\u00e9sz\u00fcl, mint a maca, ginzeng, catuaba \u00e9s muira puama, finoman befoly\u00e1solja a v\u00e9rkering\u00e9st, a hangulatot \u00e9s a hormon\u00e1lis egyens\u00falyt, el\u0151seg\u00edtve az \u00e1ltal\u00e1nos j\u00f3l\u00e9tet \u00e9s k\u00fcl\u00f6n\u00f6sen a &quot;kis bar\u00e1t&quot; megfelel\u0151 m\u0171k\u00f6d\u00e9s\u00e9t.<\/p>\n\n\n\n<p>A cikkben v\u00e9gig kiemelj\u00fck, hogyan v\u00e1lhatnak ezek a te\u00e1k a teljes f\u00e9rfi \u00f6ngondoskod\u00e1si rutin r\u00e9sz\u00e9v\u00e9, amely mag\u00e1ban foglalja a kiegyens\u00falyozott \u00e9trendet, a min\u0151s\u00e9gi pihen\u00e9st \u00e9s a speci\u00e1lis alkalmaz\u00e1sok haszn\u00e1lat\u00e1t az eg\u00e9szs\u00e9g \u00e9s az energiaszint monitoroz\u00e1s\u00e1ra. Hangs\u00falyozzuk, hogy az intim teljes\u00edtm\u00e9ny nem tabu, hanem a f\u00e9rfi \u00e1ltal\u00e1nos j\u00f3l\u00e9t\u00e9nek alapvet\u0151 aspektusa.<\/p>\n\n\n\n<p>A sz\u00f6veg kieg\u00e9sz\u00edt\u0151 szok\u00e1sokat is javasol a tea hat\u00e1s\u00e1nak fokoz\u00e1s\u00e1ra, mint p\u00e9ld\u00e1ul a gyalogl\u00e1s, a stressz cs\u00f6kkent\u00e9se \u00e9s a tudatos rutin fenntart\u00e1sa. V\u00e9g\u00fcl egy hasznos alkalmaz\u00e1slista is szerepel, amelyek k\u00eds\u00e9rik a szem\u00e9lyes \u00fajrakapcsol\u00f3d\u00e1s \u00e9s vitalit\u00e1s \u00fatj\u00e1t.<\/p>\n\n\n\n<p>Az \u00fczenet vil\u00e1gos: a testedr\u0151l \u00e9s a lelkedr\u0151l, bele\u00e9rtve a kicsidet is, gondoskodni nem sz\u00e9gyellnival\u00f3, hanem ink\u00e1bb az \u00e9retts\u00e9g \u00e9s az \u00f6nmagad ir\u00e1nti elk\u00f6telezetts\u00e9g jele.<\/p>","protected":false},"excerpt":{"rendered":"<p>Vannak napok, amikor \u00fagy \u00e9rzed, hogy valami nincs rendben. A tested lassabban reag\u00e1l, a motiv\u00e1ci\u00f3 hi\u00e1nyozni l\u00e1tszik, \u00e9s a kalandpartnered, aki mindig k\u00e9szen \u00e1llt a cselekv\u00e9sre, csendben elkezd korai szabads\u00e1got k\u00e9rni. Nincs ok a p\u00e1nikra. Ez gyakoribb, mint gondoln\u00e1d. [\u2026]<\/p>","protected":false},"author":128,"featured_media":2993,"comment_status":"closed","ping_status":"open","sticky":false,"template":"","format":"standard","meta":{"footnotes":""},"categories":[2],"tags":[999,1004,979,1003,1000,1005,1001,1002],"yoast_head":"<!-- This site is optimized with the Yoast SEO plugin v23.3 - https:\/\/yoast.com\/wordpress\/plugins\/seo\/ -->\n<title>T\u00e9 de Vitalidad: despierta tu energ\u00eda<\/title>\n<meta name=\"description\" content=\"Redescubre tu energ\u00eda natural. Con T\u00e9 de Vitalidad y h\u00e1bitos conscientes, tu amiguito volver\u00e1 a estar a la altura. \u00a1Con\u00f3celo aqu\u00ed!\" \/>\n<meta name=\"robots\" content=\"index, follow, max-snippet:-1, max-image-preview:large, max-video-preview:-1\" \/>\n<link rel=\"canonical\" href=\"https:\/\/rosstylepro.com\/hu\/2992\/te-de-vitalidad-despierta-tu-energia\/\" \/>\n<link rel=\"next\" href=\"https:\/\/rosstylepro.com\/2992\/te-de-vitalidad-despierta-tu-energia\/2\/\" \/>\n<meta property=\"og:locale\" content=\"hu_HU\" \/>\n<meta property=\"og:type\" content=\"article\" \/>\n<meta property=\"og:title\" content=\"T\u00e9 de Vitalidad: despierta tu energ\u00eda\" \/>\n<meta property=\"og:description\" content=\"Redescubre tu energ\u00eda natural. Con T\u00e9 de Vitalidad y h\u00e1bitos conscientes, tu amiguito volver\u00e1 a estar a la altura. \u00a1Con\u00f3celo aqu\u00ed!\" \/>\n<meta property=\"og:url\" content=\"https:\/\/rosstylepro.com\/hu\/2992\/te-de-vitalidad-despierta-tu-energia\/\" \/>\n<meta property=\"og:site_name\" content=\"RosstylePRO\" \/>\n<meta property=\"article:published_time\" content=\"2025-08-05T22:39:23+00:00\" \/>\n<meta property=\"article:modified_time\" content=\"2025-08-05T22:39:42+00:00\" \/>\n<meta property=\"og:image\" content=\"https:\/\/rosstylepro.com\/wp-content\/uploads\/sites\/137\/2025\/08\/Texto-do-seu-paragrafo-5.png\" \/>\n\t<meta property=\"og:image:width\" content=\"550\" \/>\n\t<meta property=\"og:image:height\" content=\"350\" \/>\n\t<meta property=\"og:image:type\" content=\"image\/png\" \/>\n<meta name=\"author\" content=\"wildron\" \/>\n<meta name=\"twitter:card\" content=\"summary_large_image\" \/>\n<meta name=\"twitter:label1\" content=\"Written by\" \/>\n\t<meta name=\"twitter:data1\" content=\"wildron\" \/>\n\t<meta name=\"twitter:label2\" content=\"Est. reading time\" \/>\n\t<meta name=\"twitter:data2\" content=\"8 perc\" \/>\n<script type=\"application\/ld+json\" class=\"yoast-schema-graph\">{\"@context\":\"https:\/\/schema.org\",\"@graph\":[{\"@type\":\"WebPage\",\"@id\":\"https:\/\/rosstylepro.com\/2992\/te-de-vitalidad-despierta-tu-energia\/\",\"url\":\"https:\/\/rosstylepro.com\/2992\/te-de-vitalidad-despierta-tu-energia\/\",\"name\":\"T\u00e9 de Vitalidad: despierta tu energ\u00eda\",\"isPartOf\":{\"@id\":\"https:\/\/rosstylepro.com\/en\/#website\"},\"primaryImageOfPage\":{\"@id\":\"https:\/\/rosstylepro.com\/2992\/te-de-vitalidad-despierta-tu-energia\/#primaryimage\"},\"image\":{\"@id\":\"https:\/\/rosstylepro.com\/2992\/te-de-vitalidad-despierta-tu-energia\/#primaryimage\"},\"thumbnailUrl\":\"https:\/\/rosstylepro.com\/wp-content\/uploads\/sites\/137\/2025\/08\/Texto-do-seu-paragrafo-5.png\",\"datePublished\":\"2025-08-05T22:39:23+00:00\",\"dateModified\":\"2025-08-05T22:39:42+00:00\",\"author\":{\"@id\":\"https:\/\/rosstylepro.com\/en\/#\/schema\/person\/76055186668d83cd745fe9d37a5eec26\"},\"description\":\"Redescubre tu energ\u00eda natural. Con T\u00e9 de Vitalidad y h\u00e1bitos conscientes, tu amiguito volver\u00e1 a estar a la altura. \u00a1Con\u00f3celo aqu\u00ed!\",\"inLanguage\":\"hu\",\"potentialAction\":[{\"@type\":\"ReadAction\",\"target\":[\"https:\/\/rosstylepro.com\/2992\/te-de-vitalidad-despierta-tu-energia\/\"]}]},{\"@type\":\"ImageObject\",\"inLanguage\":\"hu\",\"@id\":\"https:\/\/rosstylepro.com\/2992\/te-de-vitalidad-despierta-tu-energia\/#primaryimage\",\"url\":\"https:\/\/rosstylepro.com\/wp-content\/uploads\/sites\/137\/2025\/08\/Texto-do-seu-paragrafo-5.png\",\"contentUrl\":\"https:\/\/rosstylepro.com\/wp-content\/uploads\/sites\/137\/2025\/08\/Texto-do-seu-paragrafo-5.png\",\"width\":550,\"height\":350},{\"@type\":\"WebSite\",\"@id\":\"https:\/\/rosstylepro.com\/en\/#website\",\"url\":\"https:\/\/rosstylepro.com\/en\/\",\"name\":\"RosstylePRO\",\"description\":\"\",\"potentialAction\":[{\"@type\":\"SearchAction\",\"target\":{\"@type\":\"EntryPoint\",\"urlTemplate\":\"https:\/\/rosstylepro.com\/en\/?s={search_term_string}\"},\"query-input\":\"required name=search_term_string\"}],\"inLanguage\":\"hu\"},{\"@type\":\"Person\",\"@id\":\"https:\/\/rosstylepro.com\/en\/#\/schema\/person\/76055186668d83cd745fe9d37a5eec26\",\"name\":\"wildron\",\"image\":{\"@type\":\"ImageObject\",\"inLanguage\":\"hu\",\"@id\":\"https:\/\/rosstylepro.com\/en\/#\/schema\/person\/image\/\",\"url\":\"https:\/\/secure.gravatar.com\/avatar\/c76514f6e618a9155e4cb169c8cb86d3?s=96&d=mm&r=g\",\"contentUrl\":\"https:\/\/secure.gravatar.com\/avatar\/c76514f6e618a9155e4cb169c8cb86d3?s=96&d=mm&r=g\",\"caption\":\"wildron\"},\"url\":\"https:\/\/rosstylepro.com\/hu\/author\/wildron\/\"}]}<\/script>\n<!-- \/ Yoast SEO plugin. -->","yoast_head_json":{"title":"T\u00e9 de Vitalidad: despierta tu energ\u00eda","description":"Redescubre tu energ\u00eda natural. Con T\u00e9 de Vitalidad y h\u00e1bitos conscientes, tu amiguito volver\u00e1 a estar a la altura. \u00a1Con\u00f3celo aqu\u00ed!","robots":{"index":"index","follow":"follow","max-snippet":"max-snippet:-1","max-image-preview":"max-image-preview:large","max-video-preview":"max-video-preview:-1"},"canonical":"https:\/\/rosstylepro.com\/hu\/2992\/te-de-vitalidad-despierta-tu-energia\/","next":"https:\/\/rosstylepro.com\/2992\/te-de-vitalidad-despierta-tu-energia\/2\/","og_locale":"hu_HU","og_type":"article","og_title":"T\u00e9 de Vitalidad: despierta tu energ\u00eda","og_description":"Redescubre tu energ\u00eda natural. Con T\u00e9 de Vitalidad y h\u00e1bitos conscientes, tu amiguito volver\u00e1 a estar a la altura. \u00a1Con\u00f3celo aqu\u00ed!","og_url":"https:\/\/rosstylepro.com\/hu\/2992\/te-de-vitalidad-despierta-tu-energia\/","og_site_name":"RosstylePRO","article_published_time":"2025-08-05T22:39:23+00:00","article_modified_time":"2025-08-05T22:39:42+00:00","og_image":[{"width":550,"height":350,"url":"https:\/\/rosstylepro.com\/wp-content\/uploads\/sites\/137\/2025\/08\/Texto-do-seu-paragrafo-5.png","type":"image\/png"}],"author":"wildron","twitter_card":"summary_large_image","twitter_misc":{"Written by":"wildron","Est. reading time":"8 perc"},"schema":{"@context":"https:\/\/schema.org","@graph":[{"@type":"WebPage","@id":"https:\/\/rosstylepro.com\/2992\/te-de-vitalidad-despierta-tu-energia\/","url":"https:\/\/rosstylepro.com\/2992\/te-de-vitalidad-despierta-tu-energia\/","name":"T\u00e9 de Vitalidad: despierta tu energ\u00eda","isPartOf":{"@id":"https:\/\/rosstylepro.com\/en\/#website"},"primaryImageOfPage":{"@id":"https:\/\/rosstylepro.com\/2992\/te-de-vitalidad-despierta-tu-energia\/#primaryimage"},"image":{"@id":"https:\/\/rosstylepro.com\/2992\/te-de-vitalidad-despierta-tu-energia\/#primaryimage"},"thumbnailUrl":"https:\/\/rosstylepro.com\/wp-content\/uploads\/sites\/137\/2025\/08\/Texto-do-seu-paragrafo-5.png","datePublished":"2025-08-05T22:39:23+00:00","dateModified":"2025-08-05T22:39:42+00:00","author":{"@id":"https:\/\/rosstylepro.com\/en\/#\/schema\/person\/76055186668d83cd745fe9d37a5eec26"},"description":"Redescubre tu energ\u00eda natural. Con T\u00e9 de Vitalidad y h\u00e1bitos conscientes, tu amiguito volver\u00e1 a estar a la altura. \u00a1Con\u00f3celo aqu\u00ed!","inLanguage":"hu","potentialAction":[{"@type":"ReadAction","target":["https:\/\/rosstylepro.com\/2992\/te-de-vitalidad-despierta-tu-energia\/"]}]},{"@type":"ImageObject","inLanguage":"hu","@id":"https:\/\/rosstylepro.com\/2992\/te-de-vitalidad-despierta-tu-energia\/#primaryimage","url":"https:\/\/rosstylepro.com\/wp-content\/uploads\/sites\/137\/2025\/08\/Texto-do-seu-paragrafo-5.png","contentUrl":"https:\/\/rosstylepro.com\/wp-content\/uploads\/sites\/137\/2025\/08\/Texto-do-seu-paragrafo-5.png","width":550,"height":350},{"@type":"WebSite","@id":"https:\/\/rosstylepro.com\/en\/#website","url":"https:\/\/rosstylepro.com\/en\/","name":"RosstylePRO","description":"","potentialAction":[{"@type":"SearchAction","target":{"@type":"EntryPoint","urlTemplate":"https:\/\/rosstylepro.com\/en\/?s={search_term_string}"},"query-input":"required name=search_term_string"}],"inLanguage":"hu"},{"@type":"Person","@id":"https:\/\/rosstylepro.com\/en\/#\/schema\/person\/76055186668d83cd745fe9d37a5eec26","name":"wildron","image":{"@type":"ImageObject","inLanguage":"hu","@id":"https:\/\/rosstylepro.com\/en\/#\/schema\/person\/image\/","url":"https:\/\/secure.gravatar.com\/avatar\/c76514f6e618a9155e4cb169c8cb86d3?s=96&d=mm&r=g","contentUrl":"https:\/\/secure.gravatar.com\/avatar\/c76514f6e618a9155e4cb169c8cb86d3?s=96&d=mm&r=g","caption":"wildron"},"url":"https:\/\/rosstylepro.com\/hu\/author\/wildron\/"}]}},"_links":{"self":[{"href":"https:\/\/rosstylepro.com\/hu\/wp-json\/wp\/v2\/posts\/2992"}],"collection":[{"href":"https:\/\/rosstylepro.com\/hu\/wp-json\/wp\/v2\/posts"}],"about":[{"href":"https:\/\/rosstylepro.com\/hu\/wp-json\/wp\/v2\/types\/post"}],"author":[{"embeddable":true,"href":"https:\/\/rosstylepro.com\/hu\/wp-json\/wp\/v2\/users\/128"}],"replies":[{"embeddable":true,"href":"https:\/\/rosstylepro.com\/hu\/wp-json\/wp\/v2\/comments?post=2992"}],"version-history":[{"count":2,"href":"https:\/\/rosstylepro.com\/hu\/wp-json\/wp\/v2\/posts\/2992\/revisions"}],"predecessor-version":[{"id":2995,"href":"https:\/\/rosstylepro.com\/hu\/wp-json\/wp\/v2\/posts\/2992\/revisions\/2995"}],"wp:featuredmedia":[{"embeddable":true,"href":"https:\/\/rosstylepro.com\/hu\/wp-json\/wp\/v2\/media\/2993"}],"wp:attachment":[{"href":"https:\/\/rosstylepro.com\/hu\/wp-json\/wp\/v2\/media?parent=2992"}],"wp:term":[{"taxonomy":"category","embeddable":true,"href":"https:\/\/rosstylepro.com\/hu\/wp-json\/wp\/v2\/categories?post=2992"},{"taxonomy":"post_tag","embeddable":true,"href":"https:\/\/rosstylepro.com\/hu\/wp-json\/wp\/v2\/tags?post=2992"}],"curies":[{"name":"wp","href":"https:\/\/api.w.org\/{rel}","templated":true}]}}