{"id":3033,"date":"2025-08-14T18:59:45","date_gmt":"2025-08-14T18:59:45","guid":{"rendered":"https:\/\/rosstylepro.com\/?p=3033"},"modified":"2025-08-14T19:01:50","modified_gmt":"2025-08-14T19:01:50","slug":"te-de-vitalidad-energia-sostenida-y-confianza","status":"publish","type":"post","link":"https:\/\/rosstylepro.com\/hu\/3033\/te-de-vitalidad-energia-sostenida-y-confianza\/","title":{"rendered":"Vitality Tea: tart\u00f3s energia \u00e9s \u00f6nbizalom"},"content":{"rendered":"<p>\u00dagy \u00e9rzed, hogy nincs kedved elindulni, \u00e9s a d\u00e9lut\u00e1n v\u00e9gtelen dombk\u00e9nt ereszkedik le r\u00e1d? Nem vagy egyed\u00fcl: a felgyorsult temp\u00f3, a stressz \u00e9s a rendszertelen alv\u00e1s \u00e9szrev\u00e9tlen\u00fcl mer\u00edti le bels\u0151 akkumul\u00e1torainkat.<\/p>\n\n\n\n<p>A j\u00f3 h\u00edr az, hogy az \u00fajra\u00e9leszt\u00e9shez nincs sz\u00fcks\u00e9g bonyolult formul\u00e1kra vagy lehetetlen v\u00e1ltoztat\u00e1sokra. Egy egyszer\u0171 ritu\u00e1l\u00e9 \u2013 egy cs\u00e9sze tea, amely olyan \u00f6sszetev\u0151ket tartalmaz, amelyek el\u0151seg\u00edtik a f\u00e9rfias vitalit\u00e1st \u2013 fordul\u00f3pontt\u00e1 v\u00e1lhat, amely vissza\u00e1ll\u00edtja az energi\u00e1dat, a tisztas\u00e1godat \u00e9s a lelked.<\/p>\n\n\n\n<p><\/p>\n\n\n\n<p><\/p>\n\n\n\n<p><\/p>\n\n\n\n<p>B\u00e1rmelyik lehet\u0151s\u00e9get is v\u00e1lasztod, a c\u00e9l ugyanaz: visszanyerni a stabil t\u00f6rzshangot, tiszta elm\u00e9vel, k\u00f6nnyedebb testtel \u00e9s azzal a nyugodt magabiztoss\u00e1ggal, ami m\u00e1r egy ideje hi\u00e1nyzott.<\/p>\n\n\n\n<p>Kattints arra, ami a legjobban \u00e9rdekel:<\/p>\n\n\n\n<div class=\"wp-block-buttons is-layout-flex wp-block-buttons-is-layout-flex\">\n<div class=\"wp-block-button has-custom-width wp-block-button__width-100\"><a class=\"wp-block-button__link has-text-color has-background has-link-color wp-element-button\" href=\"https:\/\/rosstylepro.com\/hu\/2970\/dale-una-ayuda-extra-a-tu-amiguito\/\" style=\"border-radius:10px;color:#fefefe;background-color:#0000ff\"><strong><strong><strong>N\u00f6veld kis bar\u00e1tod teljes\u00edtm\u00e9ny\u00e9t term\u00e9szetes m\u00f3don<\/strong><\/strong> <\/strong><\/a><\/div>\n\n\n\n<div class=\"wp-block-button has-custom-width wp-block-button__width-100\"><a class=\"wp-block-button__link has-white-color has-text-color has-background has-link-color wp-element-button\" href=\"https:\/\/rosstylepro.com\/hu\/2535\/mejora-tu-energia-con-aplicacion-para-aumentar-el-vigor\/\" style=\"border-radius:10px;background-color:#0000ff\"><strong><strong><strong>Nyerje vissza reggeli energi\u00e1j\u00e1t mind\u00f6ssze n\u00e9h\u00e1ny nap alatt<\/strong><\/strong> <\/strong><\/a><\/div>\n\n\n\n<div class=\"wp-block-button has-custom-width wp-block-button__width-100\"><a class=\"wp-block-button__link has-white-color has-text-color has-background has-link-color wp-element-button\" href=\"https:\/\/rosstylepro.com\/hu\/2955\/alimenta-a-tu-amiguito-infusiones-para-el-vigor\/\" style=\"border-radius:10px;background-color:#0000ff\"><strong><strong><strong>Aktiv\u00e1lja a bels\u0151 er\u0151t egy egyszer\u0171 inf\u00fazi\u00f3val<\/strong><\/strong> <\/strong><\/a><\/div>\n<\/div>\n\n\n\n<p>Ezut\u00e1n alkalmaz\u00e1slet\u00f6lt\u00e9si lehet\u0151s\u00e9geket k\u00edn\u00e1lunk, amelyek receptekkel, eml\u00e9keztet\u0151kkel \u00e9s napi nyomon k\u00f6vet\u00e9ssel seg\u00edtik a folyamatot.<\/p>\n\n\n\n<p><\/p>\n\n\n\n<p><\/p>\n\n\n\n<p><\/p>\n\n\n\n<p>Ha most szeretn\u00e9d elkezdeni, itt a megh\u00edv\u00e1s: t\u00f6ltsd le az alkalmaz\u00e1st, k\u00e9sz\u00edtsd el az els\u0151 cs\u00e9sz\u00e9nyi k\u00e1v\u00e9dat, \u00e9s alak\u00edtsd ezt az olvas\u00e1st egy kedves szok\u00e1ss\u00e1, amit fenntarthatsz.<\/p>\n\n\n\n<div class=\"wp-block-group is-content-justification-center is-nowrap is-layout-flex wp-container-core-group-layout-1 wp-block-group-is-layout-flex\">\n<figure class=\"wp-block-image is-resized\"><a href=\"https:\/\/blog.curioiogo.com\/go?url=https%3A%2F%2Fapps.apple.com%2Fbr%2Fapp%2Fherbapp%2Fid1574404946&amp;css=bt-ok\"><img decoding=\"async\" src=\"https:\/\/blog.curioiogo.com\/wp-content\/uploads\/2025\/08\/app-store.webp\" alt=\"\" style=\"width:300px\" \/><\/a><\/figure>\n\n\n\n<figure class=\"wp-block-image is-resized\"><a href=\"https:\/\/blog.curioiogo.com\/go?url=https%3A%2F%2Fplay.google.com%2Fstore%2Fapps%2Fdetails%3Fid%3Dde.land24.myvital%26hl%3Dpt_BR&amp;css=bt-ok\"><img decoding=\"async\" src=\"https:\/\/blog.curioiogo.com\/wp-content\/uploads\/2025\/08\/google-play.webp\" alt=\"\" style=\"width:300px\" \/><\/a><\/figure>\n<\/div>\n\n\n\n<p><\/p>\n\n\n\n<h2 class=\"wp-block-heading\">Mit jelent a \u201evitalit\u00e1s\u201d sz\u00f3, amikor a f\u00e9rfiak eg\u00e9szs\u00e9g\u00e9r\u0151l besz\u00e9l\u00fcnk?<\/h2>\n\n\n\n<p>A vitalit\u00e1s nem csak az izmokr\u00f3l vagy az euf\u00f3ria kit\u00f6r\u00e9s\u00e9r\u0151l sz\u00f3l. Arr\u00f3l sz\u00f3l, hogy teher n\u00e9lk\u00fcl \u00e9bredsz fel a v\u00e1lladon, koncentr\u00e1lsz, amikor a nap megterhel\u0151v\u00e9 v\u00e1lik, \u00e9s felt\u00f6lt\u0151dve \u00e9rkezel meg az est\u00e9re, hogy \u00e9lvezhesd. Amikor kev\u00e9s az energia, minden szenved: kev\u00e9sb\u00e9 koncentr\u00e1lsz, k\u00f6nnyen ingerl\u00e9keny leszel, \u00e9s a mag\u00e1n\u00e9letedben a reakci\u00f3id m\u00e1r nem olyanok, mint r\u00e9gen. Ez\u00e9rt javasoljuk az \u00e1tfog\u00f3 megk\u00f6zel\u00edt\u00e9st, amely mag\u00e1ban foglalja a pihen\u00e9st, a v\u00e9rkering\u00e9st, a hangulatot \u00e9s a t\u00e1pl\u00e1lkoz\u00e1st. A vitalit\u00e1s tea napi eml\u00e9keztet\u0151k\u00e9nt m\u0171k\u00f6dik, amely gyeng\u00e9den helyre\u00e1ll\u00edtja a ritmusodat, er\u0151ltet\u00e9s vagy r\u00e1ngat\u00e1s n\u00e9lk\u00fcl.<\/p>\n\n\n\n<h2 class=\"wp-block-heading\">Hogyan m\u0171k\u00f6dik a Vitality Tea (technikai r\u00e9szletek n\u00e9lk\u00fcl elmagyar\u00e1zva)<\/h2>\n\n\n\n<p>K\u00e9pzelj el egy kis zenekart. A gy\u00f6mb\u00e9r bels\u0151 melegs\u00e9get ad, ami serkenti a v\u00e9rkering\u00e9st; a fah\u00e9j kiegyens\u00falyozza az \u00e1raml\u00e1st \u00e9s kerek\u00edti az \u00edzt; a maca fenntartja a term\u00e9szetes lend\u00fcletet, amikor a nap elny\u00falik; a ginzeng pedig n\u00f6veli az \u00e1ll\u00f3k\u00e9pess\u00e9get \u00e9s a hangulatot. Egy\u00fctt nem versenyeznek egym\u00e1ssal: er\u0151s\u00edtik egym\u00e1st. A f\u0151zet nem arra szolg\u00e1l, hogy egyik napr\u00f3l a m\u00e1sikra csod\u00e1kat tegyen, hanem ink\u00e1bb arra, hogy \u00fajra\u00e9lessze a testedben m\u00e1r ismert folyamatokat: er\u0151teljesebben mozgatja a v\u00e9rt, kitiszt\u00edtja a fejed, \u00e9s helyre\u00e1ll\u00edtja a nyugodt jelenl\u00e9tet, ami bel\u00fclr\u0151l... \u00e9s k\u00edv\u00fclr\u0151l is \u00e9szrevehet\u0151, annak a \u201eh\u0171s\u00e9ges t\u00e1rsnak\u201d a v\u00e1lasz\u00e1ban, aki azt szeretn\u00e9, ha minden \u00e1ramlana.<\/p>\n\n\n\n<h2 class=\"wp-block-heading\">Egyszer\u0171 el\u0151k\u00e9sz\u00edt\u00e9s \u00e9s \u00fctemtervek, amelyek megsokszorozz\u00e1k a hat\u00e1st<\/h2>\n\n\n\n<p>Nincs sz\u00fcks\u00e9g laborat\u00f3riumi vizsg\u00e1latra. Meleg\u00edtsen majdnem forr\u00e1spontig vizet, adja hozz\u00e1 a kever\u00e9ket, fedje le a cs\u00e9sz\u00e9t, \u00e9s hagyja \u00e1zni \u00f6t-h\u00e9t percig. Ker\u00fclje a t\u00falf\u0151z\u00e9st: egy j\u00f3 f\u0151zet koncentr\u00e1lja az arom\u00e1kat \u00e9s az \u00f6sszetev\u0151ket an\u00e9lk\u00fcl, hogy elnyomn\u00e1 a n\u00f6v\u00e9nyek \u00edz\u00e9t. El\u0151sz\u00f6r pr\u00f3b\u00e1lja ki cukormentesen; ha egy kis \u00e9dess\u00e9gre v\u00e1gyik, egy csipet m\u00e9z el\u00e9g.<\/p>\n\n\n\n<p>Az id\u0151z\u00edt\u00e9s sz\u00e1m\u00edt. Reggel egy cs\u00e9sze k\u00e1v\u00e9 gond n\u00e9lk\u00fcl beind\u00edtja a motort. Harminc perccel azel\u0151tt, hogy s\u00e9t\u00e1lni induln\u00e1l, egy k\u00f6nny\u0171 edz\u00e9s seg\u00edt bemeleg\u00edteni \u00e9s jobban fenntartani az er\u0151fesz\u00edt\u00e9st. Ha az Achilles-sarkad a d\u00e9lut\u00e1n, egy m\u00e1sodik cs\u00e9sze kora reggel, messze az \u00e9jszakai id\u0151pontt\u00f3l, v\u00e1lthat fokozatot an\u00e9lk\u00fcl, hogy megfosztana az alv\u00e1st\u00f3l. A kulcs nem a merev t\u00f6k\u00e9letess\u00e9g, hanem a k\u00f6vetkezetess\u00e9g: napi egy cs\u00e9sze t\u00f6bbet \u00e9r, mint a m\u00faland\u00f3 lelkesed\u00e9s.<\/p>\n\n\n\n<h2 class=\"wp-block-heading\">7 napos besz\u00e9lget\u00e9si terv a jelek megsz\u00e1llotts\u00e1g n\u00e9lk\u00fcli \u00e9szrev\u00e9tel\u00e9hez<\/h2>\n\n\n\n<p>Els\u0151 nap: Adj magadnak t\u00edz perc nyugalmat. K\u00e9sz\u00edtsd el\u0151 a poharadat, vegy\u00e9l k\u00e9t m\u00e9ly l\u00e9legzetet, \u00e9s igy\u00e1l tudatosan. Ne a t\u0171zij\u00e1t\u00e9kra koncentr\u00e1lj, hanem az \u00e9rz\u00e9kel\u00e9sre: a tested felmelegszik, az elm\u00e9d lelassul.<br>M\u00e1sodik \u00e9s harmadik nap: Ism\u00e9teld meg a ritu\u00e1l\u00e9t egy r\u00f6vid s\u00e9t\u00e1val. A tea bel\u00fclr\u0151l ind\u00edt be mozg\u00e1sba, a mozg\u00e1s pedig k\u00edv\u00fclr\u0151l k\u00eds\u00e9r. Itt rejlik az els\u0151 gy\u0151zelem: \u00e1tv\u00e9szelni a d\u00e9lut\u00e1nt \u00f6sszees\u00e9s n\u00e9lk\u00fcl.<br>Negyedik nap: Figyeld meg az el\u0151z\u0151 \u00e9jszakai alv\u00e1sodat. Ha nehezen alszol el, tedd el\u0151re a m\u00e1sodik cs\u00e9sz\u00e9nyit, vagy hagyd ki reggelig. Az id\u0151beoszt\u00e1sod megv\u00e1ltoztat\u00e1sa is seg\u00edt abban, hogy magadra is odafigyelj.<br>\u00d6t\u00f6dik nap: K\u00f6nny\u0171 fizikai aktivit\u00e1s el\u0151tt igya meg a f\u0151zetet. \u00c9szre fogja venni, hogy a szervezete kev\u00e9sb\u00e9 lassan reag\u00e1l, \u00e9s a regener\u00e1l\u00f3d\u00e1s is sim\u00e1bb lesz.<br>Hatodik nap: Figyelj a hangulatodra. Meglep\u0151dsz a t\u00fcrelmeden? Gyorsabban kitisztul a fejed? Ezek az apr\u00f3 jelek t\u00f6bbet \u00e9rnek b\u00e1rmilyen besz\u00e9dn\u00e9l.<br>Hetedik nap: Jegyezd fel a teljes k\u00e9pet. Ha a reggeleid kev\u00e9sb\u00e9 stresszesek, a d\u00e9lut\u00e1njaid produkt\u00edvabbak, \u00e9s jobban jelen vagy, akkor j\u00f3 \u00faton haladsz. Folytasd m\u00e9g egy h\u00e9tig, \u00e9s hagyd, hogy a szok\u00e1s lej\u00e1rjon.<\/p>\n\n\n\n<p>Ez a rendszer sz\u00e1nd\u00e9kosan egyszer\u0171. Nincs sz\u00fcks\u00e9ged t\u00f6k\u00e9letess\u00e9gi kv\u00f3t\u00e1ra; holnap vissza kell t\u00e9rned. A k\u00f6vetkezetess\u00e9g az igazi gyors\u00edt\u00f3.<\/p>\n\n\n\n<h2 class=\"wp-block-heading\">A halad\u00e1s jelei, amiket a tested s\u00fag neked<\/h2>\n\n\n\n<p>Az igazi v\u00e1ltoz\u00e1s nem ki\u00e1lt; bek\u00f6sz\u00f6nt. Kev\u00e9sb\u00e9 f\u00e1radtan \u00e9bredsz, m\u00e1r nem g\u00f6rnyedsz el d\u00e9lut\u00e1nonk\u00e9nt, koncentr\u00e1ltan dolgozol an\u00e9lk\u00fcl, hogy a f\u00e1radts\u00e1ggal k\u00fczden\u00e9l. A hangulatod kiegyens\u00falyozottabb, \u00fajra k\u00e9pes vagy terveket sz\u0151ni \u00e9s betartani azokat. \u00c9s igen, a mag\u00e1n\u00e9letedben is visszat\u00e9r az a nyugodt magabiztoss\u00e1g, ami t\u00e1volinak t\u0171nt; nem egy hirtelen tr\u00fckk miatt, hanem az\u00e9rt, mert a v\u00e9rkering\u00e9sed \u00e9s a hangulatod megtal\u00e1lja a ritmust. Amikor visszat\u00e9rsz \u00f6nmagadhoz, minden m\u00e1s a hely\u00e9re ker\u00fcl.<\/p>\n\n\n\n<h2 class=\"wp-block-heading\">Egyszer\u0171 szok\u00e1sok, amelyek fokozz\u00e1k a k\u00e1v\u00e9fogyaszt\u00e1sodat (\u00e9s illeszkednek az id\u0151beoszt\u00e1sodba)<\/h2>\n\n\n\n<p>Hidrat\u00e1lj a nap folyam\u00e1n, hogy a v\u00e9rkering\u00e9sed k\u00f6nnyebben folyjon. S\u00e9t\u00e1lj 20 percet, ak\u00e1r csak k\u00e9tszer is: a tested eml\u00e9kszik arra, hogy mozg\u00e1sra teremtett\u00e9k. Egy\u00e9l k\u00f6nnyebb vacsor\u00e1t; az \u00e9jszaka az energia felt\u00f6lt\u0151d\u00e9s\u00e9r\u0151l sz\u00f3l, nem a hegyek feldolgoz\u00e1s\u00e1r\u00f3l. Cs\u00f6kkentsd a k\u00e9perny\u0151 el\u0151tt t\u00f6lt\u00f6tt id\u0151t lefekv\u00e9s el\u0151tt; ez az apr\u00f3 gesztus aj\u00e1nd\u00e9k a pihen\u00e9sed\u00e9rt. Ha tudod, iktass be egy percet a lass\u00fa l\u00e9gz\u00e9sbe, amikor tev\u00e9kenys\u00e9get v\u00e1ltasz. Ezek olyan al\u00e1zatos d\u00f6nt\u00e9sek, amelyek te\u00e1val kombin\u00e1lva pozit\u00edv \u00e1raml\u00e1st teremtenek.<\/p>\n\n\n\n<h2 class=\"wp-block-heading\">Biztons\u00e1g az els\u0151: term\u00e9szetes, krit\u00e9riumokkal<\/h2>\n\n\n\n<p>A \u201eterm\u00e9szetes\u201d nem azt jelenti, hogy \u201emindenkinek, mindig\u201d. Ha kezeletlen magas v\u00e9rnyom\u00e1sa, sz\u00edvbetegs\u00e9ge van, gy\u00f3gyszert szed, vagy kezel\u00e9s alatt \u00e1ll, konzult\u00e1ljon szakemberrel, miel\u0151tt a te\u00e1z\u00e1st napi szok\u00e1ss\u00e1 tenn\u00e9. Azt is \u00e9rdemes meghallgatni, hogy kik reag\u00e1lnak az egy\u00e9ni reakci\u00f3kra: ha valami nem felel meg \u00d6nnek, cs\u00f6kkentse az adagot, v\u00e1ltoztassa meg az adagol\u00e1si \u00fctemtervet, vagy pr\u00f3b\u00e1ljon ki egy enyh\u00e9bb kever\u00e9ket. Az \u00f6nmagunkr\u00f3l val\u00f3 gondoskod\u00e1s nem arr\u00f3l sz\u00f3l, hogy egy k\u00e9zik\u00f6nyvet k\u00f6vess\u00fcnk; arr\u00f3l, hogy alkudjunk a val\u00f3s\u00e1ggal, am\u00edg a szok\u00e1s be nem illeszkedik.<\/p>\n\n\n\n<h2 class=\"wp-block-heading\">Mit tesz a tea\u2026 \u00e9s mit nem<\/h2>\n\n\n\n<p>A tea nem helyettes\u00edti az alv\u00e1st, a jobb \u00e9tkez\u00e9st vagy a mozg\u00e1st, de megk\u00f6nny\u00edti ezek el\u00e9r\u00e9s\u00e9t. Nem egy szikra, ami fel-le kapcsolgat; hanem egy vez\u00e9rfonal, ami fenntartja a napot. Nem t\u00f6rli el a h\u00f3napok alatt felhalmoz\u00f3dott f\u00e1radts\u00e1got, de seg\u00edt megt\u00f6rni a tehetetlens\u00e9get \u00e9s j\u00f3 napokat gy\u0171jteni. \u00c9s amikor j\u00f3 napokat f\u0171z\u00f6l \u00f6ssze, \u00fajra felismered \u00f6nmagad. Ez a felismer\u00e9s, jobban, mint b\u00e1rmilyen fellengz\u0151s \u00edg\u00e9ret, az, ami megv\u00e1ltoztatja a vil\u00e1gban val\u00f3 l\u00e9tez\u00e9sedet.<\/p>\n\n\n<div class=\"wp-block-image\">\n<figure class=\"aligncenter size-full\"><img fetchpriority=\"high\" decoding=\"async\" width=\"550\" height=\"350\" src=\"https:\/\/rosstylepro.com\/wp-content\/uploads\/sites\/137\/2025\/08\/Design-sem-nome-11.png\" alt=\"T\u00e9 de Vitalidad: energ\u00eda sostenida y confianza\" class=\"wp-image-3034\" srcset=\"https:\/\/rosstylepro.com\/wp-content\/uploads\/sites\/137\/2025\/08\/Design-sem-nome-11.png 550w, https:\/\/rosstylepro.com\/wp-content\/uploads\/sites\/137\/2025\/08\/Design-sem-nome-11-300x191.png 300w, https:\/\/rosstylepro.com\/wp-content\/uploads\/sites\/137\/2025\/08\/Design-sem-nome-11-18x12.png 18w\" sizes=\"(max-width: 550px) 100vw, 550px\" \/><figcaption class=\"wp-element-caption\">Vitality Tea: tart\u00f3s energia \u00e9s \u00f6nbizalom<\/figcaption><\/figure><\/div>\n\n\n<h2 class=\"wp-block-heading\">\u0150szinte p\u00e1rbesz\u00e9d a testeddel<\/h2>\n\n\n\n<p>Lesznek lass\u00fa napok. Az \u00f6nmagad feszeget\u00e9se szinte soha nem m\u0171k\u00f6dik; az \u00f6nmagadra val\u00f3 odafigyel\u00e9s szinte mindig. Ha d\u00e9lut\u00e1n lesz\u00e1ll, l\u00e9pj h\u00e1tra \u00f6t percre, igy\u00e1l vizet, l\u00e9legezz, \u00e9s gyere vissza. Ha elalszik a k\u00e1v\u00e9, tedd a m\u00e1sodik cs\u00e9sz\u00e9t kor\u00e1bbra, \u00e9s lefekv\u00e9s el\u0151tt tomp\u00edtsd a villanyt. Ha egy turmix intenz\u00edvnek \u00e9rzed, igaz\u00edts rajta. Az intelligencia az alkalmazkod\u00e1sban rejlik, nem a felad\u00e1sban. Az \u00e1lland\u00f3s\u00e1got nem a t\u00f6k\u00e9letess\u00e9g, hanem a megt\u00e9r\u00fcl\u00e9s m\u00e9ri.<\/p>\n\n\n\n<h2 class=\"wp-block-heading\">Konkl\u00fazi\u00f3: egy cs\u00e9sze, egy kiny\u00edl\u00f3 ajt\u00f3<\/h2>\n\n\n\n<p>A Vitality tea nem \u00edg\u00e9r t\u0171zij\u00e1t\u00e9kot; valami \u00e9rt\u00e9kesebbet k\u00edn\u00e1l: a stabilit\u00e1st. Egy apr\u00f3 gesztus, ami azt mondja: &quot;Gondoskodom magamr\u00f3l&quot;, \u00e9s ha ism\u00e9telgeti, \u00fajj\u00e1\u00e9p\u00edti az energiab\u00e1zisodat. Kezdd a mai napot egy cs\u00e9sz\u00e9vel, adj hozz\u00e1 egy r\u00f6vid s\u00e9t\u00e1t \u00e9s egy k\u00f6nny\u0171 vacsor\u00e1t, \u00e9s figyeld. Amikor az energi\u00e1d visszat\u00e9r, minden m\u00e1s is a hely\u00e9re ker\u00fcl. \u00c9s a r\u00e9g\u00f3ta v\u00e1rt \u00f6nbizalom visszat\u00e9r mindenf\u00e9le felhajt\u00e1s n\u00e9lk\u00fcl, de olyan eredm\u00e9nyekkel, amelyeket val\u00f3ban \u00e9rezhetsz.<\/p>\n\n\n\n<h2 class=\"wp-block-heading has-text-align-center\">T\u00f6ltsd le ezeket az alkalmaz\u00e1sokat a vitalit\u00e1si rutinod t\u00e1mogat\u00e1s\u00e1hoz<\/h2>\n\n\n\n<div class=\"wp-block-group is-content-justification-center is-nowrap is-layout-flex wp-container-core-group-layout-2 wp-block-group-is-layout-flex\">\n<figure class=\"wp-block-image is-resized\"><a href=\"https:\/\/blog.curioiogo.com\/go?url=https%3A%2F%2Fapps.apple.com%2Fbr%2Fapp%2Fherbapp%2Fid1574404946&amp;css=bt-ok\"><img decoding=\"async\" src=\"https:\/\/blog.curioiogo.com\/wp-content\/uploads\/2025\/08\/app-store.webp\" alt=\"\" style=\"width:300px\" \/><\/a><\/figure>\n\n\n\n<figure class=\"wp-block-image is-resized\"><a href=\"https:\/\/blog.curioiogo.com\/go?url=https%3A%2F%2Fplay.google.com%2Fstore%2Fapps%2Fdetails%3Fid%3Dde.land24.myvital%26hl%3Dpt_BR&amp;css=bt-ok\"><img decoding=\"async\" src=\"https:\/\/blog.curioiogo.com\/wp-content\/uploads\/2025\/08\/google-play.webp\" alt=\"\" style=\"width:300px\" \/><\/a><\/figure>\n<\/div>\n\n\n\n<p><\/p>\n\n\n\n<!--nextpage-->\n\n\n\n<p>El\u0151fordult m\u00e1r, hogy unalmasnak \u00e9rezted magad, amikor fel\u00e9bredt\u00e9l \u00e9s neh\u00e9z d\u00e9lut\u00e1nod volt? <\/p>\n\n\n\n<div class=\"wp-block-buttons is-content-justification-center is-layout-flex wp-container-core-buttons-layout-2 wp-block-buttons-is-layout-flex\">\n<div class=\"wp-block-button has-custom-width wp-block-button__width-100 bt-ok\"><a class=\"wp-block-button__link has-white-color has-text-color has-background has-link-color wp-element-button\" href=\"https:\/\/rosstylepro.com\/hu\/3033\/te-de-vitalidad-energia-sostenida-y-confianza\/\" style=\"border-radius:13px;background-color:#28a745\"><strong>\ud83d\udc41\ufe0f <strong>Fedezd fel a titkot itt<\/strong><\/strong><\/a><\/div>\n<\/div>\n\n\n\n<p><br>Amikor alacsony az energiaszint, minden nehezebb\u00e9 v\u00e1lik. A j\u00f3 h\u00edr: a megfelel\u0151 inf\u00fazi\u00f3val term\u00e9szetes, gyeng\u00e9d \u00e9s tart\u00f3s m\u00f3don \u00fajra\u00e9lesztheted vitalit\u00e1sodat, \u00e9s a r\u00e9g\u00f3ta v\u00e1rt \u00f6nbizalom visszat\u00e9rni kezd.<\/p>\n\n\n\n<p><\/p>\n\n\n\n<p><\/p>\n\n\n\n<p><\/p>\n\n\n\n<p>El tudod k\u00e9pzelni, hogy n\u00e9h\u00e1ny nap alatt visszanyerd a lelked, tiszta elm\u00e9vel, k\u00f6nnyebb testtel \u00e9s estig tart\u00f3 stabilit\u00e1ssal?<\/p>\n\n\n\n<h2 class=\"wp-block-heading\">Mi\u00e9rt fogy el az energi\u00e1d an\u00e9lk\u00fcl, hogy \u00e9szrevenn\u00e9d?<\/h2>\n\n\n\n<p>Ez nem lustas\u00e1g vagy \u201ekarakterhi\u00e1ny\u201d. A test reag\u00e1l arra a ritmusra, amit r\u00e1er\u0151ltet\u00fcnk: r\u00f6vid \u00e9jszak\u00e1k, k\u00e9s\u0151i k\u00e9perny\u0151 el\u0151tt t\u00f6lt\u00f6tt id\u0151, neh\u00e9z \u00e9tkez\u00e9sek, felhalmoz\u00f3dott stressz \u00e9s kev\u00e9s mozg\u00e1s. Ez a kombin\u00e1ci\u00f3 lelass\u00edtja a v\u00e9rkering\u00e9st, megzavarja a bioritmusokat \u00e9s elhom\u00e1lyos\u00edtja az elm\u00e9t. <\/p>\n\n\n\n<p>Neh\u00e9znek \u00e9rzed magad, a d\u00e9lut\u00e1n elh\u00faz\u00f3dik, \u00e9s a hangulatod kisz\u00e1m\u00edthatatlann\u00e1 v\u00e1lik. A j\u00f3 h\u00edr az, hogy a tested gyorsan reag\u00e1l, amikor... <strong>helyes jelek<\/strong>: gyeng\u00e9d meleg, aktiv\u00e1l\u00f3 \u00f6sszetev\u0151k \u00e9s egy egyszer\u0171 ritu\u00e1l\u00e9, amely eml\u00e9keztet a term\u00e9szetes ritmusodra.<\/p>\n\n\n\n<p><\/p>\n\n\n\n<p><\/p>\n\n\n\n<h2 class=\"wp-block-heading\">Mi is val\u00f3j\u00e1ban az a \u201evitalit\u00e1s tea\u201d?<\/h2>\n\n\n\n<p>Ez nem csodaszer: ez egy <strong>kiegyens\u00falyozott kever\u00e9k<\/strong> hagyom\u00e1nyos n\u00f6v\u00e9nyek (mint p\u00e9ld\u00e1ul a gy\u00f6mb\u00e9r, a fah\u00e9j, a maca vagy a ginzeng) fogyaszt\u00e1sa, amelyek t\u00f6bb energi\u00e1val, jobb v\u00e9rkering\u00e9ssel \u00e9s ment\u00e1lis tisztas\u00e1ggal hozhat\u00f3k \u00f6sszef\u00fcgg\u00e9sbe. <\/p>\n\n\n\n<div class=\"wp-block-buttons is-content-justification-center is-layout-flex wp-container-core-buttons-layout-3 wp-block-buttons-is-layout-flex\">\n<div class=\"wp-block-button has-custom-width wp-block-button__width-100 bt-ok\"><a class=\"wp-block-button__link has-white-color has-text-color has-background has-link-color wp-element-button\" href=\"https:\/\/rosstylepro.com\/hu\/3033\/te-de-vitalidad-energia-sostenida-y-confianza\/\" style=\"border-radius:13px;background-color:#f04e23\"><strong><strong>&nbsp;Kezdje el az eg\u00e9szs\u00e9ges rutinj\u00e1t most<\/strong><\/strong><\/a><\/div>\n<\/div>\n\n\n\n<p><br>A kulcs a szinergia: minden \u00f6sszetev\u0151 szerepet j\u00e1tszik, \u00e9s egy\u00fcttesen gyeng\u00e9d lend\u00fcletet adnak, r\u00e1ngat\u00e1sok vagy hiperaktivit\u00e1s n\u00e9lk\u00fcl. Ez az a fajta t\u00e1mogat\u00e1s, amely gyeng\u00e9den beind\u00edtja a motorokat, \u00e9s lehet\u0151v\u00e9 teszi, hogy fenntartsd a napot. <strong>stabilit\u00e1ssal \u00e9s j\u00f3 humorral<\/strong>.<\/p>\n\n\n\n<h2 class=\"wp-block-heading\">Re\u00e1lis el\u0151ny\u00f6k a mindennapi \u00e9letben<\/h2>\n\n\n\n<p>Gondolj egy reggeli cs\u00e9sze k\u00e1v\u00e9ra, amely a hirtelen k\u00e1v\u00e9l\u00f6ketet fokozatos \u00e9bred\u00e9ssel v\u00e1ltja fel. D\u00e9lut\u00e1n k\u00f6zep\u00e9re ugyanaz a f\u0151zet seg\u00edt abban, hogy v\u00e1lts an\u00e9lk\u00fcl, hogy ut\u00e1na elvesz\u00edten\u00e9d az alv\u00e1sodat. N\u00e9h\u00e1ny napon bel\u00fcl k\u00e9zzelfoghat\u00f3 jelek jelennek meg: kev\u00e9sb\u00e9 neh\u00e9z \u00e9rz\u00e9s \u00e9bred\u00e9skor, jobb koncentr\u00e1ci\u00f3 a kulcsfontoss\u00e1g\u00fa id\u0151szakokban, \u00e9s jobban toler\u00e1lod a kudarcokat. Hetekig tart\u00f3 k\u00f6vetkezetess\u00e9ggel ez az \u00e9rz\u00e9s m\u00e9ly\u00fcl: a nap v\u00e9g\u00e9re felt\u00f6lt\u0151dve \u00e9rkezel meg, jobban \u00e9lvezed a szem\u00e9lyes pillanataidat, \u00e9s jelen vagy abban, amit csin\u00e1lsz.<\/p>\n\n\n\n<h2 class=\"wp-block-heading\">F\u00e9rfi vitalit\u00e1s \u00e9s j\u00f3ll\u00e9t: \u00e1tfog\u00f3 megk\u00f6zel\u00edt\u00e9s<\/h2>\n\n\n\n<p>Amikor a v\u00e9rkering\u00e9s aktiv\u00e1l\u00f3dik \u00e9s az elme tiszta, azt a munkahelyen, a hangulatban \u00e9s a mag\u00e1n\u00e9letben is \u00e9szreveszed. Ez nem egy \u201etr\u00fckk\u201d egy elszigetelt t\u00fcnetre, hanem ink\u00e1bb <strong>f\u00e9rfi eg\u00e9szs\u00e9g<\/strong> eg\u00e9sz\u00e9ben \u00e9rtelmezve: pihentet\u0151 alv\u00e1s, rendelkez\u00e9sre \u00e1ll\u00f3 energia, stabil hangulat \u00e9s nyugodt magabiztoss\u00e1g. Ez\u00e9rt illik a vitality tea egy \u00e1tfog\u00f3 wellness tervbe: t\u00e1mogatja azokat a folyamatokat, amelyeket a tested m\u00e1r ismer, \u00e9s seg\u00edt abban, hogy term\u00e9szetes m\u00f3don visszanyerd a legjobb form\u00e1dat.<\/p>\n\n\n\n<h2 class=\"wp-block-heading\">Biztons\u00e1g az els\u0151: term\u00e9szetes, krit\u00e9riumokkal<\/h2>\n\n\n\n<p>A \u201eterm\u00e9szetes\u201d nem azt jelenti, hogy \u201emindenkinek, mindig\u201d. Ha kezeletlen magas v\u00e9rnyom\u00e1sa, sz\u00edvbetegs\u00e9ge van, vagy gy\u00f3gyszert szed, konzult\u00e1ljon orvos\u00e1val, miel\u0151tt napi szok\u00e1ss\u00e1 tenn\u00e9 az inf\u00fazi\u00f3t. Az adagol\u00e1s \u00e9s az id\u0151z\u00edt\u00e9s m\u00f3dos\u00edt\u00e1sa is seg\u00edt: reggel, hogy beinduljon a motor; \u00e9jszaka t\u00e1vol, ha k\u00f6nnyen alszik. Hallgasson a test\u00e9re: ha egy kever\u00e9k t\u00fal intenz\u00edv az \u00d6n sz\u00e1m\u00e1ra, cs\u00f6kkentse a mennyis\u00e9get, vagy v\u00e1lasszon enyh\u00e9bb v\u00e1ltozatot. Fontos, hogy vigy\u00e1zzon mag\u00e1ra. <strong>illik<\/strong>, ne er\u0151ltesd meg magad.<\/p>\n\n\n\n<h2 class=\"wp-block-heading\">Egyszer\u0171 szok\u00e1sok, amelyek fokozz\u00e1k a hat\u00e1st<\/h2>\n\n\n\n<p>Nincs sz\u00fcks\u00e9ged forradalomra. Hidrat\u00e1lj a nap folyam\u00e1n, hogy seg\u00edtsd a v\u00e9rkering\u00e9sedet a dolg\u00e1ban. S\u00e9t\u00e1lj h\u00fasz percet, ak\u00e1r csak k\u00e9t alkalommal is; a mozg\u00e1s a legjobb p\u00e1rja a te\u00e1nak. V\u00e1lassz k\u00f6nnyebb vacsor\u00e1kat, \u00e9s lefekv\u00e9s el\u0151tt tomp\u00edtsd a k\u00e9perny\u0151 f\u00e9nyeit, hogy a pihen\u00e9sed a meg\u00e9rdemelt min\u0151s\u00e9get kapja. Ha tudod, l\u00e9legezz egy percet nyugodtan, amikor tev\u00e9kenys\u00e9get v\u00e1ltasz: ez egy reset gomb, ami kev\u00e9sbe ker\u00fcl, de sokat hoz. Ezek a gesztusok, az inf\u00fazi\u00f3val kombin\u00e1lva, egy... <strong>foly\u00e1sir\u00e1nyban<\/strong>: semmi hars\u00e1ny, hanem \u00e1lland\u00f3, ebben rejlik az azt fenntart\u00f3 er\u0151.<\/p>\n\n\n\n<h2 class=\"wp-block-heading\">Amit a teljes cikkben tal\u00e1lsz<\/h2>\n\n\n\n<p>A f\u0151 \u00fatmutat\u00f3ban l\u00e1tni fogja <strong>hogyan kell elk\u00e9sz\u00edteni<\/strong> l\u00e9p\u00e9sr\u0151l l\u00e9p\u00e9sre keverd \u00f6ssze an\u00e9lk\u00fcl, hogy bonyol\u00edtan\u00e1d magad, mi <strong>v\u00e1ltozatok<\/strong> V\u00e1lassz a c\u00e9ljaid (t\u00f6bb reggeli terhel\u00e9s, jobb v\u00e9rkering\u00e9s vagy nagyobb nyugalom) szerint, \u00e9s mit <strong>menetrendek<\/strong> t\u00f6bbet hoz, \u00e9s hogyan lehet azt integr\u00e1lni egy <strong>vitalit\u00e1s rutin<\/strong> amit an\u00e9lk\u00fcl tarthatsz fenn, hogy \u00fagy \u00e9rezn\u00e9d, feladod az \u00e9leted. Vil\u00e1gos mutat\u00f3kat tartalmazunk a halad\u00e1s \u00e9rt\u00e9kel\u00e9s\u00e9hez, aj\u00e1nl\u00e1sokat az adagol\u00e1s b\u00f6lcs be\u00e1ll\u00edt\u00e1s\u00e1hoz, \u00e9s egy egyszer\u0171 alkalmaz\u00e1st, amellyel... <strong>szok\u00e1sok \u00e9s receptek r\u00f6gz\u00edt\u00e9se<\/strong>, hogy a v\u00e1ltoz\u00e1s ne az eml\u00e9keken, hanem egy bar\u00e1ti tervben m\u00faljon, ami elk\u00eds\u00e9r.<\/p>\n\n\n\n<h2 class=\"wp-block-heading\">Kezdje m\u00e9g ma: egy cs\u00e9sze, egy d\u00f6nt\u00e9s<\/h2>\n\n\n\n<p>A t\u00f6k\u00e9letes pillanat nem elj\u00f6n mag\u00e1t\u00f3l, hanem megteremt\u0151dik. Pr\u00f3b\u00e1lj ki egy cs\u00e9sz\u00e9vel te\u00e1t reggel, egy kis testmozg\u00e1st, k\u00f6nnyebb vacsor\u00e1kat, \u00e9s kevesebb k\u00e9perny\u0151 el\u0151tt t\u00f6lt\u00f6tt id\u0151t este h\u00e9t napon kereszt\u00fcl, \u00e9s hagyd, hogy a tested megadja a v\u00e1laszt. Amikor az energi\u00e1d visszat\u00e9r, minden m\u00e1s megtal\u00e1lja a hely\u00e9t... \u00e9s az az \u00f6nbizalom, amir\u0151l hi\u00e1nyolt\u00e1l, visszat\u00e9r, felhajt\u00e1s n\u00e9lk\u00fcl, \u00e9s olyan eredm\u00e9nyekkel, amiket val\u00f3ban \u00e9rzel.<\/p>\n\n\n\n<p><\/p>\n\n\n\n<div class=\"wp-block-buttons is-content-justification-center is-layout-flex wp-container-core-buttons-layout-4 wp-block-buttons-is-layout-flex\">\n<div class=\"wp-block-button has-custom-width wp-block-button__width-75 has-custom-font-size is-style-fill has-medium-font-size\"><a class=\"wp-block-button__link has-white-color has-vivid-red-background-color has-text-color has-background has-link-color has-text-align-center wp-element-button\" href=\"https:\/\/rosstylepro.com\/hu\/3033\/te-de-vitalidad-energia-sostenida-y-confianza\/\" style=\"border-radius:10px;padding-top:10px;padding-right:10px;padding-bottom:10px;padding-left:10px\"><strong>FOLYTAT\u00c1S<\/strong><\/a><\/div>\n<\/div>\n\n\n\n<p><\/p>\n\n\n\n<p><\/p>","protected":false},"excerpt":{"rendered":"<p>\u00dagy \u00e9rzed, hogy hi\u00e1nyzik bel\u0151led a szikra az indul\u00e1shoz, \u00e9s a d\u00e9lut\u00e1n \u00fagy ereszkedik lefel\u00e9, mint egy v\u00e9gtelen hegy? Nem vagy egyed\u00fcl: a felgyorsult temp\u00f3, a stressz \u00e9s a rendszertelen pihen\u00e9s mind lemer\u00edtheti a bels\u0151 akkumul\u00e1torodat an\u00e9lk\u00fcl, hogy \u00e9szrevenn\u00e9d. A j\u00f3 h\u00edr az, hogy az \u00fajraind\u00edt\u00e1s\u00e1hoz nincs sz\u00fcks\u00e9g bonyolult formul\u00e1kra vagy lehetetlen v\u00e1ltoztat\u00e1sokra. Egy ritu\u00e1l\u00e9 [\u2026]<\/p>","protected":false},"author":128,"featured_media":3034,"comment_status":"closed","ping_status":"open","sticky":false,"template":"","format":"standard","meta":{"footnotes":""},"categories":[4],"tags":[693,1043,979,1048,1049,1038,1044,735],"yoast_head":"<!-- This site is optimized with the Yoast SEO plugin v23.3 - https:\/\/yoast.com\/wordpress\/plugins\/seo\/ -->\n<title>T\u00e9 de Vitalidad: energ\u00eda sostenida y confianza<\/title>\n<meta name=\"description\" content=\"T\u00e9 de vitalidad en clave natural: c\u00f3mo integrarlo, cu\u00e1ndo tomarlo y qu\u00e9 h\u00e1bitos lo potencian para recuperar energ\u00eda, claridad y ...\" \/>\n<meta name=\"robots\" content=\"index, follow, max-snippet:-1, max-image-preview:large, max-video-preview:-1\" \/>\n<link rel=\"canonical\" href=\"https:\/\/rosstylepro.com\/hu\/3033\/te-de-vitalidad-energia-sostenida-y-confianza\/\" \/>\n<link rel=\"next\" href=\"https:\/\/rosstylepro.com\/3033\/te-de-vitalidad-energia-sostenida-y-confianza\/2\/\" \/>\n<meta property=\"og:locale\" content=\"hu_HU\" \/>\n<meta property=\"og:type\" content=\"article\" \/>\n<meta property=\"og:title\" content=\"T\u00e9 de Vitalidad: energ\u00eda sostenida y confianza\" \/>\n<meta property=\"og:description\" content=\"T\u00e9 de vitalidad en clave natural: c\u00f3mo integrarlo, cu\u00e1ndo tomarlo y qu\u00e9 h\u00e1bitos lo potencian para recuperar energ\u00eda, claridad y ...\" \/>\n<meta property=\"og:url\" content=\"https:\/\/rosstylepro.com\/hu\/3033\/te-de-vitalidad-energia-sostenida-y-confianza\/\" \/>\n<meta property=\"og:site_name\" content=\"RosstylePRO\" \/>\n<meta property=\"article:published_time\" content=\"2025-08-14T18:59:45+00:00\" \/>\n<meta property=\"article:modified_time\" content=\"2025-08-14T19:01:50+00:00\" \/>\n<meta property=\"og:image\" content=\"https:\/\/rosstylepro.com\/wp-content\/uploads\/sites\/137\/2025\/08\/Design-sem-nome-11.png\" \/>\n\t<meta property=\"og:image:width\" content=\"550\" \/>\n\t<meta property=\"og:image:height\" content=\"350\" \/>\n\t<meta property=\"og:image:type\" content=\"image\/png\" \/>\n<meta name=\"author\" content=\"wildron\" \/>\n<meta name=\"twitter:card\" content=\"summary_large_image\" \/>\n<meta name=\"twitter:label1\" content=\"Written by\" \/>\n\t<meta name=\"twitter:data1\" content=\"wildron\" \/>\n\t<meta name=\"twitter:label2\" content=\"Est. reading time\" \/>\n\t<meta name=\"twitter:data2\" content=\"13 perc\" \/>\n<script type=\"application\/ld+json\" class=\"yoast-schema-graph\">{\"@context\":\"https:\/\/schema.org\",\"@graph\":[{\"@type\":\"WebPage\",\"@id\":\"https:\/\/rosstylepro.com\/3033\/te-de-vitalidad-energia-sostenida-y-confianza\/\",\"url\":\"https:\/\/rosstylepro.com\/3033\/te-de-vitalidad-energia-sostenida-y-confianza\/\",\"name\":\"T\u00e9 de Vitalidad: energ\u00eda sostenida y confianza\",\"isPartOf\":{\"@id\":\"https:\/\/rosstylepro.com\/en\/#website\"},\"primaryImageOfPage\":{\"@id\":\"https:\/\/rosstylepro.com\/3033\/te-de-vitalidad-energia-sostenida-y-confianza\/#primaryimage\"},\"image\":{\"@id\":\"https:\/\/rosstylepro.com\/3033\/te-de-vitalidad-energia-sostenida-y-confianza\/#primaryimage\"},\"thumbnailUrl\":\"https:\/\/rosstylepro.com\/wp-content\/uploads\/sites\/137\/2025\/08\/Design-sem-nome-11.png\",\"datePublished\":\"2025-08-14T18:59:45+00:00\",\"dateModified\":\"2025-08-14T19:01:50+00:00\",\"author\":{\"@id\":\"https:\/\/rosstylepro.com\/en\/#\/schema\/person\/76055186668d83cd745fe9d37a5eec26\"},\"description\":\"T\u00e9 de vitalidad en clave natural: c\u00f3mo integrarlo, cu\u00e1ndo tomarlo y qu\u00e9 h\u00e1bitos lo potencian para recuperar energ\u00eda, claridad y ...\",\"inLanguage\":\"hu\",\"potentialAction\":[{\"@type\":\"ReadAction\",\"target\":[\"https:\/\/rosstylepro.com\/3033\/te-de-vitalidad-energia-sostenida-y-confianza\/\"]}]},{\"@type\":\"ImageObject\",\"inLanguage\":\"hu\",\"@id\":\"https:\/\/rosstylepro.com\/3033\/te-de-vitalidad-energia-sostenida-y-confianza\/#primaryimage\",\"url\":\"https:\/\/rosstylepro.com\/wp-content\/uploads\/sites\/137\/2025\/08\/Design-sem-nome-11.png\",\"contentUrl\":\"https:\/\/rosstylepro.com\/wp-content\/uploads\/sites\/137\/2025\/08\/Design-sem-nome-11.png\",\"width\":550,\"height\":350},{\"@type\":\"WebSite\",\"@id\":\"https:\/\/rosstylepro.com\/en\/#website\",\"url\":\"https:\/\/rosstylepro.com\/en\/\",\"name\":\"RosstylePRO\",\"description\":\"\",\"potentialAction\":[{\"@type\":\"SearchAction\",\"target\":{\"@type\":\"EntryPoint\",\"urlTemplate\":\"https:\/\/rosstylepro.com\/en\/?s={search_term_string}\"},\"query-input\":\"required name=search_term_string\"}],\"inLanguage\":\"hu\"},{\"@type\":\"Person\",\"@id\":\"https:\/\/rosstylepro.com\/en\/#\/schema\/person\/76055186668d83cd745fe9d37a5eec26\",\"name\":\"wildron\",\"image\":{\"@type\":\"ImageObject\",\"inLanguage\":\"hu\",\"@id\":\"https:\/\/rosstylepro.com\/en\/#\/schema\/person\/image\/\",\"url\":\"https:\/\/secure.gravatar.com\/avatar\/c76514f6e618a9155e4cb169c8cb86d3?s=96&d=mm&r=g\",\"contentUrl\":\"https:\/\/secure.gravatar.com\/avatar\/c76514f6e618a9155e4cb169c8cb86d3?s=96&d=mm&r=g\",\"caption\":\"wildron\"},\"url\":\"https:\/\/rosstylepro.com\/hu\/author\/wildron\/\"}]}<\/script>\n<!-- \/ Yoast SEO plugin. -->","yoast_head_json":{"title":"T\u00e9 de Vitalidad: energ\u00eda sostenida y confianza","description":"T\u00e9 de vitalidad en clave natural: c\u00f3mo integrarlo, cu\u00e1ndo tomarlo y qu\u00e9 h\u00e1bitos lo potencian para recuperar energ\u00eda, claridad y ...","robots":{"index":"index","follow":"follow","max-snippet":"max-snippet:-1","max-image-preview":"max-image-preview:large","max-video-preview":"max-video-preview:-1"},"canonical":"https:\/\/rosstylepro.com\/hu\/3033\/te-de-vitalidad-energia-sostenida-y-confianza\/","next":"https:\/\/rosstylepro.com\/3033\/te-de-vitalidad-energia-sostenida-y-confianza\/2\/","og_locale":"hu_HU","og_type":"article","og_title":"T\u00e9 de Vitalidad: energ\u00eda sostenida y confianza","og_description":"T\u00e9 de vitalidad en clave natural: c\u00f3mo integrarlo, cu\u00e1ndo tomarlo y qu\u00e9 h\u00e1bitos lo potencian para recuperar energ\u00eda, claridad y ...","og_url":"https:\/\/rosstylepro.com\/hu\/3033\/te-de-vitalidad-energia-sostenida-y-confianza\/","og_site_name":"RosstylePRO","article_published_time":"2025-08-14T18:59:45+00:00","article_modified_time":"2025-08-14T19:01:50+00:00","og_image":[{"width":550,"height":350,"url":"https:\/\/rosstylepro.com\/wp-content\/uploads\/sites\/137\/2025\/08\/Design-sem-nome-11.png","type":"image\/png"}],"author":"wildron","twitter_card":"summary_large_image","twitter_misc":{"Written by":"wildron","Est. reading time":"13 perc"},"schema":{"@context":"https:\/\/schema.org","@graph":[{"@type":"WebPage","@id":"https:\/\/rosstylepro.com\/3033\/te-de-vitalidad-energia-sostenida-y-confianza\/","url":"https:\/\/rosstylepro.com\/3033\/te-de-vitalidad-energia-sostenida-y-confianza\/","name":"T\u00e9 de Vitalidad: energ\u00eda sostenida y confianza","isPartOf":{"@id":"https:\/\/rosstylepro.com\/en\/#website"},"primaryImageOfPage":{"@id":"https:\/\/rosstylepro.com\/3033\/te-de-vitalidad-energia-sostenida-y-confianza\/#primaryimage"},"image":{"@id":"https:\/\/rosstylepro.com\/3033\/te-de-vitalidad-energia-sostenida-y-confianza\/#primaryimage"},"thumbnailUrl":"https:\/\/rosstylepro.com\/wp-content\/uploads\/sites\/137\/2025\/08\/Design-sem-nome-11.png","datePublished":"2025-08-14T18:59:45+00:00","dateModified":"2025-08-14T19:01:50+00:00","author":{"@id":"https:\/\/rosstylepro.com\/en\/#\/schema\/person\/76055186668d83cd745fe9d37a5eec26"},"description":"T\u00e9 de vitalidad en clave natural: c\u00f3mo integrarlo, cu\u00e1ndo tomarlo y qu\u00e9 h\u00e1bitos lo potencian para recuperar energ\u00eda, claridad y ...","inLanguage":"hu","potentialAction":[{"@type":"ReadAction","target":["https:\/\/rosstylepro.com\/3033\/te-de-vitalidad-energia-sostenida-y-confianza\/"]}]},{"@type":"ImageObject","inLanguage":"hu","@id":"https:\/\/rosstylepro.com\/3033\/te-de-vitalidad-energia-sostenida-y-confianza\/#primaryimage","url":"https:\/\/rosstylepro.com\/wp-content\/uploads\/sites\/137\/2025\/08\/Design-sem-nome-11.png","contentUrl":"https:\/\/rosstylepro.com\/wp-content\/uploads\/sites\/137\/2025\/08\/Design-sem-nome-11.png","width":550,"height":350},{"@type":"WebSite","@id":"https:\/\/rosstylepro.com\/en\/#website","url":"https:\/\/rosstylepro.com\/en\/","name":"RosstylePRO","description":"","potentialAction":[{"@type":"SearchAction","target":{"@type":"EntryPoint","urlTemplate":"https:\/\/rosstylepro.com\/en\/?s={search_term_string}"},"query-input":"required name=search_term_string"}],"inLanguage":"hu"},{"@type":"Person","@id":"https:\/\/rosstylepro.com\/en\/#\/schema\/person\/76055186668d83cd745fe9d37a5eec26","name":"wildron","image":{"@type":"ImageObject","inLanguage":"hu","@id":"https:\/\/rosstylepro.com\/en\/#\/schema\/person\/image\/","url":"https:\/\/secure.gravatar.com\/avatar\/c76514f6e618a9155e4cb169c8cb86d3?s=96&d=mm&r=g","contentUrl":"https:\/\/secure.gravatar.com\/avatar\/c76514f6e618a9155e4cb169c8cb86d3?s=96&d=mm&r=g","caption":"wildron"},"url":"https:\/\/rosstylepro.com\/hu\/author\/wildron\/"}]}},"_links":{"self":[{"href":"https:\/\/rosstylepro.com\/hu\/wp-json\/wp\/v2\/posts\/3033"}],"collection":[{"href":"https:\/\/rosstylepro.com\/hu\/wp-json\/wp\/v2\/posts"}],"about":[{"href":"https:\/\/rosstylepro.com\/hu\/wp-json\/wp\/v2\/types\/post"}],"author":[{"embeddable":true,"href":"https:\/\/rosstylepro.com\/hu\/wp-json\/wp\/v2\/users\/128"}],"replies":[{"embeddable":true,"href":"https:\/\/rosstylepro.com\/hu\/wp-json\/wp\/v2\/comments?post=3033"}],"version-history":[{"count":3,"href":"https:\/\/rosstylepro.com\/hu\/wp-json\/wp\/v2\/posts\/3033\/revisions"}],"predecessor-version":[{"id":3038,"href":"https:\/\/rosstylepro.com\/hu\/wp-json\/wp\/v2\/posts\/3033\/revisions\/3038"}],"wp:featuredmedia":[{"embeddable":true,"href":"https:\/\/rosstylepro.com\/hu\/wp-json\/wp\/v2\/media\/3034"}],"wp:attachment":[{"href":"https:\/\/rosstylepro.com\/hu\/wp-json\/wp\/v2\/media?parent=3033"}],"wp:term":[{"taxonomy":"category","embeddable":true,"href":"https:\/\/rosstylepro.com\/hu\/wp-json\/wp\/v2\/categories?post=3033"},{"taxonomy":"post_tag","embeddable":true,"href":"https:\/\/rosstylepro.com\/hu\/wp-json\/wp\/v2\/tags?post=3033"}],"curies":[{"name":"wp","href":"https:\/\/api.w.org\/{rel}","templated":true}]}}