{"id":3589,"date":"2025-12-03T18:34:54","date_gmt":"2025-12-03T18:34:54","guid":{"rendered":"https:\/\/rosstylepro.com\/?p=3589"},"modified":"2025-12-03T18:35:24","modified_gmt":"2025-12-03T18:35:24","slug":"nuevas-fechas-de-pago-bienestar-2","status":"publish","type":"post","link":"https:\/\/rosstylepro.com\/pl\/3589\/nuevas-fechas-de-pago-bienestar-2\/","title":{"rendered":"Nowe daty p\u0142atno\u015bci Dobrobyt"},"content":{"rendered":"<p>Kiedy polegasz na <strong>Emerytura socjalna<\/strong> lub program\u00f3w socjalnych w celu uzupe\u0142nienia zapas\u00f3w \u017cywno\u015bci, op\u0142acenia lek\u00f3w lub wsparcia rodziny, <strong>Nowe daty wyp\u0142at \u015bwiadcze\u0144 socjalnych<\/strong> Nie s\u0105 to po prostu kolejne rz\u0105dowe og\u0142oszenia: to dni, w kt\u00f3rych tw\u00f3j miesi\u0105c si\u0119 zaczyna albo ko\u0144czy. <\/p>\n\n\n\n<p>Niewielka zmiana w kalendarzu mo\u017ce sprawi\u0107, \u017ce spokojnie dotrwasz do ko\u0144ca dwumiesi\u0119cznego okresu... albo sp\u0119dzisz tygodnie na proszeniu o kredyt, poniewa\u017c zaliczka nie dotar\u0142a w oczekiwanym terminie.<\/p>\n\n\n\n<p><\/p>\n\n\n\n<p><\/p>\n\n\n\n<p><\/p>\n\n\n\n<p><\/p>\n\n\n\n<p>W 2025 roku Ministerstwo Opieki Spo\u0142ecznej ponownie opublikowa\u0142o <strong>oficjalny harmonogram p\u0142atno\u015bci<\/strong> Dwumiesi\u0119cznie, z zachowaniem schematu dystrybucji pieni\u0119dzy w szerokim zakresie dni i roz\u0142o\u017conym w czasie wed\u0142ug nazwiska. Na przyk\u0142ad, dwumiesi\u0119czna wyp\u0142ata od listopada do grudnia jest dokonywana <strong>3-27 listopada<\/strong>i jest to ostatnia wp\u0142ata w roku na rzecz emerytur i program\u00f3w takich jak: \u015bwiadczenia dla senior\u00f3w, os\u00f3b niepe\u0142nosprawnych, \u015bwiadcze\u0144 dla kobiet i pracuj\u0105cych matek.<\/p>\n\n\n\n<p>Problem polega na tym, \u017ce wiele os\u00f3b widzi jedynie fraz\u0119 \u201ep\u0142atno\u015bci ju\u017c si\u0119 rozpocz\u0119\u0142y\u201d i nie sprawdza szczeg\u00f3\u0142\u00f3w faktycznej daty p\u0142atno\u015bci. Ta r\u00f3\u017cnica mi\u0119dzy og\u00f3lnymi ramami czasowymi a konkretn\u0105 dat\u0105 powoduje zamieszanie, niepotrzebne kolejki i wiele niepokoju. Dlatego zrozumienie, jak te [p\u0142atno\u015bci] s\u0105 zorganizowane, jest kluczowe. <strong>Nowe daty wyp\u0142at \u015bwiadcze\u0144 socjalnych<\/strong> To pilne, je\u015bli chcesz przesta\u0107 \u017cy\u0107 dwumiesi\u0119cznie za dwumiesi\u0119cznikiem czekaj\u0105c na plotki.<\/p>\n\n\n\n<p><\/p>\n\n\n\n<p><\/p>\n\n\n\n<p><\/p>\n\n\n\n<p><\/p>\n\n\n\n<h3 class=\"wp-block-heading\">Co nowego w kalendarzu Wellness<\/h3>\n\n\n\n<p>Ministerstwo Opieki Spo\u0142ecznej co roku publikuje dwumiesi\u0119czny kalendarz z przybli\u017conymi terminami wyp\u0142at emerytur i innych program\u00f3w. W 2025 roku utrzymano dwumiesi\u0119czny harmonogram wp\u0142at, pocz\u0105wszy od wyp\u0142aty w styczniu (odpowiadaj\u0105cej pierwszemu dwumiesi\u0119cznemu okresowi roku) i kontynuuj\u0105c go w stosunkowo regularnym tempie w kolejnych dwumiesi\u0119cznych okresach.<\/p>\n\n\n\n<p>Zmiany, kt\u00f3re zachodz\u0105 i kt\u00f3re pojawiaj\u0105 si\u0119 w nag\u0142\u00f3wkach dotycz\u0105cych \u201enowych termin\u00f3w p\u0142atno\u015bci\u201d, dotycz\u0105 g\u0142\u00f3wnie trzech rzeczy:<\/p>\n\n\n\n<ul>\n<li>Dok\u0142adne zakresy dni dla ka\u017cdego dwumiesi\u0119cznego okresu.<\/li>\n\n\n\n<li>Podzia\u0142 wed\u0142ug nazwiska w tych zakresach.<\/li>\n\n\n\n<li>Specjalne dostosowania wynikaj\u0105ce z kwestii wyborczych, operacyjnych lub pogodowych, kt\u00f3re mog\u0105 spowodowa\u0107 przyspieszenie lub koncentracj\u0119 wyp\u0142at w niekt\u00f3rych miesi\u0105cach.<\/li>\n<\/ul>\n\n\n\n<p>Na przyk\u0142ad w roku 2025 okres wrzesie\u0144-pa\u017adziernik by\u0142 op\u0142acany z <strong>1-25 wrze\u015bnia<\/strong>podczas gdy okres listopad-grudzie\u0144 koncentruje si\u0119 w <strong>3-27 listopada<\/strong>W obu przypadkach pieni\u0105dze docieraj\u0105 za po\u015brednictwem <strong>Welfare Bank<\/strong>, bezpo\u015brednio na kart\u0119 i nie wszystko tego samego dnia.<\/p>\n\n\n\n<p>Wiedza o tym, \u017ce p\u0142atno\u015b\u0107 mie\u015bci si\u0119 w pewnym przedziale, jest pomocna, ale to nie wystarczy: tak naprawd\u0119 trzeba zrozumie\u0107, jak ten przedzia\u0142 rozk\u0142ada si\u0119 na miliony beneficjent\u00f3w.<\/p>\n\n\n\n<h3 class=\"wp-block-heading\">W jaki spos\u00f3b nowe daty s\u0105 przydzielane wed\u0142ug nazwisk?<\/h3>\n\n\n\n<p>Najbardziej praktycznym sposobem organizacji opieki spo\u0142ecznej dla milion\u00f3w ludzi jest wykorzystanie <strong>pierwsza litera pierwszego nazwiska<\/strong> jako filtr. To nic nowego, ale jest modyfikowane co dwa miesi\u0105ce: dni przypisane s\u0105 do A, B, C, inne do D, E, F i tak dalej, a\u017c do Z. Ten uk\u0142ad r\u00f3\u017cni si\u0119 nieznacznie w zale\u017cno\u015bci od stanu i programu, ale generalnie dzia\u0142a zgodnie z t\u0105 sam\u0105 logik\u0105.<\/p>\n\n\n\n<p>Aby to zobrazowa\u0107, wyobra\u017amy sobie uproszczony schemat, taki jak ten (nie jest to oficjalny kalendarz, ale odzwierciedla wz\u00f3r powtarzaj\u0105cy si\u0119 w wielu og\u0142oszeniach):<\/p>\n\n\n\n<figure class=\"wp-block-table\"><table><thead><tr><th>Inicja\u0142 pierwszego nazwiska<\/th><th>Typowy czas w okresie p\u0142atno\u015bci<\/th><\/tr><\/thead><tbody><tr><td>A \u2013 D<\/td><td>Pierwsze dni oficjalnej rangi<\/td><\/tr><tr><td>E \u2013 H<\/td><td>Pierwsza cz\u0119\u015b\u0107 \u015bredniozaawansowana<\/td><\/tr><tr><td>JESTEM<\/td><td>W po\u0142owie kalendarza<\/td><\/tr><tr><td>N \u2013 R<\/td><td>Druga cz\u0119\u015b\u0107 \u015bredniozaawansowana<\/td><\/tr><tr><td>S \u2013 Z<\/td><td>Zamkni\u0119cie okresu p\u0142atno\u015bci<\/td><\/tr><\/tbody><\/table><\/figure>\n\n\n\n<p>W praktyce oznacza to, \u017ce dwie osoby z tej samej okolicy, z t\u0105 sam\u0105 emerytur\u0105, mog\u0105 otrzyma\u0107 swoj\u0105 wp\u0142at\u0119 w odst\u0119pie kilku dni tylko dlatego, \u017ce maj\u0105 r\u00f3\u017cne nazwiska. Je\u015bli b\u0119dziesz polega\u0107 na mentalno\u015bci \u201em\u00f3j s\u0105siad ju\u017c to dosta\u0142\u201d, prawie na pewno ucierpisz bardziej, ni\u017c powiniene\u015b.<\/p>\n\n\n\n<p>Ten <strong>Nowe daty wyp\u0142at \u015bwiadcze\u0144 socjalnych<\/strong> Informacje o ka\u017cdym semestrze s\u0105 zawsze uzupe\u0142nione szczeg\u00f3\u0142ow\u0105 tabel\u0105 uporz\u0105dkowan\u0105 wed\u0142ug nazwisk. Twoim pierwszym zadaniem po ka\u017cdym og\u0142oszeniu nowego semestru powinno by\u0107 znalezienie tej tabeli, odnalezienie swojej litery i zapisanie swojego dnia, a nie czyjego\u015b innego.<\/p>\n\n\n\n<h3 class=\"wp-block-heading\">Kt\u00f3re programy s\u0105 p\u0142atne w tych nowych terminach?<\/h3>\n\n\n\n<p>Kiedy og\u0142aszane s\u0105 daty wyp\u0142at, nie chodzi tylko o sam\u0105 emerytur\u0119, ale o ca\u0142y pakiet. <strong>Programy socjalne<\/strong> wyp\u0142acane w tym samym czasie. W ostatnich dw\u00f3ch miesi\u0105cach przedzia\u0142y wynagrodze\u0144 obejmowa\u0142y mi\u0119dzy innymi:<\/p>\n\n\n\n<ul>\n<li>Emerytura dla Dobrostanu Os\u00f3b Starszych.<\/li>\n\n\n\n<li>Emerytura dla os\u00f3b niepe\u0142nosprawnych.<\/li>\n\n\n\n<li>Emerytura socjalna dla kobiet (dla kobiet w wieku od 60 do 64 lat, z dop\u0142at\u0105 3000 pesos co dwa miesi\u0105ce).<\/li>\n\n\n\n<li>Wsparcie dla dzieci pracuj\u0105cych matek.<\/li>\n<\/ul>\n\n\n\n<p>Emerytury dla os\u00f3b starszych b\u0119d\u0105 wyp\u0142acane w 2025 r. <strong>6200 pesos co dwa miesi\u0105ce<\/strong>, osoby niepe\u0142nosprawne <strong>3200 pesos<\/strong>, podczas gdy Women&#039;s Wellbeing zapewnia <strong>3000 pesos<\/strong> na okres dw\u00f3ch miesi\u0119cy, a wsparcie dla pracuj\u0105cych matek waha si\u0119 od <strong>1650 pesos<\/strong> od teraz, w zale\u017cno\u015bci od okoliczno\u015bci.<\/p>\n\n\n\n<p>Wszystkie te p\u0142atno\u015bci nap\u0142ywaj\u0105 w tych samych terminach, ale niekoniecznie tego samego dnia dla ka\u017cdego beneficjenta. Dlatego, gdy us\u0142yszysz \u201eWyp\u0142aty z pomocy spo\u0142ecznej si\u0119 rozpocz\u0119\u0142y\u201d, pami\u0119taj, \u017ce dotyczy to kilku program\u00f3w i wielu nazwisk roz\u0142o\u017conych na r\u00f3\u017cne tygodnie.<\/p>\n\n\n\n<h3 class=\"wp-block-heading\">Co si\u0119 stanie z osobami, kt\u00f3re zarejestrowa\u0142y si\u0119 niedawno?<\/h3>\n\n\n\n<p>Kolejne cz\u0119ste pytanie, kt\u00f3re zadaje si\u0119, gdy wychodz\u0105 <strong>Nowe daty wyp\u0142at \u015bwiadcze\u0144 socjalnych<\/strong> Pytanie brzmi: \u201eZarejestrowa\u0142em si\u0119 w sierpniu, czy otrzymam p\u0142atno\u015b\u0107 w tym okresie rozliczeniowym?\u201d. Odpowied\u017a, prawie zawsze, brzmi, \u017ce nowo zarejestrowani u\u017cytkownicy musz\u0105 poczeka\u0107, a\u017c ich karta Banco del Bienestar b\u0119dzie gotowa i aktywowana, zanim otrzymaj\u0105 pierwsz\u0105 wp\u0142at\u0119.<\/p>\n\n\n\n<p>W dwumiesi\u0119cznych okresach 2025 roku powtarza si\u0119 ta sama wiadomo\u015b\u0107: w rejestrze pojawiaj\u0105 si\u0119 osoby, kt\u00f3re zarejestrowa\u0142y si\u0119 w ostatnim okresie, ale <strong>Nie otrzymuj\u0105 zap\u0142aty od razu<\/strong>Najpierw otrzymuj\u0105 kart\u0119, a nast\u0119pnie wprowadzaj\u0105 kolejny harmonogram sp\u0142at.<\/p>\n\n\n\n<p>By\u0142o to bardzo widoczne w przypadku <strong>Dobrostan kobiet<\/strong>nowi beneficjenci w wieku 60-62 lat, kt\u00f3rzy zarejestrowali si\u0119 w sierpniu, zacz\u0119li otrzymywa\u0107 p\u0142atno\u015bci w konkretnych datach og\u0142aszanych p\u00f3\u017aniej, r\u00f3wnie\u017c wed\u0142ug nazwiska.<\/p>\n\n\n\n<p>Je\u017celi Ty lub cz\u0142onek Twojej rodziny w\u0142a\u015bnie si\u0119 zarejestrowali\u015bcie, najlepiej sprawdzi\u0107:<\/p>\n\n\n\n<ul>\n<li>Je\u015bli dostarczyli ju\u017c kart\u0119 Banco del Bienestar.<\/li>\n\n\n\n<li>Czy dane w modu\u0142ach lub na infoliniach wy\u015bwietlaj\u0105 si\u0119 prawid\u0142owo.<\/li>\n<\/ul>\n\n\n\n<p>Dopiero p\u00f3\u017aniej warto martwi\u0107 si\u0119 o dok\u0142adn\u0105 dat\u0119 pierwszej wp\u0142aty.<\/p>\n\n\n\n<h3 class=\"wp-block-heading\">Jak potwierdzi\u0107 dat\u0119 \u015blubu bez polegania na plotkach<\/h3>\n\n\n\n<p>Ten <strong>Nowe daty wyp\u0142at \u015bwiadcze\u0144 socjalnych<\/strong> S\u0105 one zawsze publikowane w pierwszej kolejno\u015bci w oficjalnych kana\u0142ach: komunikatach prasowych Ministerstwa Opieki Spo\u0142ecznej, na stronach internetowych rz\u0105dowych i zweryfikowanych kontach w mediach spo\u0142eczno\u015bciowych. Niekt\u00f3re stany udost\u0119pniaj\u0105 te informacje r\u00f3wnie\u017c na lokalnych stronach internetowych, tak jak zrobi\u0142 to stan Meksyk, kt\u00f3ry opublikowa\u0142 szczeg\u00f3\u0142owy harmonogram i kwoty wyp\u0142at dla swoich emeryt\u00f3w.<\/p>\n\n\n\n<p>Najbezpieczniej jest zawsze post\u0119powa\u0107 zgodnie z poni\u017cszymi krokami:<\/p>\n\n\n\n<ol>\n<li>Zobacz oficjalne o\u015bwiadczenie dotycz\u0105ce okresu dw\u00f3ch miesi\u0119cy (gob.mx\/bienestar lub portale stanowe).<\/li>\n\n\n\n<li>Przeszukaj tabel\u0119 wed\u0142ug litery nazwiska, aby znale\u017a\u0107 konkretny program.<\/li>\n\n\n\n<li>W razie potrzeby nale\u017cy potwierdzi\u0107 to w module ds. pomocy spo\u0142ecznej lub dzwoni\u0105c na infolini\u0119 pa\u0144stwow\u0105.<\/li>\n<\/ol>\n\n\n\n<p>Ka\u017cda wiadomo\u015b\u0107 na WhatsAppie, film na TikToku czy post w mediach spo\u0142eczno\u015bciowych, w kt\u00f3rym wspomniano o zmianie daty, ale kt\u00f3ry nie jest zgodny z oficjalnymi kana\u0142ami, powinna by\u0107 traktowana z dystansem. W ostatnich miesi\u0105cach kr\u0105\u017cy\u0142y plotki o rzekomych dodatkowych p\u0142atno\u015bciach, specjalnych bonusach lub podw\u00f3jnych depozytach, kt\u00f3re samo Ministerstwo zdementowa\u0142o.<\/p>\n\n\n\n<p>Twoja stabilno\u015b\u0107 nie mo\u017ce zale\u017ce\u0107 od anonimowego nagrania audio. Za ka\u017cdym razem, gdy zmieniasz plany z powodu plotek, ryzykujesz, \u017ce wydasz za wcze\u015bnie lub przegapisz p\u0142atno\u015bci, my\u015bl\u0105c, \u017ce pieni\u0105dze dotr\u0105 jutro\u2026 podczas gdy w rzeczywisto\u015bci termin p\u0142atno\u015bci przypada na przysz\u0142y tydzie\u0144.<\/p>\n\n\n\n<h3 class=\"wp-block-heading\">Co zrobi\u0107, je\u015bli termin nadejdzie, a Ty nie zobaczysz zaliczki<\/h3>\n\n\n\n<p>Nawet z kalendarzem w r\u0119ku mo\u017ce si\u0119 zdarzy\u0107, \u017ce nadejdzie dzie\u0144 p\u0142atno\u015bci, sprawdzisz saldo i nie zobaczysz wp\u0142aty. Zanim wpadniesz w panik\u0119, warto przypomnie\u0107 sobie, jak dzia\u0142aj\u0105 dyspozycje:<\/p>\n\n\n\n<ul>\n<li>Wp\u0142aty dokonywane s\u0105 przez ca\u0142y dzie\u0144, niekoniecznie wcze\u015bnie rano.<\/li>\n\n\n\n<li>Pieni\u0105dze trafiaj\u0105 bezpo\u015brednio do <strong>Karta Welfare Bank<\/strong>Nie musisz i\u015b\u0107 do okienka kasowego tego samego dnia; \u015brodki pozostan\u0105 bezpieczne na koncie a\u017c do momentu ich wyp\u0142aty.<\/li>\n<\/ul>\n\n\n\n<p>Je\u015bli do ko\u0144ca dnia Twoja p\u0142atno\u015b\u0107 nadal nie zosta\u0142a zaksi\u0119gowana:<\/p>\n\n\n\n<ol>\n<li>Sprawd\u017a dok\u0142adnie, czy Twoje nazwisko i program zgadzaj\u0105 si\u0119 z dat\u0105, kt\u00f3r\u0105 my\u015bla\u0142e\u015b.<\/li>\n\n\n\n<li>Sprawd\u017a, czy pojawi\u0142y si\u0119 jakie\u015b ostrze\u017cenia o awariach technicznych lub czy w ostatniej chwili wprowadzono jakie\u015b zmiany.<\/li>\n\n\n\n<li>Udaj si\u0119 do modu\u0142u ds. opieki spo\u0142ecznej lub zadzwo\u0144 na infolini\u0119, maj\u0105c pod r\u0119k\u0105 sw\u00f3j CURP, kart\u0119 i dokument to\u017csamo\u015bci.<\/li>\n<\/ol>\n\n\n\n<p>Wa\u017cne jest, aby nie po\u017cycza\u0107 swojej karty ani kodu PIN nikomu, kto oferuje \u201esprawdzenie\u201d Twojego konta, ani nie p\u0142aci\u0107 rzekomym agentom, kt\u00f3rzy obiecuj\u0105 szybsze wyp\u0142acenie depozytu. Nikt poza Departamentem Opieki Spo\u0142ecznej i Bankiem nie ma takich uprawnie\u0144.<\/p>\n\n\n<div class=\"wp-block-image\">\n<figure class=\"aligncenter size-full\"><img fetchpriority=\"high\" decoding=\"async\" width=\"550\" height=\"350\" src=\"https:\/\/rosstylepro.com\/wp-content\/uploads\/sites\/137\/2025\/12\/Design-sem-nome.png\" alt=\"Nuevas fechas de pago Bienestar\" class=\"wp-image-3590\" srcset=\"https:\/\/rosstylepro.com\/wp-content\/uploads\/sites\/137\/2025\/12\/Design-sem-nome.png 550w, https:\/\/rosstylepro.com\/wp-content\/uploads\/sites\/137\/2025\/12\/Design-sem-nome-300x191.png 300w, https:\/\/rosstylepro.com\/wp-content\/uploads\/sites\/137\/2025\/12\/Design-sem-nome-18x12.png 18w\" sizes=\"(max-width: 550px) 100vw, 550px\" \/><figcaption class=\"wp-element-caption\">Nowe daty p\u0142atno\u015bci Dobrobyt<\/figcaption><\/figure><\/div>\n\n\n<h3 class=\"wp-block-heading\">Skorzystaj z nowych termin\u00f3w p\u0142atno\u015bci, aby lepiej zaplanowa\u0107 miesi\u0105c<\/h3>\n\n\n\n<p>Wiedz\u0105c, \u017ce p\u0142atno\u015b\u0107 dwumiesi\u0119czna b\u0119dzie dokonywana np. <strong>3-27 listopada<\/strong> lub z <strong>1-25 wrze\u015bnia<\/strong> To nie tylko ciekawostka; to narz\u0119dzie do organizacji wydatk\u00f3w. Je\u015bli wiesz, \u017ce Twoje nazwisko zazwyczaj znajduje si\u0119 na pocz\u0105tku przedzia\u0142u, mo\u017cesz zaplanowa\u0107 wi\u0119ksze p\u0142atno\u015bci w tych dniach. Je\u015bli Twoje nazwisko wypada pod koniec przedzia\u0142u, powiniene\u015b by\u0107 jeszcze bardziej ostro\u017cny z wydatkami w tygodniach poprzedzaj\u0105cych ten przedzia\u0142.<\/p>\n\n\n\n<p>Prostym sposobem na uzyskanie kontroli jest zapisywanie co dwa miesi\u0105ce dok\u0142adnej daty zaksi\u0119gowania wp\u0142aty. Po kilku cyklach b\u0119dziesz mie\u0107 sw\u00f3j w\u0142asny, osobisty zapis. <strong>terminy p\u0142atno\u015bci Dobrobyt<\/strong>To pozwoli Ci:<\/p>\n\n\n\n<ul>\n<li>Aby dowiedzie\u0107 si\u0119, czy \u201eop\u00f3\u017anienie\u201d mie\u015bci si\u0119 w normie, czy nie.<\/li>\n\n\n\n<li>Negocjuj z osobami pobieraj\u0105cymi czynsze, us\u0142ugi i drobne d\u0142ugi z wi\u0119ksz\u0105 pewno\u015bci\u0105 siebie.<\/li>\n\n\n\n<li>Lepsze podejmowanie decyzji, kiedy dokona\u0107 wi\u0119kszych zakup\u00f3w lub um\u00f3wi\u0107 si\u0119 na wizyt\u0119 lekarsk\u0105.<\/li>\n<\/ul>\n\n\n\n<p>Nowe terminy p\u0142atno\u015bci Bienestar b\u0119d\u0105 si\u0119 zmienia\u0107 co roku, dostosowuj\u0105c si\u0119 do wybor\u00f3w, \u015bwi\u0105t i szczeg\u00f3\u0142\u00f3w operacyjnych. To, co nie powinno si\u0119 zmienia\u0107, to spos\u00f3b, w jaki do nich podchodzisz: z oficjalnymi informacjami, uporz\u0105dkowan\u0105 dokumentacj\u0105 i podstawowym planem, aby ka\u017cda wp\u0142ata nie by\u0142a chwilow\u0105 ulg\u0105, ale elementem nieco bardziej zorganizowanego \u017cycia.<\/p>","protected":false},"excerpt":{"rendered":"<p>Je\u015bli polegasz na emeryturze lub programach socjalnych, aby uzupe\u0142ni\u0107 spi\u017carni\u0119, zap\u0142aci\u0107 za leki lub wesprze\u0107 rodzin\u0119, nowe daty wyp\u0142aty \u015bwiadcze\u0144 socjalnych nie s\u0105 tylko kolejnym rz\u0105dowym og\u0142oszeniem: s\u0105 dniem, w kt\u00f3rym Tw\u00f3j miesi\u0105c zaczyna si\u0119 lub za\u0142amuje. Niewielka zmiana w kalendarzu [...]<\/p>","protected":false},"author":128,"featured_media":3590,"comment_status":"closed","ping_status":"open","sticky":false,"template":"","format":"standard","meta":{"footnotes":""},"categories":[4],"tags":[55,1274,1275],"yoast_head":"<!-- This site is optimized with the Yoast SEO plugin v23.3 - https:\/\/yoast.com\/wordpress\/plugins\/seo\/ -->\n<title>Nuevas fechas de pago Bienestar<\/title>\n<meta name=\"description\" content=\"Nuevas fechas de pago Bienestar: lo que cambia y c\u00f3mo organizarte, Cuando dependes de la Pensi\u00f3n para el Bienestar o de los programas socia...\" \/>\n<meta name=\"robots\" content=\"index, follow, max-snippet:-1, max-image-preview:large, max-video-preview:-1\" \/>\n<link rel=\"canonical\" href=\"https:\/\/rosstylepro.com\/pl\/3589\/nuevas-fechas-de-pago-bienestar-2\/\" \/>\n<meta property=\"og:locale\" content=\"pl_PL\" \/>\n<meta property=\"og:type\" content=\"article\" \/>\n<meta property=\"og:title\" content=\"Nuevas fechas de pago Bienestar\" \/>\n<meta property=\"og:description\" content=\"Nuevas fechas de pago Bienestar: lo que cambia y c\u00f3mo organizarte, Cuando dependes de la Pensi\u00f3n para el Bienestar o de los programas socia...\" \/>\n<meta property=\"og:url\" content=\"https:\/\/rosstylepro.com\/pl\/3589\/nuevas-fechas-de-pago-bienestar-2\/\" \/>\n<meta property=\"og:site_name\" content=\"RosstylePRO\" \/>\n<meta property=\"article:published_time\" content=\"2025-12-03T18:34:54+00:00\" \/>\n<meta property=\"article:modified_time\" content=\"2025-12-03T18:35:24+00:00\" \/>\n<meta property=\"og:image\" content=\"https:\/\/rosstylepro.com\/wp-content\/uploads\/sites\/137\/2025\/12\/Design-sem-nome.png\" \/>\n\t<meta property=\"og:image:width\" content=\"550\" \/>\n\t<meta property=\"og:image:height\" content=\"350\" \/>\n\t<meta property=\"og:image:type\" content=\"image\/png\" \/>\n<meta name=\"author\" content=\"wildron\" \/>\n<meta name=\"twitter:card\" content=\"summary_large_image\" \/>\n<meta name=\"twitter:label1\" content=\"Written by\" \/>\n\t<meta name=\"twitter:data1\" content=\"wildron\" \/>\n\t<meta name=\"twitter:label2\" content=\"Est. reading time\" \/>\n\t<meta name=\"twitter:data2\" content=\"10 minut\" \/>\n<script type=\"application\/ld+json\" class=\"yoast-schema-graph\">{\"@context\":\"https:\/\/schema.org\",\"@graph\":[{\"@type\":\"WebPage\",\"@id\":\"https:\/\/rosstylepro.com\/3589\/nuevas-fechas-de-pago-bienestar-2\/\",\"url\":\"https:\/\/rosstylepro.com\/3589\/nuevas-fechas-de-pago-bienestar-2\/\",\"name\":\"Nuevas fechas de pago Bienestar\",\"isPartOf\":{\"@id\":\"https:\/\/rosstylepro.com\/en\/#website\"},\"primaryImageOfPage\":{\"@id\":\"https:\/\/rosstylepro.com\/3589\/nuevas-fechas-de-pago-bienestar-2\/#primaryimage\"},\"image\":{\"@id\":\"https:\/\/rosstylepro.com\/3589\/nuevas-fechas-de-pago-bienestar-2\/#primaryimage\"},\"thumbnailUrl\":\"https:\/\/rosstylepro.com\/wp-content\/uploads\/sites\/137\/2025\/12\/Design-sem-nome.png\",\"datePublished\":\"2025-12-03T18:34:54+00:00\",\"dateModified\":\"2025-12-03T18:35:24+00:00\",\"author\":{\"@id\":\"https:\/\/rosstylepro.com\/en\/#\/schema\/person\/76055186668d83cd745fe9d37a5eec26\"},\"description\":\"Nuevas fechas de pago Bienestar: lo que cambia y c\u00f3mo organizarte, Cuando dependes de la Pensi\u00f3n para el Bienestar o de los programas socia...\",\"breadcrumb\":{\"@id\":\"https:\/\/rosstylepro.com\/3589\/nuevas-fechas-de-pago-bienestar-2\/#breadcrumb\"},\"inLanguage\":\"pl-PL\",\"potentialAction\":[{\"@type\":\"ReadAction\",\"target\":[\"https:\/\/rosstylepro.com\/3589\/nuevas-fechas-de-pago-bienestar-2\/\"]}]},{\"@type\":\"ImageObject\",\"inLanguage\":\"pl-PL\",\"@id\":\"https:\/\/rosstylepro.com\/3589\/nuevas-fechas-de-pago-bienestar-2\/#primaryimage\",\"url\":\"https:\/\/rosstylepro.com\/wp-content\/uploads\/sites\/137\/2025\/12\/Design-sem-nome.png\",\"contentUrl\":\"https:\/\/rosstylepro.com\/wp-content\/uploads\/sites\/137\/2025\/12\/Design-sem-nome.png\",\"width\":550,\"height\":350},{\"@type\":\"BreadcrumbList\",\"@id\":\"https:\/\/rosstylepro.com\/3589\/nuevas-fechas-de-pago-bienestar-2\/#breadcrumb\",\"itemListElement\":[{\"@type\":\"ListItem\",\"position\":1,\"name\":\"Home\",\"item\":\"https:\/\/rosstylepro.com\/\"},{\"@type\":\"ListItem\",\"position\":2,\"name\":\"Nuevas fechas de pago Bienestar\"}]},{\"@type\":\"WebSite\",\"@id\":\"https:\/\/rosstylepro.com\/en\/#website\",\"url\":\"https:\/\/rosstylepro.com\/en\/\",\"name\":\"RosstylePRO\",\"description\":\"\",\"potentialAction\":[{\"@type\":\"SearchAction\",\"target\":{\"@type\":\"EntryPoint\",\"urlTemplate\":\"https:\/\/rosstylepro.com\/en\/?s={search_term_string}\"},\"query-input\":\"required name=search_term_string\"}],\"inLanguage\":\"pl-PL\"},{\"@type\":\"Person\",\"@id\":\"https:\/\/rosstylepro.com\/en\/#\/schema\/person\/76055186668d83cd745fe9d37a5eec26\",\"name\":\"wildron\",\"image\":{\"@type\":\"ImageObject\",\"inLanguage\":\"pl-PL\",\"@id\":\"https:\/\/rosstylepro.com\/en\/#\/schema\/person\/image\/\",\"url\":\"https:\/\/secure.gravatar.com\/avatar\/c76514f6e618a9155e4cb169c8cb86d3?s=96&d=mm&r=g\",\"contentUrl\":\"https:\/\/secure.gravatar.com\/avatar\/c76514f6e618a9155e4cb169c8cb86d3?s=96&d=mm&r=g\",\"caption\":\"wildron\"},\"url\":\"https:\/\/rosstylepro.com\/pl\/author\/wildron\/\"}]}<\/script>\n<!-- \/ Yoast SEO plugin. -->","yoast_head_json":{"title":"Nuevas fechas de pago Bienestar","description":"Nuevas fechas de pago Bienestar: lo que cambia y c\u00f3mo organizarte, Cuando dependes de la Pensi\u00f3n para el Bienestar o de los programas socia...","robots":{"index":"index","follow":"follow","max-snippet":"max-snippet:-1","max-image-preview":"max-image-preview:large","max-video-preview":"max-video-preview:-1"},"canonical":"https:\/\/rosstylepro.com\/pl\/3589\/nuevas-fechas-de-pago-bienestar-2\/","og_locale":"pl_PL","og_type":"article","og_title":"Nuevas fechas de pago Bienestar","og_description":"Nuevas fechas de pago Bienestar: lo que cambia y c\u00f3mo organizarte, Cuando dependes de la Pensi\u00f3n para el Bienestar o de los programas socia...","og_url":"https:\/\/rosstylepro.com\/pl\/3589\/nuevas-fechas-de-pago-bienestar-2\/","og_site_name":"RosstylePRO","article_published_time":"2025-12-03T18:34:54+00:00","article_modified_time":"2025-12-03T18:35:24+00:00","og_image":[{"width":550,"height":350,"url":"https:\/\/rosstylepro.com\/wp-content\/uploads\/sites\/137\/2025\/12\/Design-sem-nome.png","type":"image\/png"}],"author":"wildron","twitter_card":"summary_large_image","twitter_misc":{"Written by":"wildron","Est. reading time":"10 minut"},"schema":{"@context":"https:\/\/schema.org","@graph":[{"@type":"WebPage","@id":"https:\/\/rosstylepro.com\/3589\/nuevas-fechas-de-pago-bienestar-2\/","url":"https:\/\/rosstylepro.com\/3589\/nuevas-fechas-de-pago-bienestar-2\/","name":"Nuevas fechas de pago Bienestar","isPartOf":{"@id":"https:\/\/rosstylepro.com\/en\/#website"},"primaryImageOfPage":{"@id":"https:\/\/rosstylepro.com\/3589\/nuevas-fechas-de-pago-bienestar-2\/#primaryimage"},"image":{"@id":"https:\/\/rosstylepro.com\/3589\/nuevas-fechas-de-pago-bienestar-2\/#primaryimage"},"thumbnailUrl":"https:\/\/rosstylepro.com\/wp-content\/uploads\/sites\/137\/2025\/12\/Design-sem-nome.png","datePublished":"2025-12-03T18:34:54+00:00","dateModified":"2025-12-03T18:35:24+00:00","author":{"@id":"https:\/\/rosstylepro.com\/en\/#\/schema\/person\/76055186668d83cd745fe9d37a5eec26"},"description":"Nuevas fechas de pago Bienestar: lo que cambia y c\u00f3mo organizarte, Cuando dependes de la Pensi\u00f3n para el Bienestar o de los programas socia...","breadcrumb":{"@id":"https:\/\/rosstylepro.com\/3589\/nuevas-fechas-de-pago-bienestar-2\/#breadcrumb"},"inLanguage":"pl-PL","potentialAction":[{"@type":"ReadAction","target":["https:\/\/rosstylepro.com\/3589\/nuevas-fechas-de-pago-bienestar-2\/"]}]},{"@type":"ImageObject","inLanguage":"pl-PL","@id":"https:\/\/rosstylepro.com\/3589\/nuevas-fechas-de-pago-bienestar-2\/#primaryimage","url":"https:\/\/rosstylepro.com\/wp-content\/uploads\/sites\/137\/2025\/12\/Design-sem-nome.png","contentUrl":"https:\/\/rosstylepro.com\/wp-content\/uploads\/sites\/137\/2025\/12\/Design-sem-nome.png","width":550,"height":350},{"@type":"BreadcrumbList","@id":"https:\/\/rosstylepro.com\/3589\/nuevas-fechas-de-pago-bienestar-2\/#breadcrumb","itemListElement":[{"@type":"ListItem","position":1,"name":"Home","item":"https:\/\/rosstylepro.com\/"},{"@type":"ListItem","position":2,"name":"Nuevas fechas de pago Bienestar"}]},{"@type":"WebSite","@id":"https:\/\/rosstylepro.com\/en\/#website","url":"https:\/\/rosstylepro.com\/en\/","name":"RosstylePRO","description":"","potentialAction":[{"@type":"SearchAction","target":{"@type":"EntryPoint","urlTemplate":"https:\/\/rosstylepro.com\/en\/?s={search_term_string}"},"query-input":"required name=search_term_string"}],"inLanguage":"pl-PL"},{"@type":"Person","@id":"https:\/\/rosstylepro.com\/en\/#\/schema\/person\/76055186668d83cd745fe9d37a5eec26","name":"wildron","image":{"@type":"ImageObject","inLanguage":"pl-PL","@id":"https:\/\/rosstylepro.com\/en\/#\/schema\/person\/image\/","url":"https:\/\/secure.gravatar.com\/avatar\/c76514f6e618a9155e4cb169c8cb86d3?s=96&d=mm&r=g","contentUrl":"https:\/\/secure.gravatar.com\/avatar\/c76514f6e618a9155e4cb169c8cb86d3?s=96&d=mm&r=g","caption":"wildron"},"url":"https:\/\/rosstylepro.com\/pl\/author\/wildron\/"}]}},"_links":{"self":[{"href":"https:\/\/rosstylepro.com\/pl\/wp-json\/wp\/v2\/posts\/3589"}],"collection":[{"href":"https:\/\/rosstylepro.com\/pl\/wp-json\/wp\/v2\/posts"}],"about":[{"href":"https:\/\/rosstylepro.com\/pl\/wp-json\/wp\/v2\/types\/post"}],"author":[{"embeddable":true,"href":"https:\/\/rosstylepro.com\/pl\/wp-json\/wp\/v2\/users\/128"}],"replies":[{"embeddable":true,"href":"https:\/\/rosstylepro.com\/pl\/wp-json\/wp\/v2\/comments?post=3589"}],"version-history":[{"count":1,"href":"https:\/\/rosstylepro.com\/pl\/wp-json\/wp\/v2\/posts\/3589\/revisions"}],"predecessor-version":[{"id":3591,"href":"https:\/\/rosstylepro.com\/pl\/wp-json\/wp\/v2\/posts\/3589\/revisions\/3591"}],"wp:featuredmedia":[{"embeddable":true,"href":"https:\/\/rosstylepro.com\/pl\/wp-json\/wp\/v2\/media\/3590"}],"wp:attachment":[{"href":"https:\/\/rosstylepro.com\/pl\/wp-json\/wp\/v2\/media?parent=3589"}],"wp:term":[{"taxonomy":"category","embeddable":true,"href":"https:\/\/rosstylepro.com\/pl\/wp-json\/wp\/v2\/categories?post=3589"},{"taxonomy":"post_tag","embeddable":true,"href":"https:\/\/rosstylepro.com\/pl\/wp-json\/wp\/v2\/tags?post=3589"}],"curies":[{"name":"wp","href":"https:\/\/api.w.org\/{rel}","templated":true}]}}