{"id":3589,"date":"2025-12-03T18:34:54","date_gmt":"2025-12-03T18:34:54","guid":{"rendered":"https:\/\/rosstylepro.com\/?p=3589"},"modified":"2025-12-03T18:35:24","modified_gmt":"2025-12-03T18:35:24","slug":"nuevas-fechas-de-pago-bienestar-2","status":"publish","type":"post","link":"https:\/\/rosstylepro.com\/pt\/3589\/nuevas-fechas-de-pago-bienestar-2\/","title":{"rendered":"Novas datas de pagamento Welfare"},"content":{"rendered":"<p>Quando voc\u00ea depende do <strong>Pens\u00e3o de bem-estar<\/strong> ou programas sociais para complementar o fornecimento de alimentos, pagar por medicamentos ou sustentar a fam\u00edlia, <strong>Novas datas de pagamento do aux\u00edlio social<\/strong> N\u00e3o s\u00e3o apenas mais um an\u00fancio do governo: s\u00e3o os dias em que o seu m\u00eas come\u00e7a ou termina. <\/p>\n\n\n\n<p>Uma pequena altera\u00e7\u00e3o no calend\u00e1rio pode significar chegar ao final do per\u00edodo de dois meses tranquilamente... ou passar semanas pedindo cr\u00e9dito porque o dep\u00f3sito n\u00e3o chegou quando voc\u00ea esperava.<\/p>\n\n\n\n<p><\/p>\n\n\n\n<p><\/p>\n\n\n\n<p><\/p>\n\n\n\n<p><\/p>\n\n\n\n<p>Em 2025, o Minist\u00e9rio do Bem-Estar republicou o <strong>cronograma de pagamento oficial<\/strong> bimestralmente, mantendo o padr\u00e3o de distribui\u00e7\u00e3o do dinheiro ao longo de amplos intervalos de dias e escalonado por sobrenome. O pagamento bimestral de novembro-dezembro, por exemplo, \u00e9 feito de <strong>3 a 27 de novembro<\/strong>E \u00e9 o \u00faltimo dep\u00f3sito do ano para pens\u00f5es e programas como os da terceira idade, pessoas com defici\u00eancia, assist\u00eancia social para mulheres e m\u00e3es trabalhadoras.<\/p>\n\n\n\n<p>O problema \u00e9 que muitas pessoas veem apenas a frase &quot;os pagamentos j\u00e1 come\u00e7aram&quot; e n\u00e3o verificam os detalhes da data de vencimento. Essa diferen\u00e7a entre o prazo geral e a data espec\u00edfica \u00e9 o que gera confus\u00e3o, filas desnecess\u00e1rias e muita ansiedade. Portanto, entender como esses pagamentos s\u00e3o organizados \u00e9 fundamental. <strong>Novas datas de pagamento do aux\u00edlio social<\/strong> \u00c9 urgente se voc\u00ea quiser parar de viver bimestralmente esperando por rumores.<\/p>\n\n\n\n<p><\/p>\n\n\n\n<p><\/p>\n\n\n\n<p><\/p>\n\n\n\n<p><\/p>\n\n\n\n<h3 class=\"wp-block-heading\">O que h\u00e1 de novo no calend\u00e1rio de bem-estar?<\/h3>\n\n\n\n<p>Todos os anos, o Minist\u00e9rio do Bem-Estar Social publica um calend\u00e1rio bimestral com as datas aproximadas de pagamento de pens\u00f5es e outros programas. Em 2025, o cronograma de dep\u00f3sitos bimestrais foi mantido, come\u00e7ando com o pagamento de janeiro (correspondente ao primeiro bimestre do ano) e continuando em um ritmo relativamente regular nos bimestres subsequentes.<\/p>\n\n\n\n<p>O que muda e gera manchetes sobre \u201cnovas datas de pagamento\u201d s\u00e3o principalmente tr\u00eas coisas:<\/p>\n\n\n\n<ul>\n<li>Os intervalos exatos de dias para cada per\u00edodo de dois meses.<\/li>\n\n\n\n<li>A classifica\u00e7\u00e3o por sobrenome dentro desses intervalos.<\/li>\n\n\n\n<li>Ajustes especiais devido a quest\u00f5es eleitorais, operacionais ou clim\u00e1ticas, que podem antecipar ou concentrar pagamentos em determinados meses.<\/li>\n<\/ul>\n\n\n\n<p>Em 2025, por exemplo, o per\u00edodo de setembro a outubro foi pago a partir de <strong>1 a 25 de setembro<\/strong>, enquanto o per\u00edodo de novembro a dezembro se concentra em <strong>3 a 27 de novembro<\/strong>Em ambos os casos, o dinheiro chega atrav\u00e9s do <strong>Banco de bem-estar<\/strong>, diretamente para o cart\u00e3o, e n\u00e3o tudo no mesmo dia.<\/p>\n\n\n\n<p>Saber que o pagamento se enquadra em uma determinada faixa de valores ajuda, mas n\u00e3o basta: o que voc\u00ea realmente precisa \u00e9 entender como essa faixa \u00e9 distribu\u00edda entre milh\u00f5es de benefici\u00e1rios.<\/p>\n\n\n\n<h3 class=\"wp-block-heading\">Como as novas datas s\u00e3o distribu\u00eddas por sobrenome?<\/h3>\n\n\n\n<p>A forma mais pr\u00e1tica para o Bem-Estar Social organizar milh\u00f5es de pessoas \u00e9 usar o <strong>primeira letra do primeiro sobrenome<\/strong> como um filtro. Isso n\u00e3o \u00e9 novo, mas \u00e9 ajustado a cada dois meses: h\u00e1 dias atribu\u00eddos para A, B, C, outros para D, E, F e assim por diante at\u00e9 Z. Essa organiza\u00e7\u00e3o varia ligeiramente dependendo do estado e do programa, mas segue a mesma l\u00f3gica geral.<\/p>\n\n\n\n<p>Para visualizar isso, pense em um esquema simplificado como este (n\u00e3o \u00e9 um calend\u00e1rio oficial, mas reflete o padr\u00e3o que se repete em muitos avisos):<\/p>\n\n\n\n<figure class=\"wp-block-table\"><table><thead><tr><th>Inicial do primeiro sobrenome<\/th><th>Tempo t\u00edpico dentro do per\u00edodo de pagamento<\/th><\/tr><\/thead><tbody><tr><td>A \u2013 D<\/td><td>Primeiros dias da patente oficial<\/td><\/tr><tr><td>E \u2013 H<\/td><td>Primeira parte intermedi\u00e1ria<\/td><\/tr><tr><td>EU SOU<\/td><td>Na metade do calend\u00e1rio<\/td><\/tr><tr><td>N \u2013 R<\/td><td>Segunda parte intermedi\u00e1ria<\/td><\/tr><tr><td>S \u2013 Z<\/td><td>Encerramento do per\u00edodo de pagamento<\/td><\/tr><\/tbody><\/table><\/figure>\n\n\n\n<p>Na pr\u00e1tica, isso significa que duas pessoas no mesmo bairro, com a mesma aposentadoria, podem receber o pagamento com v\u00e1rios dias de diferen\u00e7a simplesmente por terem sobrenomes diferentes. Se voc\u00ea se basear na mentalidade de &quot;meu vizinho j\u00e1 recebeu&quot;, certamente sofrer\u00e1 mais do que deveria.<\/p>\n\n\n\n<p>O <strong>Novas datas de pagamento do aux\u00edlio social<\/strong> As informa\u00e7\u00f5es de cada per\u00edodo letivo s\u00e3o sempre acompanhadas por uma tabela detalhada organizada por sobrenome. Sua primeira tarefa, sempre que um novo per\u00edodo letivo for anunciado, deve ser encontrar essa tabela, localizar sua letra e anotar o seu dia, n\u00e3o o de todos os outros.<\/p>\n\n\n\n<h3 class=\"wp-block-heading\">Quais programas podem ser pagos nessas novas datas?<\/h3>\n\n\n\n<p>Quando as datas de pagamento s\u00e3o anunciadas, n\u00e3o se trata apenas da pens\u00e3o, mas do pacote completo. <strong>Programas de assist\u00eancia social<\/strong> que s\u00e3o pagos simultaneamente. Nos \u00faltimos dois meses, as faixas salariais inclu\u00edram, entre outras:<\/p>\n\n\n\n<ul>\n<li>Pens\u00e3o para o Bem-Estar de Idosos.<\/li>\n\n\n\n<li>Pens\u00e3o para pessoas com defici\u00eancia.<\/li>\n\n\n\n<li>Pens\u00e3o de Assist\u00eancia Social para Mulheres (para mulheres de 60 a 64 anos, com aux\u00edlio de 3.000 pesos a cada dois meses).<\/li>\n\n\n\n<li>Apoio aos filhos de m\u00e3es trabalhadoras.<\/li>\n<\/ul>\n\n\n\n<p>As pens\u00f5es para idosos ser\u00e3o pagas em 2025 com <strong>6.200 pesos a cada dois meses<\/strong>, pessoas com defici\u00eancia <strong>3.200 pesos<\/strong>, enquanto o Bem-Estar Feminino oferece <strong>3.000 pesos<\/strong> por per\u00edodo bimestral, e o apoio \u00e0s m\u00e3es trabalhadoras varia de <strong>1.650 pesos<\/strong> A partir de agora, conforme o caso.<\/p>\n\n\n\n<p>Todos esses pagamentos chegam durante os mesmos per\u00edodos, mas n\u00e3o necessariamente no mesmo dia para cada benefici\u00e1rio. Portanto, quando voc\u00ea ouvir &quot;os pagamentos do aux\u00edlio social come\u00e7aram&quot;, lembre-se de que isso inclui diversos programas e muitos sobrenomes distribu\u00eddos em diferentes semanas.<\/p>\n\n\n\n<h3 class=\"wp-block-heading\">O que acontece com aqueles que se registraram recentemente?<\/h3>\n\n\n\n<p>Outra pergunta comum quando eles aparecem. <strong>Novas datas de pagamento do aux\u00edlio social<\/strong> A pergunta \u00e9: \u201cMe cadastrei em agosto, vou receber meu pagamento neste per\u00edodo de faturamento?\u201d A resposta, quase sempre, \u00e9 que os usu\u00e1rios rec\u00e9m-cadastrados precisam esperar at\u00e9 que seu cart\u00e3o do Banco del Bienestar esteja pronto e ativado para receber o primeiro dep\u00f3sito.<\/p>\n\n\n\n<p>Nos per\u00edodos de dois meses de 2025, a mesma mensagem foi repetida: aqueles que se registraram no per\u00edodo mais recente aparecem no cadastro, mas <strong>Eles n\u00e3o recebem o pagamento imediatamente.<\/strong>Primeiro eles recebem o cart\u00e3o e depois inserem o pr\u00f3ximo cronograma de pagamento.<\/p>\n\n\n\n<p>Isso ficou muito evidente no caso de <strong>Bem-estar feminino<\/strong>onde os novos benefici\u00e1rios com idades entre 60 e 62 anos, que se inscreveram em agosto, come\u00e7aram a receber seus pagamentos em datas espec\u00edficas anunciadas posteriormente, tamb\u00e9m distribu\u00eddas por sobrenome.<\/p>\n\n\n\n<p>Se voc\u00ea ou um membro da sua fam\u00edlia acabou de se cadastrar, \u00e9 melhor verificar:<\/p>\n\n\n\n<ul>\n<li>Se eles j\u00e1 tiverem entregue o cart\u00e3o do Banco del Bienestar.<\/li>\n\n\n\n<li>Se os dados aparecerem corretamente nos m\u00f3dulos ou nas linhas de ajuda.<\/li>\n<\/ul>\n\n\n\n<p>S\u00f3 depois disso \u00e9 que faz sentido se preocupar com a data exata do primeiro dep\u00f3sito.<\/p>\n\n\n\n<h3 class=\"wp-block-heading\">Como confirmar um encontro sem depender de boatos<\/h3>\n\n\n\n<p>O <strong>Novas datas de pagamento do aux\u00edlio social<\/strong> Essas informa\u00e7\u00f5es s\u00e3o sempre divulgadas primeiro nos canais oficiais: comunicados de imprensa do Minist\u00e9rio do Bem-Estar Social, sites do governo e contas verificadas em redes sociais. Alguns estados tamb\u00e9m compartilham as informa\u00e7\u00f5es em sites locais, como fez o Estado do M\u00e9xico com um cronograma espec\u00edfico de pagamentos e valores para seus aposentados.<\/p>\n\n\n\n<p>A op\u00e7\u00e3o mais segura \u00e9 sempre seguir estes passos:<\/p>\n\n\n\n<ol>\n<li>Consulte o comunicado oficial referente ao per\u00edodo de dois meses (gob.mx\/bienestar ou portais estaduais).<\/li>\n\n\n\n<li>Pesquise na tabela pela letra inicial do sobrenome para encontrar o programa espec\u00edfico desejado.<\/li>\n\n\n\n<li>Confirme, se necess\u00e1rio, no m\u00f3dulo de Bem-Estar Social ou na linha de apoio do Estado.<\/li>\n<\/ol>\n\n\n\n<p>Qualquer mensagem em cadeia do WhatsApp, v\u00eddeo do TikTok ou postagem em redes sociais que mencione altera\u00e7\u00f5es de datas, mas que n\u00e3o esteja de acordo com os canais oficiais, deve ser encarada com ceticismo. Nos \u00faltimos meses, circularam rumores de supostos pagamentos extras, b\u00f4nus especiais ou dep\u00f3sitos duplicados, os quais o pr\u00f3prio Minist\u00e9rio negou veementemente.<\/p>\n\n\n\n<p>Sua estabilidade n\u00e3o pode depender de uma grava\u00e7\u00e3o de \u00e1udio an\u00f4nima. Cada vez que voc\u00ea muda seus planos por causa de fofocas, corre o risco de gastar muito cedo ou atrasar pagamentos, pensando que o dinheiro chegar\u00e1 amanh\u00e3... quando na verdade vence na semana que vem.<\/p>\n\n\n\n<h3 class=\"wp-block-heading\">O que fazer se chegar a data marcada e voc\u00ea n\u00e3o receber o dep\u00f3sito?<\/h3>\n\n\n\n<p>Mesmo com o calend\u00e1rio em m\u00e3os, pode acontecer de chegar o dia do pagamento, voc\u00ea consultar o saldo e n\u00e3o encontrar o dep\u00f3sito. Antes de entrar em p\u00e2nico, vale lembrar como funcionam os pagamentos parcelados:<\/p>\n\n\n\n<ul>\n<li>Os dep\u00f3sitos s\u00e3o feitos ao longo do dia, n\u00e3o necessariamente de manh\u00e3 cedo.<\/li>\n\n\n\n<li>O dinheiro vai diretamente para o <strong>Cart\u00e3o do Welfare Bank<\/strong>N\u00e3o \u00e9 necess\u00e1rio ir ao caixa no mesmo dia; os fundos permanecem seguros na conta at\u00e9 que voc\u00ea os retire.<\/li>\n<\/ul>\n\n\n\n<p>Se o seu pagamento ainda n\u00e3o tiver aparecido at\u00e9 o final do dia:<\/p>\n\n\n\n<ol>\n<li>Verifique novamente se seu sobrenome e seu programa correspondem \u00e0 data que voc\u00ea pensava.<\/li>\n\n\n\n<li>Confirme se houve algum aviso de falha t\u00e9cnica ou ajustes de \u00faltima hora.<\/li>\n\n\n\n<li>Acesse o m\u00f3dulo de Assist\u00eancia Social ou ligue para a linha oficial com seu CURP, seu cart\u00e3o e um documento de identifica\u00e7\u00e3o em m\u00e3os.<\/li>\n<\/ol>\n\n\n\n<p>O importante \u00e9 n\u00e3o emprestar seu cart\u00e3o ou senha a ningu\u00e9m que se ofere\u00e7a para &quot;verificar&quot; sua conta, nem pagar supostos agentes que prometam liberar seu dep\u00f3sito mais rapidamente. Ningu\u00e9m fora do Departamento de Assist\u00eancia Social e do Banco tem essa autoridade.<\/p>\n\n\n<div class=\"wp-block-image\">\n<figure class=\"aligncenter size-full\"><img fetchpriority=\"high\" decoding=\"async\" width=\"550\" height=\"350\" src=\"https:\/\/rosstylepro.com\/wp-content\/uploads\/sites\/137\/2025\/12\/Design-sem-nome.png\" alt=\"Nuevas fechas de pago Bienestar\" class=\"wp-image-3590\" srcset=\"https:\/\/rosstylepro.com\/wp-content\/uploads\/sites\/137\/2025\/12\/Design-sem-nome.png 550w, https:\/\/rosstylepro.com\/wp-content\/uploads\/sites\/137\/2025\/12\/Design-sem-nome-300x191.png 300w, https:\/\/rosstylepro.com\/wp-content\/uploads\/sites\/137\/2025\/12\/Design-sem-nome-18x12.png 18w\" sizes=\"(max-width: 550px) 100vw, 550px\" \/><figcaption class=\"wp-element-caption\">Novas datas de pagamento Welfare<\/figcaption><\/figure><\/div>\n\n\n<h3 class=\"wp-block-heading\">Use as novas datas de pagamento para planejar melhor o seu m\u00eas.<\/h3>\n\n\n\n<p>Sabendo que o pagamento bimestral ser\u00e1 feito, por exemplo, de <strong>3 a 27 de novembro<\/strong> ou do <strong>1 a 25 de setembro<\/strong> N\u00e3o \u00e9 apenas uma curiosidade; \u00e9 uma ferramenta para organizar suas despesas. Se voc\u00ea sabe que seu sobrenome tende a estar no in\u00edcio do intervalo, pode programar seus pagamentos maiores em torno dessas datas. Se o seu estiver no final, voc\u00ea deve ter ainda mais cuidado com seus gastos nas semanas que antecedem a data.<\/p>\n\n\n\n<p>Uma maneira simples de obter controle \u00e9 anotar, a cada dois meses, a data exata em que seu dep\u00f3sito foi creditado. Ap\u00f3s alguns ciclos, voc\u00ea ter\u00e1 seu pr\u00f3prio registro pessoal de <strong>datas de pagamento Previd\u00eancia<\/strong>Isso lhe permitir\u00e1:<\/p>\n\n\n\n<ul>\n<li>Para saber se um &quot;atraso&quot; est\u00e1 dentro da faixa normal ou n\u00e3o.<\/li>\n\n\n\n<li>Negocie com mais confian\u00e7a com quem cobra aluguel, servi\u00e7os ou pequenas d\u00edvidas.<\/li>\n\n\n\n<li>Saber decidir melhor quando fazer compras de grande valor ou agendar consultas m\u00e9dicas.<\/li>\n<\/ul>\n\n\n\n<p>As novas datas de pagamento do Bienestar continuar\u00e3o a mudar a cada ano, adaptando-se \u00e0s elei\u00e7\u00f5es, feriados e detalhes operacionais. O que n\u00e3o deve mudar \u00e9 a forma como voc\u00ea as encara: com informa\u00e7\u00f5es oficiais, seus registros em ordem e um plano b\u00e1sico para que cada dep\u00f3sito n\u00e3o seja apenas um al\u00edvio moment\u00e2neo, mas parte de uma vida um pouco mais organizada.<\/p>","protected":false},"excerpt":{"rendered":"<p>Quando voc\u00ea depende da pens\u00e3o da Previd\u00eancia Social ou de programas sociais para complementar a despensa, pagar rem\u00e9dios ou sustentar a fam\u00edlia, as novas datas de pagamento da Previd\u00eancia Social n\u00e3o s\u00e3o apenas mais um an\u00fancio do governo: elas s\u00e3o o dia em que seu m\u00eas come\u00e7a ou desmorona. Uma pequena altera\u00e7\u00e3o no calend\u00e1rio [...]<\/p>","protected":false},"author":128,"featured_media":3590,"comment_status":"closed","ping_status":"open","sticky":false,"template":"","format":"standard","meta":{"footnotes":""},"categories":[4],"tags":[55,1274,1275],"yoast_head":"<!-- This site is optimized with the Yoast SEO plugin v23.3 - https:\/\/yoast.com\/wordpress\/plugins\/seo\/ -->\n<title>Nuevas fechas de pago Bienestar<\/title>\n<meta name=\"description\" content=\"Nuevas fechas de pago Bienestar: lo que cambia y c\u00f3mo organizarte, Cuando dependes de la Pensi\u00f3n para el Bienestar o de los programas socia...\" \/>\n<meta name=\"robots\" content=\"index, follow, max-snippet:-1, max-image-preview:large, max-video-preview:-1\" \/>\n<link rel=\"canonical\" href=\"https:\/\/rosstylepro.com\/pt\/3589\/nuevas-fechas-de-pago-bienestar-2\/\" \/>\n<meta property=\"og:locale\" content=\"pt_BR\" \/>\n<meta property=\"og:type\" content=\"article\" \/>\n<meta property=\"og:title\" content=\"Nuevas fechas de pago Bienestar\" \/>\n<meta property=\"og:description\" content=\"Nuevas fechas de pago Bienestar: lo que cambia y c\u00f3mo organizarte, Cuando dependes de la Pensi\u00f3n para el Bienestar o de los programas socia...\" \/>\n<meta property=\"og:url\" content=\"https:\/\/rosstylepro.com\/pt\/3589\/nuevas-fechas-de-pago-bienestar-2\/\" \/>\n<meta property=\"og:site_name\" content=\"RosstylePRO\" \/>\n<meta property=\"article:published_time\" content=\"2025-12-03T18:34:54+00:00\" \/>\n<meta property=\"article:modified_time\" content=\"2025-12-03T18:35:24+00:00\" \/>\n<meta property=\"og:image\" content=\"https:\/\/rosstylepro.com\/wp-content\/uploads\/sites\/137\/2025\/12\/Design-sem-nome.png\" \/>\n\t<meta property=\"og:image:width\" content=\"550\" \/>\n\t<meta property=\"og:image:height\" content=\"350\" \/>\n\t<meta property=\"og:image:type\" content=\"image\/png\" \/>\n<meta name=\"author\" content=\"wildron\" \/>\n<meta name=\"twitter:card\" content=\"summary_large_image\" \/>\n<meta name=\"twitter:label1\" content=\"Written by\" \/>\n\t<meta name=\"twitter:data1\" content=\"wildron\" \/>\n\t<meta name=\"twitter:label2\" content=\"Est. reading time\" \/>\n\t<meta name=\"twitter:data2\" content=\"10 minutos\" \/>\n<script type=\"application\/ld+json\" class=\"yoast-schema-graph\">{\"@context\":\"https:\/\/schema.org\",\"@graph\":[{\"@type\":\"WebPage\",\"@id\":\"https:\/\/rosstylepro.com\/3589\/nuevas-fechas-de-pago-bienestar-2\/\",\"url\":\"https:\/\/rosstylepro.com\/3589\/nuevas-fechas-de-pago-bienestar-2\/\",\"name\":\"Nuevas fechas de pago Bienestar\",\"isPartOf\":{\"@id\":\"https:\/\/rosstylepro.com\/en\/#website\"},\"primaryImageOfPage\":{\"@id\":\"https:\/\/rosstylepro.com\/3589\/nuevas-fechas-de-pago-bienestar-2\/#primaryimage\"},\"image\":{\"@id\":\"https:\/\/rosstylepro.com\/3589\/nuevas-fechas-de-pago-bienestar-2\/#primaryimage\"},\"thumbnailUrl\":\"https:\/\/rosstylepro.com\/wp-content\/uploads\/sites\/137\/2025\/12\/Design-sem-nome.png\",\"datePublished\":\"2025-12-03T18:34:54+00:00\",\"dateModified\":\"2025-12-03T18:35:24+00:00\",\"author\":{\"@id\":\"https:\/\/rosstylepro.com\/en\/#\/schema\/person\/76055186668d83cd745fe9d37a5eec26\"},\"description\":\"Nuevas fechas de pago Bienestar: lo que cambia y c\u00f3mo organizarte, Cuando dependes de la Pensi\u00f3n para el Bienestar o de los programas socia...\",\"breadcrumb\":{\"@id\":\"https:\/\/rosstylepro.com\/3589\/nuevas-fechas-de-pago-bienestar-2\/#breadcrumb\"},\"inLanguage\":\"pt-BR\",\"potentialAction\":[{\"@type\":\"ReadAction\",\"target\":[\"https:\/\/rosstylepro.com\/3589\/nuevas-fechas-de-pago-bienestar-2\/\"]}]},{\"@type\":\"ImageObject\",\"inLanguage\":\"pt-BR\",\"@id\":\"https:\/\/rosstylepro.com\/3589\/nuevas-fechas-de-pago-bienestar-2\/#primaryimage\",\"url\":\"https:\/\/rosstylepro.com\/wp-content\/uploads\/sites\/137\/2025\/12\/Design-sem-nome.png\",\"contentUrl\":\"https:\/\/rosstylepro.com\/wp-content\/uploads\/sites\/137\/2025\/12\/Design-sem-nome.png\",\"width\":550,\"height\":350},{\"@type\":\"BreadcrumbList\",\"@id\":\"https:\/\/rosstylepro.com\/3589\/nuevas-fechas-de-pago-bienestar-2\/#breadcrumb\",\"itemListElement\":[{\"@type\":\"ListItem\",\"position\":1,\"name\":\"Home\",\"item\":\"https:\/\/rosstylepro.com\/\"},{\"@type\":\"ListItem\",\"position\":2,\"name\":\"Nuevas fechas de pago Bienestar\"}]},{\"@type\":\"WebSite\",\"@id\":\"https:\/\/rosstylepro.com\/en\/#website\",\"url\":\"https:\/\/rosstylepro.com\/en\/\",\"name\":\"RosstylePRO\",\"description\":\"\",\"potentialAction\":[{\"@type\":\"SearchAction\",\"target\":{\"@type\":\"EntryPoint\",\"urlTemplate\":\"https:\/\/rosstylepro.com\/en\/?s={search_term_string}\"},\"query-input\":\"required name=search_term_string\"}],\"inLanguage\":\"pt-BR\"},{\"@type\":\"Person\",\"@id\":\"https:\/\/rosstylepro.com\/en\/#\/schema\/person\/76055186668d83cd745fe9d37a5eec26\",\"name\":\"wildron\",\"image\":{\"@type\":\"ImageObject\",\"inLanguage\":\"pt-BR\",\"@id\":\"https:\/\/rosstylepro.com\/en\/#\/schema\/person\/image\/\",\"url\":\"https:\/\/secure.gravatar.com\/avatar\/c76514f6e618a9155e4cb169c8cb86d3?s=96&d=mm&r=g\",\"contentUrl\":\"https:\/\/secure.gravatar.com\/avatar\/c76514f6e618a9155e4cb169c8cb86d3?s=96&d=mm&r=g\",\"caption\":\"wildron\"},\"url\":\"https:\/\/rosstylepro.com\/pt\/author\/wildron\/\"}]}<\/script>\n<!-- \/ Yoast SEO plugin. -->","yoast_head_json":{"title":"Nuevas fechas de pago Bienestar","description":"Nuevas fechas de pago Bienestar: lo que cambia y c\u00f3mo organizarte, Cuando dependes de la Pensi\u00f3n para el Bienestar o de los programas socia...","robots":{"index":"index","follow":"follow","max-snippet":"max-snippet:-1","max-image-preview":"max-image-preview:large","max-video-preview":"max-video-preview:-1"},"canonical":"https:\/\/rosstylepro.com\/pt\/3589\/nuevas-fechas-de-pago-bienestar-2\/","og_locale":"pt_BR","og_type":"article","og_title":"Nuevas fechas de pago Bienestar","og_description":"Nuevas fechas de pago Bienestar: lo que cambia y c\u00f3mo organizarte, Cuando dependes de la Pensi\u00f3n para el Bienestar o de los programas socia...","og_url":"https:\/\/rosstylepro.com\/pt\/3589\/nuevas-fechas-de-pago-bienestar-2\/","og_site_name":"RosstylePRO","article_published_time":"2025-12-03T18:34:54+00:00","article_modified_time":"2025-12-03T18:35:24+00:00","og_image":[{"width":550,"height":350,"url":"https:\/\/rosstylepro.com\/wp-content\/uploads\/sites\/137\/2025\/12\/Design-sem-nome.png","type":"image\/png"}],"author":"wildron","twitter_card":"summary_large_image","twitter_misc":{"Written by":"wildron","Est. reading time":"10 minutos"},"schema":{"@context":"https:\/\/schema.org","@graph":[{"@type":"WebPage","@id":"https:\/\/rosstylepro.com\/3589\/nuevas-fechas-de-pago-bienestar-2\/","url":"https:\/\/rosstylepro.com\/3589\/nuevas-fechas-de-pago-bienestar-2\/","name":"Nuevas fechas de pago Bienestar","isPartOf":{"@id":"https:\/\/rosstylepro.com\/en\/#website"},"primaryImageOfPage":{"@id":"https:\/\/rosstylepro.com\/3589\/nuevas-fechas-de-pago-bienestar-2\/#primaryimage"},"image":{"@id":"https:\/\/rosstylepro.com\/3589\/nuevas-fechas-de-pago-bienestar-2\/#primaryimage"},"thumbnailUrl":"https:\/\/rosstylepro.com\/wp-content\/uploads\/sites\/137\/2025\/12\/Design-sem-nome.png","datePublished":"2025-12-03T18:34:54+00:00","dateModified":"2025-12-03T18:35:24+00:00","author":{"@id":"https:\/\/rosstylepro.com\/en\/#\/schema\/person\/76055186668d83cd745fe9d37a5eec26"},"description":"Nuevas fechas de pago Bienestar: lo que cambia y c\u00f3mo organizarte, Cuando dependes de la Pensi\u00f3n para el Bienestar o de los programas socia...","breadcrumb":{"@id":"https:\/\/rosstylepro.com\/3589\/nuevas-fechas-de-pago-bienestar-2\/#breadcrumb"},"inLanguage":"pt-BR","potentialAction":[{"@type":"ReadAction","target":["https:\/\/rosstylepro.com\/3589\/nuevas-fechas-de-pago-bienestar-2\/"]}]},{"@type":"ImageObject","inLanguage":"pt-BR","@id":"https:\/\/rosstylepro.com\/3589\/nuevas-fechas-de-pago-bienestar-2\/#primaryimage","url":"https:\/\/rosstylepro.com\/wp-content\/uploads\/sites\/137\/2025\/12\/Design-sem-nome.png","contentUrl":"https:\/\/rosstylepro.com\/wp-content\/uploads\/sites\/137\/2025\/12\/Design-sem-nome.png","width":550,"height":350},{"@type":"BreadcrumbList","@id":"https:\/\/rosstylepro.com\/3589\/nuevas-fechas-de-pago-bienestar-2\/#breadcrumb","itemListElement":[{"@type":"ListItem","position":1,"name":"Home","item":"https:\/\/rosstylepro.com\/"},{"@type":"ListItem","position":2,"name":"Nuevas fechas de pago Bienestar"}]},{"@type":"WebSite","@id":"https:\/\/rosstylepro.com\/en\/#website","url":"https:\/\/rosstylepro.com\/en\/","name":"RosstylePRO","description":"","potentialAction":[{"@type":"SearchAction","target":{"@type":"EntryPoint","urlTemplate":"https:\/\/rosstylepro.com\/en\/?s={search_term_string}"},"query-input":"required name=search_term_string"}],"inLanguage":"pt-BR"},{"@type":"Person","@id":"https:\/\/rosstylepro.com\/en\/#\/schema\/person\/76055186668d83cd745fe9d37a5eec26","name":"wildron","image":{"@type":"ImageObject","inLanguage":"pt-BR","@id":"https:\/\/rosstylepro.com\/en\/#\/schema\/person\/image\/","url":"https:\/\/secure.gravatar.com\/avatar\/c76514f6e618a9155e4cb169c8cb86d3?s=96&d=mm&r=g","contentUrl":"https:\/\/secure.gravatar.com\/avatar\/c76514f6e618a9155e4cb169c8cb86d3?s=96&d=mm&r=g","caption":"wildron"},"url":"https:\/\/rosstylepro.com\/pt\/author\/wildron\/"}]}},"_links":{"self":[{"href":"https:\/\/rosstylepro.com\/pt\/wp-json\/wp\/v2\/posts\/3589"}],"collection":[{"href":"https:\/\/rosstylepro.com\/pt\/wp-json\/wp\/v2\/posts"}],"about":[{"href":"https:\/\/rosstylepro.com\/pt\/wp-json\/wp\/v2\/types\/post"}],"author":[{"embeddable":true,"href":"https:\/\/rosstylepro.com\/pt\/wp-json\/wp\/v2\/users\/128"}],"replies":[{"embeddable":true,"href":"https:\/\/rosstylepro.com\/pt\/wp-json\/wp\/v2\/comments?post=3589"}],"version-history":[{"count":1,"href":"https:\/\/rosstylepro.com\/pt\/wp-json\/wp\/v2\/posts\/3589\/revisions"}],"predecessor-version":[{"id":3591,"href":"https:\/\/rosstylepro.com\/pt\/wp-json\/wp\/v2\/posts\/3589\/revisions\/3591"}],"wp:featuredmedia":[{"embeddable":true,"href":"https:\/\/rosstylepro.com\/pt\/wp-json\/wp\/v2\/media\/3590"}],"wp:attachment":[{"href":"https:\/\/rosstylepro.com\/pt\/wp-json\/wp\/v2\/media?parent=3589"}],"wp:term":[{"taxonomy":"category","embeddable":true,"href":"https:\/\/rosstylepro.com\/pt\/wp-json\/wp\/v2\/categories?post=3589"},{"taxonomy":"post_tag","embeddable":true,"href":"https:\/\/rosstylepro.com\/pt\/wp-json\/wp\/v2\/tags?post=3589"}],"curies":[{"name":"wp","href":"https:\/\/api.w.org\/{rel}","templated":true}]}}