{"id":3589,"date":"2025-12-03T18:34:54","date_gmt":"2025-12-03T18:34:54","guid":{"rendered":"https:\/\/rosstylepro.com\/?p=3589"},"modified":"2025-12-03T18:35:24","modified_gmt":"2025-12-03T18:35:24","slug":"nuevas-fechas-de-pago-bienestar-2","status":"publish","type":"post","link":"https:\/\/rosstylepro.com\/ro\/3589\/nuevas-fechas-de-pago-bienestar-2\/","title":{"rendered":"Noi date de plat\u0103 Welfare"},"content":{"rendered":"<p>C\u00e2nd depinzi de <strong>Pensie social\u0103<\/strong> sau programe sociale pentru suplimentarea aprovizion\u0103rii cu alimente, plata medicamentelor sau sprijinirea familiei, <strong>Noi date de plat\u0103 a asisten\u021bei sociale<\/strong> Nu sunt doar un alt anun\u021b guvernamental: sunt ziua \u00een care luna ta fie \u00eencepe, fie se termin\u0103. <\/p>\n\n\n\n<p>O mic\u0103 schimbare de calendar poate \u00eensemna s\u0103 ajungi calm la sf\u00e2r\u0219itul perioadei de dou\u0103 luni... sau s\u0103 petreci s\u0103pt\u0103m\u00e2ni \u00eentregi cer\u00e2nd credit pentru c\u0103 avansul nu a ajuns la momentul a\u0219teptat.<\/p>\n\n\n\n<p><\/p>\n\n\n\n<p><\/p>\n\n\n\n<p><\/p>\n\n\n\n<p><\/p>\n\n\n\n<p>\u00cen 2025, Ministerul Bun\u0103st\u0103rii Sociale a republicat <strong>graficul oficial de pl\u0103\u021bi<\/strong> bilunar, men\u021bin\u00e2nd modelul de distribuire a banilor pe intervale largi de zile \u0219i e\u0219alonat \u00een func\u021bie de numele de familie. Plata bilunar\u0103 din noiembrie-decembrie, de exemplu, se face din <strong>3-27 noiembrie<\/strong>\u0219i este ultimul depozit al anului pentru pensii \u0219i programe precum Seniori, Persoane cu dizabilit\u0103\u021bi, Protec\u021bia femeilor \u0219i Mame care lucreaz\u0103.<\/p>\n\n\n\n<p>Problema este c\u0103 mul\u021bi oameni v\u0103d doar sintagma \u201epl\u0103\u021bile au \u00eenceput deja\u201d \u0219i nu verific\u0103 detaliile datei efective de plat\u0103. Aceast\u0103 diferen\u021b\u0103 dintre intervalul de timp general \u0219i data specific\u0103 creeaz\u0103 confuzie, cozi inutile \u0219i mult\u0103 anxietate. Prin urmare, \u00een\u021belegerea modului \u00een care sunt aranjate aceste [pl\u0103\u021bi] este crucial\u0103. <strong>Noi date de plat\u0103 a asisten\u021bei sociale<\/strong> E urgent dac\u0103 vrei s\u0103 nu mai tr\u0103ie\u0219ti bilunar dup\u0103 ce ai a\u0219teptat zvonuri bilunar.<\/p>\n\n\n\n<p><\/p>\n\n\n\n<p><\/p>\n\n\n\n<p><\/p>\n\n\n\n<p><\/p>\n\n\n\n<h3 class=\"wp-block-heading\">Nout\u0103\u021bi \u00een calendarul Wellness<\/h3>\n\n\n\n<p>\u00cen fiecare an, Ministerul Bun\u0103st\u0103rii Public\u0103 un calendar bilunar cu datele aproximative de plat\u0103 pentru pensii \u0219i alte programe. \u00cen 2025, s-a men\u021binut programul de depunere bilunar\u0103, \u00eencep\u00e2nd cu plata din ianuarie (corespunz\u0103toare primei perioade de dou\u0103 luni a anului) \u0219i continu\u00e2nd \u00eentr-un ritm relativ regulat pentru perioadele ulterioare de dou\u0103 luni.<\/p>\n\n\n\n<p>Ceea ce se schimb\u0103 \u0219i genereaz\u0103 titluri despre \u201enoile date de plat\u0103\u201d sunt \u00een principal trei lucruri:<\/p>\n\n\n\n<ul>\n<li>Intervalele exacte de zile pentru fiecare perioad\u0103 de dou\u0103 luni.<\/li>\n\n\n\n<li>Aranjamentul dup\u0103 numele de familie \u00een cadrul acestor intervale.<\/li>\n\n\n\n<li>Ajust\u0103ri speciale datorate unor probleme electorale, opera\u021bionale sau meteorologice, care pot avansa sau concentra pl\u0103\u021bile \u00een anumite luni.<\/li>\n<\/ul>\n\n\n\n<p>\u00cen 2025, de exemplu, perioada septembrie-octombrie a fost pl\u0103tit\u0103 din <strong>1-25 septembrie<\/strong>, \u00een timp ce perioada noiembrie-decembrie este concentrat\u0103 \u00een <strong>3-27 noiembrie<\/strong>\u00cen ambele cazuri, banii ajung prin intermediul <strong>Banca de asisten\u021b\u0103 social\u0103<\/strong>, direct pe card \u0219i nu toate \u00een aceea\u0219i zi.<\/p>\n\n\n\n<p>Cunoa\u0219terea faptului c\u0103 plata se \u00eencadreaz\u0103 \u00eentr-un interval ajut\u0103, dar nu este suficient: ceea ce trebuie cu adev\u0103rat s\u0103 \u00een\u021belegi cum este distribuit acel interval \u00eentre milioane de beneficiari.<\/p>\n\n\n\n<h3 class=\"wp-block-heading\">Cum sunt distribuite noile date \u00een func\u021bie de numele de familie?<\/h3>\n\n\n\n<p>Cea mai practic\u0103 modalitate prin care Asisten\u021ba Social\u0103 poate organiza milioane de oameni este s\u0103 foloseasc\u0103 <strong>prima liter\u0103 a primului nume de familie<\/strong> ca filtru. Acest lucru nu este nou, dar este ajustat la fiecare dou\u0103 luni: exist\u0103 zile atribuite pentru A, B, C, altele pentru D, E, F \u0219i a\u0219a mai departe p\u00e2n\u0103 la Z. Acest aranjament variaz\u0103 u\u0219or \u00een func\u021bie de stat \u0219i de program, dar urmeaz\u0103 aceea\u0219i logic\u0103 general\u0103.<\/p>\n\n\n\n<p>Pentru a vizualiza acest lucru, g\u00e2ndi\u021bi-v\u0103 la o schem\u0103 simplificat\u0103 ca aceasta (nu este un calendar oficial, dar reflect\u0103 modelul care se repet\u0103 \u00een multe anun\u021buri):<\/p>\n\n\n\n<figure class=\"wp-block-table\"><table><thead><tr><th>Ini\u021biala primului nume de familie<\/th><th>Timpul tipic din perioada de plat\u0103<\/th><\/tr><\/thead><tbody><tr><td>A \u2013 D<\/td><td>Primele zile ale gradului oficial<\/td><\/tr><tr><td>E \u2013 H<\/td><td>Prima parte intermediar\u0103<\/td><\/tr><tr><td>Eu \u2013 M.<\/td><td>La jum\u0103tatea calendarului<\/td><\/tr><tr><td>N \u2013 R<\/td><td>A doua parte intermediar\u0103<\/td><\/tr><tr><td>S \u2013 Z<\/td><td>\u00cenchiderea perioadei de plat\u0103<\/td><\/tr><\/tbody><\/table><\/figure>\n\n\n\n<p>\u00cen practic\u0103, asta \u00eenseamn\u0103 c\u0103 dou\u0103 persoane din acela\u0219i cartier, cu aceea\u0219i pensie, \u00ee\u0219i pot primi depozitele la c\u00e2teva zile distan\u021b\u0103, pur \u0219i simplu pentru c\u0103 au nume de familie diferite. Dac\u0103 te bazezi pe mentalitatea \u201evecinul meu a primit-o deja\u201d, aproape sigur vei suferi mai mult dec\u00e2t ar trebui.<\/p>\n\n\n\n<p>Cel\/Cea\/Cei\/Cele <strong>Noi date de plat\u0103 a asisten\u021bei sociale<\/strong> Informa\u021biile despre fiecare termen sunt \u00eentotdeauna \u00eenso\u021bite de un tabel detaliat organizat dup\u0103 numele de familie. Prima ta sarcin\u0103 de fiecare dat\u0103 c\u00e2nd este anun\u021bat un termen nou ar trebui s\u0103 fie s\u0103 g\u0103se\u0219ti tabelul respectiv, s\u0103-\u021bi localizezi litera \u0219i s\u0103-\u021bi notezi ziua, nu pe a tuturor celorlal\u021bi.<\/p>\n\n\n\n<h3 class=\"wp-block-heading\">Ce programe sunt pl\u0103tibile la aceste noi date?<\/h3>\n\n\n\n<p>C\u00e2nd sunt anun\u021bate datele de plat\u0103, nu este vorba doar despre o pensie, ci despre \u00eentregul pachet. <strong>Programe de asisten\u021b\u0103 social\u0103<\/strong> care sunt pl\u0103tite \u00een acela\u0219i timp. \u00cen ultimele perioade de dou\u0103 luni, intervalele salariale au inclus, printre altele:<\/p>\n\n\n\n<ul>\n<li>Pensia pentru bun\u0103starea persoanelor \u00een v\u00e2rst\u0103.<\/li>\n\n\n\n<li>Pensie pentru persoane cu dizabilit\u0103\u021bi.<\/li>\n\n\n\n<li>Pensie pentru asisten\u021ba social\u0103 a femeilor (pentru femeile cu v\u00e2rsta cuprins\u0103 \u00eentre 60 \u0219i 64 de ani, cu un sprijin de 3.000 de pesos la fiecare dou\u0103 luni).<\/li>\n\n\n\n<li>Sprijin pentru copiii mamelor care lucreaz\u0103.<\/li>\n<\/ul>\n\n\n\n<p>Pensiile pentru v\u00e2rstnici vor fi pl\u0103tite \u00een 2025 cu <strong>6.200 de pesos la fiecare dou\u0103 luni<\/strong>, persoanele cu dizabilit\u0103\u021bi <strong>3.200 de pesos<\/strong>, \u00een timp ce Bun\u0103starea Femeilor ofer\u0103 <strong>3.000 de pesos<\/strong> pe o perioad\u0103 de dou\u0103 luni, iar sprijinul pentru mamele care lucreaz\u0103 variaz\u0103 de la <strong>1.650 de pesos<\/strong> de acum \u00eenainte, dup\u0103 caz.<\/p>\n\n\n\n<p>Toate aceste pl\u0103\u021bi ajung \u00een acelea\u0219i intervale orare de plat\u0103, dar nu neap\u0103rat \u00een aceea\u0219i zi pentru fiecare beneficiar. Prin urmare, c\u00e2nd auzi\u021bi \u201epl\u0103\u021bile pentru asisten\u021b\u0103 social\u0103 au \u00eenceput\u201d, aminti\u021bi-v\u0103 c\u0103 acestea includ mai multe programe \u0219i multe nume de familie distribuite pe parcursul a diferite s\u0103pt\u0103m\u00e2ni.<\/p>\n\n\n\n<h3 class=\"wp-block-heading\">Ce se \u00eent\u00e2mpl\u0103 cu cei care s-au \u00eenscris recent?<\/h3>\n\n\n\n<p>O alt\u0103 \u00eentrebare frecvent\u0103 c\u00e2nd apar <strong>Noi date de plat\u0103 a asisten\u021bei sociale<\/strong> \u00centrebarea este: \u201eM-am \u00eenregistrat \u00een august, voi primi plata \u00een aceast\u0103 perioad\u0103 de facturare?\u201d R\u0103spunsul, aproape \u00eentotdeauna, este c\u0103 utilizatorii nou \u00eenregistra\u021bi trebuie s\u0103 a\u0219tepte p\u00e2n\u0103 c\u00e2nd cardul lor Banco del Bienestar este gata \u0219i activat \u00eenainte de a primi prima depunere.<\/p>\n\n\n\n<p>\u00cen perioadele de dou\u0103 luni ale anului 2025, acela\u0219i mesaj s-a repetat: cei care s-au \u00eenregistrat \u00een cea mai recent\u0103 perioad\u0103 apar \u00een registru, dar <strong>Nu sunt pl\u0103ti\u021bi imediat<\/strong>Mai \u00eent\u00e2i \u00ee\u0219i primesc cardul \u0219i apoi intr\u0103 \u00een urm\u0103torul program de plat\u0103.<\/p>\n\n\n\n<p>Acest lucru a fost foarte vizibil \u00een cazul <strong>Bun\u0103starea femeilor<\/strong>unde noii beneficiari cu v\u00e2rste cuprinse \u00eentre 60 \u0219i 62 de ani care s-au \u00eenregistrat \u00een august au \u00eenceput s\u0103 primeasc\u0103 plata la date specifice anun\u021bate ulterior, distribuite tot \u00een func\u021bie de numele de familie.<\/p>\n\n\n\n<p>Dac\u0103 dumneavoastr\u0103 sau un membru al familiei tocmai v-a\u021bi \u00eenregistrat, cel mai bine este s\u0103 verifica\u021bi:<\/p>\n\n\n\n<ul>\n<li>Dac\u0103 au livrat deja cardul Banco del Bienestar.<\/li>\n\n\n\n<li>Dac\u0103 datele apar corect \u00een module sau pe liniile de asisten\u021b\u0103.<\/li>\n<\/ul>\n\n\n\n<p>Abia dup\u0103 aceea are sens s\u0103 v\u0103 face\u021bi griji cu privire la data exact\u0103 a primei depuneri.<\/p>\n\n\n\n<h3 class=\"wp-block-heading\">Cum s\u0103-\u021bi confirmi \u00eent\u00e2lnirea f\u0103r\u0103 s\u0103 te bazezi pe zvonuri<\/h3>\n\n\n\n<p>Cel\/Cea\/Cei\/Cele <strong>Noi date de plat\u0103 a asisten\u021bei sociale<\/strong> Acestea sunt \u00eentotdeauna publicate mai \u00eent\u00e2i pe canalele oficiale: comunicate de pres\u0103 de la Ministerul Bun\u0103st\u0103rii Sociale, site-uri web guvernamentale \u0219i conturi de socializare verificate. Unele state distribuie informa\u021biile \u0219i pe site-uri web locale, a\u0219a cum a f\u0103cut statul Mexic cu un program de pl\u0103\u021bi \u0219i sume specifice pentru pensionarii s\u0103i.<\/p>\n\n\n\n<p>Cel mai sigur lucru de f\u0103cut este s\u0103 urma\u021bi \u00eentotdeauna ace\u0219ti pa\u0219i:<\/p>\n\n\n\n<ol>\n<li>Consulta\u021bi declara\u021bia oficial\u0103 pentru perioada de dou\u0103 luni (gob.mx\/bienestar sau portalurile de stat).<\/li>\n\n\n\n<li>C\u0103uta\u021bi \u00een tabel dup\u0103 litera numelui de familie pentru programul specific.<\/li>\n\n\n\n<li>Confirma\u021bi, dac\u0103 este necesar, la modulul de asisten\u021b\u0103 social\u0103 sau la linia telefonic\u0103 de asisten\u021b\u0103 a statului.<\/li>\n<\/ol>\n\n\n\n<p>Orice mesaj \u00een lan\u021b pe WhatsApp, videoclip TikTok sau postare pe re\u021belele de socializare care men\u021bioneaz\u0103 modific\u0103ri de date, dar nu se aliniaz\u0103 cu canalele oficiale, ar trebui tratat cu scepticism. \u00cen ultimele luni, au circulat zvonuri despre presupuse pl\u0103\u021bi suplimentare, bonusuri speciale sau depuneri duble, toate acestea fiind negate chiar de Minister.<\/p>\n\n\n\n<p>Stabilitatea ta nu poate depinde de o \u00eenregistrare audio anonim\u0103. De fiecare dat\u0103 c\u00e2nd \u00ee\u021bi schimbi planurile din cauza b\u00e2rfelor, ri\u0219ti s\u0103 cheltui prea devreme sau s\u0103 ratezi pl\u0103\u021bile, crez\u00e2nd c\u0103 banii vor veni m\u00e2ine... c\u00e2nd, \u00een realitate, trebuie pl\u0103ti\u021bi s\u0103pt\u0103m\u00e2na viitoare.<\/p>\n\n\n\n<h3 class=\"wp-block-heading\">Ce trebuie s\u0103 faci dac\u0103 sose\u0219te data \u0219i nu vezi avansul<\/h3>\n\n\n\n<p>Chiar \u0219i cu calendarul \u00een m\u00e2n\u0103, se poate \u00eent\u00e2mpla s\u0103 soseasc\u0103 ziua alocat\u0103 pl\u0103\u021bii, s\u0103 verifica\u021bi soldul \u0219i s\u0103 nu vede\u021bi depozitul. \u00cenainte de a intra \u00een panic\u0103, merit\u0103 s\u0103 v\u0103 aminti\u021bi cum func\u021bioneaz\u0103 dispersiile:<\/p>\n\n\n\n<ul>\n<li>Depunerile se fac pe tot parcursul zilei, nu neap\u0103rat diminea\u021ba devreme.<\/li>\n\n\n\n<li>Banii merg direct la <strong>Card Welfare Bank<\/strong>Nu este nevoie s\u0103 merge\u021bi la ghi\u0219eu \u00een aceea\u0219i zi; fondurile r\u0103m\u00e2n \u00een siguran\u021b\u0103 \u00een cont p\u00e2n\u0103 c\u00e2nd le retrage\u021bi.<\/li>\n<\/ul>\n\n\n\n<p>Dac\u0103 plata dvs. \u00eenc\u0103 nu a ap\u0103rut p\u00e2n\u0103 la sf\u00e2r\u0219itul zilei:<\/p>\n\n\n\n<ol>\n<li>Verific\u0103 de dou\u0103 ori dac\u0103 numele t\u0103u de familie \u0219i programul t\u0103u corespund cu data la care te-ai g\u00e2ndit.<\/li>\n\n\n\n<li>Confirma\u021bi dac\u0103 au existat avertismente privind defec\u021biuni tehnice sau ajust\u0103ri de ultim moment.<\/li>\n\n\n\n<li>Merge\u021bi la modulul de asisten\u021b\u0103 social\u0103 sau suna\u021bi la linia telefonic\u0103 oficial\u0103 av\u00e2nd la \u00eendem\u00e2n\u0103 CURP-ul, cardul \u0219i actul de identitate.<\/li>\n<\/ol>\n\n\n\n<p>Important este s\u0103 nu-\u021bi \u00eemprumu\u021bi cardul sau codul PIN nim\u0103nui care se ofer\u0103 s\u0103-\u021bi \u201everifice\u201d contul \u0219i nici s\u0103 pl\u0103te\u0219ti presupu\u0219i agen\u021bi care promit s\u0103-\u021bi elibereze depozitul mai rapid. Nimeni \u00een afara Departamentului de Asisten\u021b\u0103 Social\u0103 \u0219i a B\u0103ncii nu are aceast\u0103 autoritate.<\/p>\n\n\n<div class=\"wp-block-image\">\n<figure class=\"aligncenter size-full\"><img fetchpriority=\"high\" decoding=\"async\" width=\"550\" height=\"350\" src=\"https:\/\/rosstylepro.com\/wp-content\/uploads\/sites\/137\/2025\/12\/Design-sem-nome.png\" alt=\"Nuevas fechas de pago Bienestar\" class=\"wp-image-3590\" srcset=\"https:\/\/rosstylepro.com\/wp-content\/uploads\/sites\/137\/2025\/12\/Design-sem-nome.png 550w, https:\/\/rosstylepro.com\/wp-content\/uploads\/sites\/137\/2025\/12\/Design-sem-nome-300x191.png 300w, https:\/\/rosstylepro.com\/wp-content\/uploads\/sites\/137\/2025\/12\/Design-sem-nome-18x12.png 18w\" sizes=\"(max-width: 550px) 100vw, 550px\" \/><figcaption class=\"wp-element-caption\">Noi date de plat\u0103 Welfare<\/figcaption><\/figure><\/div>\n\n\n<h3 class=\"wp-block-heading\">Folose\u0219te noile date de plat\u0103 pentru a-\u021bi planifica mai bine luna<\/h3>\n\n\n\n<p>\u0218tiind c\u0103 plata bilunar\u0103 va fi efectuat\u0103, de exemplu, din <strong>3-27 noiembrie<\/strong> sau al\/ale <strong>1-25 septembrie<\/strong> Nu este doar un fapt amuzant; este un instrument pentru organizarea cheltuielilor. Dac\u0103 \u0219tii c\u0103 numele t\u0103u de familie tinde s\u0103 se afle spre \u00eenceputul intervalului, po\u021bi programa pl\u0103\u021bile mai mari \u00een jurul acelor date. Dac\u0103 numele t\u0103u de familie se apropie de sf\u00e2r\u0219itul intervalului, ar trebui s\u0103 fii \u0219i mai atent cu cheltuielile tale \u00een s\u0103pt\u0103m\u00e2nile premerg\u0103toare acestuia.<\/p>\n\n\n\n<p>O modalitate simpl\u0103 de a ob\u021bine controlul este s\u0103 nota\u021bi, la fiecare dou\u0103 luni, data exact\u0103 la care depozitul dvs. a fost efectiv creditat. Dup\u0103 c\u00e2teva cicluri, ve\u021bi avea propria eviden\u021b\u0103 personal\u0103 a <strong>Datele de plat\u0103 a asisten\u021bei sociale<\/strong>Asta \u00ee\u021bi va permite s\u0103:<\/p>\n\n\n\n<ul>\n<li>Pentru a \u0219ti dac\u0103 o \u201e\u00eent\u00e2rziere\u201d se \u00eencadreaz\u0103 sau nu \u00een intervalul normal.<\/li>\n\n\n\n<li>Negociaz\u0103 cu mai mult\u0103 \u00eencredere cu cei care \u00ee\u021bi percep chirie, servicii sau datorii mici.<\/li>\n\n\n\n<li>A decide mai bine c\u00e2nd s\u0103 faci achizi\u021bii mari sau program\u0103ri medicale.<\/li>\n<\/ul>\n\n\n\n<p>Noile date de plat\u0103 Bienestar vor continua s\u0103 se schimbe \u00een fiecare an, adapt\u00e2ndu-se la alegeri, s\u0103rb\u0103tori \u0219i detalii opera\u021bionale. Ceea ce nu ar trebui s\u0103 se schimbe este modul \u00een care le aborda\u021bi: cu informa\u021bii oficiale, datele dumneavoastr\u0103 \u00een ordine \u0219i un plan de baz\u0103, astfel \u00eenc\u00e2t fiecare depunere s\u0103 nu fie doar o pauz\u0103 de moment, ci parte a unei vie\u021bi pu\u021bin mai organizate.<\/p>","protected":false},"excerpt":{"rendered":"<p>Atunci c\u00e2nd v\u0103 baza\u021bi pe pensia de ajutor social sau pe programele sociale pentru a completa c\u0103mara, pentru a pl\u0103ti medicamentele sau pentru a sus\u021bine familia, noile date de plat\u0103 a ajutorului social nu sunt doar un alt anun\u021b guvernamental: sunt ziua \u00een care luna dumneavoastr\u0103 \u00eencepe sau se pr\u0103bu\u0219e\u0219te. O mic\u0103 schimbare \u00een calendar [...]<\/p>","protected":false},"author":128,"featured_media":3590,"comment_status":"closed","ping_status":"open","sticky":false,"template":"","format":"standard","meta":{"footnotes":""},"categories":[4],"tags":[55,1274,1275],"yoast_head":"<!-- This site is optimized with the Yoast SEO plugin v23.3 - https:\/\/yoast.com\/wordpress\/plugins\/seo\/ -->\n<title>Nuevas fechas de pago Bienestar<\/title>\n<meta name=\"description\" content=\"Nuevas fechas de pago Bienestar: lo que cambia y c\u00f3mo organizarte, Cuando dependes de la Pensi\u00f3n para el Bienestar o de los programas socia...\" \/>\n<meta name=\"robots\" content=\"index, follow, max-snippet:-1, max-image-preview:large, max-video-preview:-1\" \/>\n<link rel=\"canonical\" href=\"https:\/\/rosstylepro.com\/ro\/3589\/nuevas-fechas-de-pago-bienestar-2\/\" \/>\n<meta property=\"og:locale\" content=\"ro_RO\" \/>\n<meta property=\"og:type\" content=\"article\" \/>\n<meta property=\"og:title\" content=\"Nuevas fechas de pago Bienestar\" \/>\n<meta property=\"og:description\" content=\"Nuevas fechas de pago Bienestar: lo que cambia y c\u00f3mo organizarte, Cuando dependes de la Pensi\u00f3n para el Bienestar o de los programas socia...\" \/>\n<meta property=\"og:url\" content=\"https:\/\/rosstylepro.com\/ro\/3589\/nuevas-fechas-de-pago-bienestar-2\/\" \/>\n<meta property=\"og:site_name\" content=\"RosstylePRO\" \/>\n<meta property=\"article:published_time\" content=\"2025-12-03T18:34:54+00:00\" \/>\n<meta property=\"article:modified_time\" content=\"2025-12-03T18:35:24+00:00\" \/>\n<meta property=\"og:image\" content=\"https:\/\/rosstylepro.com\/wp-content\/uploads\/sites\/137\/2025\/12\/Design-sem-nome.png\" \/>\n\t<meta property=\"og:image:width\" content=\"550\" \/>\n\t<meta property=\"og:image:height\" content=\"350\" \/>\n\t<meta property=\"og:image:type\" content=\"image\/png\" \/>\n<meta name=\"author\" content=\"wildron\" \/>\n<meta name=\"twitter:card\" content=\"summary_large_image\" \/>\n<meta name=\"twitter:label1\" content=\"Written by\" \/>\n\t<meta name=\"twitter:data1\" content=\"wildron\" \/>\n\t<meta name=\"twitter:label2\" content=\"Est. reading time\" \/>\n\t<meta name=\"twitter:data2\" content=\"10 minute\" \/>\n<script type=\"application\/ld+json\" class=\"yoast-schema-graph\">{\"@context\":\"https:\/\/schema.org\",\"@graph\":[{\"@type\":\"WebPage\",\"@id\":\"https:\/\/rosstylepro.com\/3589\/nuevas-fechas-de-pago-bienestar-2\/\",\"url\":\"https:\/\/rosstylepro.com\/3589\/nuevas-fechas-de-pago-bienestar-2\/\",\"name\":\"Nuevas fechas de pago Bienestar\",\"isPartOf\":{\"@id\":\"https:\/\/rosstylepro.com\/en\/#website\"},\"primaryImageOfPage\":{\"@id\":\"https:\/\/rosstylepro.com\/3589\/nuevas-fechas-de-pago-bienestar-2\/#primaryimage\"},\"image\":{\"@id\":\"https:\/\/rosstylepro.com\/3589\/nuevas-fechas-de-pago-bienestar-2\/#primaryimage\"},\"thumbnailUrl\":\"https:\/\/rosstylepro.com\/wp-content\/uploads\/sites\/137\/2025\/12\/Design-sem-nome.png\",\"datePublished\":\"2025-12-03T18:34:54+00:00\",\"dateModified\":\"2025-12-03T18:35:24+00:00\",\"author\":{\"@id\":\"https:\/\/rosstylepro.com\/en\/#\/schema\/person\/76055186668d83cd745fe9d37a5eec26\"},\"description\":\"Nuevas fechas de pago Bienestar: lo que cambia y c\u00f3mo organizarte, Cuando dependes de la Pensi\u00f3n para el Bienestar o de los programas socia...\",\"breadcrumb\":{\"@id\":\"https:\/\/rosstylepro.com\/3589\/nuevas-fechas-de-pago-bienestar-2\/#breadcrumb\"},\"inLanguage\":\"ro-RO\",\"potentialAction\":[{\"@type\":\"ReadAction\",\"target\":[\"https:\/\/rosstylepro.com\/3589\/nuevas-fechas-de-pago-bienestar-2\/\"]}]},{\"@type\":\"ImageObject\",\"inLanguage\":\"ro-RO\",\"@id\":\"https:\/\/rosstylepro.com\/3589\/nuevas-fechas-de-pago-bienestar-2\/#primaryimage\",\"url\":\"https:\/\/rosstylepro.com\/wp-content\/uploads\/sites\/137\/2025\/12\/Design-sem-nome.png\",\"contentUrl\":\"https:\/\/rosstylepro.com\/wp-content\/uploads\/sites\/137\/2025\/12\/Design-sem-nome.png\",\"width\":550,\"height\":350},{\"@type\":\"BreadcrumbList\",\"@id\":\"https:\/\/rosstylepro.com\/3589\/nuevas-fechas-de-pago-bienestar-2\/#breadcrumb\",\"itemListElement\":[{\"@type\":\"ListItem\",\"position\":1,\"name\":\"Home\",\"item\":\"https:\/\/rosstylepro.com\/\"},{\"@type\":\"ListItem\",\"position\":2,\"name\":\"Nuevas fechas de pago Bienestar\"}]},{\"@type\":\"WebSite\",\"@id\":\"https:\/\/rosstylepro.com\/en\/#website\",\"url\":\"https:\/\/rosstylepro.com\/en\/\",\"name\":\"RosstylePRO\",\"description\":\"\",\"potentialAction\":[{\"@type\":\"SearchAction\",\"target\":{\"@type\":\"EntryPoint\",\"urlTemplate\":\"https:\/\/rosstylepro.com\/en\/?s={search_term_string}\"},\"query-input\":\"required name=search_term_string\"}],\"inLanguage\":\"ro-RO\"},{\"@type\":\"Person\",\"@id\":\"https:\/\/rosstylepro.com\/en\/#\/schema\/person\/76055186668d83cd745fe9d37a5eec26\",\"name\":\"wildron\",\"image\":{\"@type\":\"ImageObject\",\"inLanguage\":\"ro-RO\",\"@id\":\"https:\/\/rosstylepro.com\/en\/#\/schema\/person\/image\/\",\"url\":\"https:\/\/secure.gravatar.com\/avatar\/c76514f6e618a9155e4cb169c8cb86d3?s=96&d=mm&r=g\",\"contentUrl\":\"https:\/\/secure.gravatar.com\/avatar\/c76514f6e618a9155e4cb169c8cb86d3?s=96&d=mm&r=g\",\"caption\":\"wildron\"},\"url\":\"https:\/\/rosstylepro.com\/ro\/author\/wildron\/\"}]}<\/script>\n<!-- \/ Yoast SEO plugin. -->","yoast_head_json":{"title":"Nuevas fechas de pago Bienestar","description":"Nuevas fechas de pago Bienestar: lo que cambia y c\u00f3mo organizarte, Cuando dependes de la Pensi\u00f3n para el Bienestar o de los programas socia...","robots":{"index":"index","follow":"follow","max-snippet":"max-snippet:-1","max-image-preview":"max-image-preview:large","max-video-preview":"max-video-preview:-1"},"canonical":"https:\/\/rosstylepro.com\/ro\/3589\/nuevas-fechas-de-pago-bienestar-2\/","og_locale":"ro_RO","og_type":"article","og_title":"Nuevas fechas de pago Bienestar","og_description":"Nuevas fechas de pago Bienestar: lo que cambia y c\u00f3mo organizarte, Cuando dependes de la Pensi\u00f3n para el Bienestar o de los programas socia...","og_url":"https:\/\/rosstylepro.com\/ro\/3589\/nuevas-fechas-de-pago-bienestar-2\/","og_site_name":"RosstylePRO","article_published_time":"2025-12-03T18:34:54+00:00","article_modified_time":"2025-12-03T18:35:24+00:00","og_image":[{"width":550,"height":350,"url":"https:\/\/rosstylepro.com\/wp-content\/uploads\/sites\/137\/2025\/12\/Design-sem-nome.png","type":"image\/png"}],"author":"wildron","twitter_card":"summary_large_image","twitter_misc":{"Written by":"wildron","Est. reading time":"10 minute"},"schema":{"@context":"https:\/\/schema.org","@graph":[{"@type":"WebPage","@id":"https:\/\/rosstylepro.com\/3589\/nuevas-fechas-de-pago-bienestar-2\/","url":"https:\/\/rosstylepro.com\/3589\/nuevas-fechas-de-pago-bienestar-2\/","name":"Nuevas fechas de pago Bienestar","isPartOf":{"@id":"https:\/\/rosstylepro.com\/en\/#website"},"primaryImageOfPage":{"@id":"https:\/\/rosstylepro.com\/3589\/nuevas-fechas-de-pago-bienestar-2\/#primaryimage"},"image":{"@id":"https:\/\/rosstylepro.com\/3589\/nuevas-fechas-de-pago-bienestar-2\/#primaryimage"},"thumbnailUrl":"https:\/\/rosstylepro.com\/wp-content\/uploads\/sites\/137\/2025\/12\/Design-sem-nome.png","datePublished":"2025-12-03T18:34:54+00:00","dateModified":"2025-12-03T18:35:24+00:00","author":{"@id":"https:\/\/rosstylepro.com\/en\/#\/schema\/person\/76055186668d83cd745fe9d37a5eec26"},"description":"Nuevas fechas de pago Bienestar: lo que cambia y c\u00f3mo organizarte, Cuando dependes de la Pensi\u00f3n para el Bienestar o de los programas socia...","breadcrumb":{"@id":"https:\/\/rosstylepro.com\/3589\/nuevas-fechas-de-pago-bienestar-2\/#breadcrumb"},"inLanguage":"ro-RO","potentialAction":[{"@type":"ReadAction","target":["https:\/\/rosstylepro.com\/3589\/nuevas-fechas-de-pago-bienestar-2\/"]}]},{"@type":"ImageObject","inLanguage":"ro-RO","@id":"https:\/\/rosstylepro.com\/3589\/nuevas-fechas-de-pago-bienestar-2\/#primaryimage","url":"https:\/\/rosstylepro.com\/wp-content\/uploads\/sites\/137\/2025\/12\/Design-sem-nome.png","contentUrl":"https:\/\/rosstylepro.com\/wp-content\/uploads\/sites\/137\/2025\/12\/Design-sem-nome.png","width":550,"height":350},{"@type":"BreadcrumbList","@id":"https:\/\/rosstylepro.com\/3589\/nuevas-fechas-de-pago-bienestar-2\/#breadcrumb","itemListElement":[{"@type":"ListItem","position":1,"name":"Home","item":"https:\/\/rosstylepro.com\/"},{"@type":"ListItem","position":2,"name":"Nuevas fechas de pago Bienestar"}]},{"@type":"WebSite","@id":"https:\/\/rosstylepro.com\/en\/#website","url":"https:\/\/rosstylepro.com\/en\/","name":"RosstylePRO","description":"","potentialAction":[{"@type":"SearchAction","target":{"@type":"EntryPoint","urlTemplate":"https:\/\/rosstylepro.com\/en\/?s={search_term_string}"},"query-input":"required name=search_term_string"}],"inLanguage":"ro-RO"},{"@type":"Person","@id":"https:\/\/rosstylepro.com\/en\/#\/schema\/person\/76055186668d83cd745fe9d37a5eec26","name":"wildron","image":{"@type":"ImageObject","inLanguage":"ro-RO","@id":"https:\/\/rosstylepro.com\/en\/#\/schema\/person\/image\/","url":"https:\/\/secure.gravatar.com\/avatar\/c76514f6e618a9155e4cb169c8cb86d3?s=96&d=mm&r=g","contentUrl":"https:\/\/secure.gravatar.com\/avatar\/c76514f6e618a9155e4cb169c8cb86d3?s=96&d=mm&r=g","caption":"wildron"},"url":"https:\/\/rosstylepro.com\/ro\/author\/wildron\/"}]}},"_links":{"self":[{"href":"https:\/\/rosstylepro.com\/ro\/wp-json\/wp\/v2\/posts\/3589"}],"collection":[{"href":"https:\/\/rosstylepro.com\/ro\/wp-json\/wp\/v2\/posts"}],"about":[{"href":"https:\/\/rosstylepro.com\/ro\/wp-json\/wp\/v2\/types\/post"}],"author":[{"embeddable":true,"href":"https:\/\/rosstylepro.com\/ro\/wp-json\/wp\/v2\/users\/128"}],"replies":[{"embeddable":true,"href":"https:\/\/rosstylepro.com\/ro\/wp-json\/wp\/v2\/comments?post=3589"}],"version-history":[{"count":1,"href":"https:\/\/rosstylepro.com\/ro\/wp-json\/wp\/v2\/posts\/3589\/revisions"}],"predecessor-version":[{"id":3591,"href":"https:\/\/rosstylepro.com\/ro\/wp-json\/wp\/v2\/posts\/3589\/revisions\/3591"}],"wp:featuredmedia":[{"embeddable":true,"href":"https:\/\/rosstylepro.com\/ro\/wp-json\/wp\/v2\/media\/3590"}],"wp:attachment":[{"href":"https:\/\/rosstylepro.com\/ro\/wp-json\/wp\/v2\/media?parent=3589"}],"wp:term":[{"taxonomy":"category","embeddable":true,"href":"https:\/\/rosstylepro.com\/ro\/wp-json\/wp\/v2\/categories?post=3589"},{"taxonomy":"post_tag","embeddable":true,"href":"https:\/\/rosstylepro.com\/ro\/wp-json\/wp\/v2\/tags?post=3589"}],"curies":[{"name":"wp","href":"https:\/\/api.w.org\/{rel}","templated":true}]}}